{"id":17571,"date":"2023-11-10T13:40:44","date_gmt":"2023-11-10T10:40:44","guid":{"rendered":"https:\/\/akdenizhaber.com.tr\/?p=17571"},"modified":"2023-11-10T13:40:46","modified_gmt":"2023-11-10T10:40:46","slug":"mehmet-ali-gurses-gundogmus-belediye-baskan-adayi-oldu","status":"publish","type":"post","link":"https:\/\/akdenizhaber.com.tr\/index.php\/2023\/11\/10\/mehmet-ali-gurses-gundogmus-belediye-baskan-adayi-oldu\/","title":{"rendered":"Mehmet Ali G\u00fcrses G\u00fcndo\u011fmu\u015f Belediye Ba\u015fkan Aday\u0131 oldu"},"content":{"rendered":"\n<p><\/p>\n\n\n\n<p>\u0130Y\u0130 Parti Genel Ba\u015fkan\u0131 Meral Ak\u015fener&#8217;in Mehmet Ali G\u00fcrses&#8217;i aday ilan etmesi G\u00fcndo\u011fmu\u015f&#8217;ta sevin\u00e7le kar\u015f\u0131lan\u0131rken, G\u00fcrses ise parti b\u00fcy\u00fcklerine adayl\u0131k s\u00fcrecinde g\u00f6sterdikleri yak\u0131n ilgi ve alakadan \u00f6t\u00fcr\u00fc te\u015fekk\u00fcr etti.<\/p>\n\n\n\n<p>Alanya Posta Medya ortaklar\u0131ndan Mehmet Ali G\u00fcrses, memleketi G\u00fcndo\u011fmu\u015f&#8217;a hizmet etmek i\u00e7in siyasete soyundu. G\u00fcndo\u011fmu\u015f&#8217;ta halk\u0131n sevip, sayd\u0131\u011f\u0131 isimlerden birisi olan G\u00fcrses, \u0130Y\u0130 Parti Genel Ba\u015fkan\u0131 Meral Ak\u015fener&#8217;in partisinin grup toplant\u0131s\u0131nda elini kald\u0131r\u0131p, &#8216;G\u00fcndo\u011fmu\u015f Belediye Ba\u015fkan Aday\u0131m\u0131z Mehmet Ali G\u00fcrses&#8217; y\u00f6n\u00fcndeki s\u00f6zleriyle adayl\u0131\u011f\u0131 kesinle\u015fti.<\/p>\n\n\n\n<p>Ak\u015fener&#8217;in G\u00fcrses&#8217;in adayl\u0131\u011f\u0131n\u0131 ilan etmesi sadece G\u00fcndo\u011fmu\u015f&#8217;ta de\u011fil, Alanya ve b\u00f6lge siyaseti ve se\u00e7menlerini de hem sevindirdi, hem de heyecanland\u0131rd\u0131. G\u00fcrses, Ak\u015fener&#8217;e, &#8216;Her\u015fey \u0130Y\u0130 olacak&#8217; s\u00f6z\u00fc verirken, G\u00fcrses ise yerel se\u00e7im i\u00e7in haz\u0131rl\u0131klara ba\u015flad\u0131.<\/p>\n\n\n\n<p>Kendisini G\u00fcndo\u011fmu\u015f Belediye Ba\u015fkan Aday\u0131 ilan eden \u0130Y\u0130 Parti Genel Ba\u015fkan\u0131 Meral Ak\u015fener&#8217;e te\u015fekk\u00fcr eden G\u00fcrses, &#8220;Bana g\u00fcvenen, inanan ve sorumluluk y\u00fckleyen Genel Ba\u015fkan\u0131m\u0131z Say\u0131n Meral Ak\u015fener&#8217;e ne kadar te\u015fekk\u00fcr etsem azd\u0131r. Adayl\u0131k s\u00fcrecinde destek ve g\u00fcvenden dolay\u0131 Te\u015fkilat Ba\u015fkan\u0131m\u0131z M. Satuk Bu\u011fra Kavuncu&#8217;ya, Yerel Y\u00f6netimler Ba\u015fkan\u0131m\u0131z Burak Akburak&#8217;a, Medya \u0130li\u015fkileri Ba\u015fkan\u0131m\u0131z ve Parti S\u00f6zc\u00fcm\u00fcz K\u00fcr\u015fat Zorlu&#8217;ya, Meclis Grup Ba\u015fkan\u0131m\u0131z Koray Ayd\u0131n&#8217;a, Antalya Milletvekillerimiz U\u011fur Poyraz ve Aykut Kaya&#8217;ya, \u0130l Ba\u015fkan\u0131m\u0131z Vahdet Af\u015fin Karacan&#8217;a, G\u00fcndo\u011fmu\u015f \u0130l\u00e7e Ba\u015fkan\u0131m\u0131z Emir Ali \u00c7atalkaya&#8217;ya te\u015fekk\u00fcr ediyorum. Bu s\u00fcre\u00e7te yan\u0131mda olan aileme, ismini sayamad\u0131\u011f\u0131m k\u0131ymetli dostlar\u0131ma ve hem\u015fehrilerime desteklerinden \u00f6t\u00fcr\u00fc te\u015fekk\u00fcr ederim. G\u00fcndo\u011fmu\u015f \u0130Y\u0130 olacak. 1 Nisan&#8217;da G\u00fcndo\u011fmu\u015f, \u0130Y\u0130 hizmetlere kavu\u015facak&#8221; dedi.<\/p>\n\n\n\n<p>(Haber Merkezi)<\/p>\n","protected":false},"excerpt":{"rendered":"<p>\u0130Y\u0130 Parti Genel Ba\u015fkan\u0131 Meral Ak\u015fener&#8217;in Mehmet Ali G\u00fcrses&#8217;i aday ilan etmesi G\u00fcndo\u011fmu\u015f&#8217;ta sevin\u00e7le kar\u015f\u0131lan\u0131rken, G\u00fcrses ise parti b\u00fcy\u00fcklerine adayl\u0131k s\u00fcrecinde g\u00f6sterdikleri yak\u0131n ilgi ve <a href=\"https:\/\/akdenizhaber.com.tr\/index.php\/2023\/11\/10\/mehmet-ali-gurses-gundogmus-belediye-baskan-adayi-oldu\/\" class=\"read-more-link\">[more&#8230;]<\/a><\/p>\n","protected":false},"author":2,"featured_media":17572,"comment_status":"open","ping_status":"open","sticky":false,"template":"","format":"standard","meta":{"footnotes":""},"categories":[2],"tags":[],"class_list":["post-17571","post","type-post","status-publish","format-standard","has-post-thumbnail","hentry","category-gundem"],"_links":{"self":[{"href":"https:\/\/akdenizhaber.com.tr\/index.php\/wp-json\/wp\/v2\/posts\/17571","targetHints":{"allow":["GET"]}}],"collection":[{"href":"https:\/\/akdenizhaber.com.tr\/index.php\/wp-json\/wp\/v2\/posts"}],"about":[{"href":"https:\/\/akdenizhaber.com.tr\/index.php\/wp-json\/wp\/v2\/types\/post"}],"author":[{"embeddable":true,"href":"https:\/\/akdenizhaber.com.tr\/index.php\/wp-json\/wp\/v2\/users\/2"}],"replies":[{"embeddable":true,"href":"https:\/\/akdenizhaber.com.tr\/index.php\/wp-json\/wp\/v2\/comments?post=17571"}],"version-history":[{"count":0,"href":"https:\/\/akdenizhaber.com.tr\/index.php\/wp-json\/wp\/v2\/posts\/17571\/revisions"}],"wp:featuredmedia":[{"embeddable":true,"href":"https:\/\/akdenizhaber.com.tr\/index.php\/wp-json\/wp\/v2\/media\/17572"}],"wp:attachment":[{"href":"https:\/\/akdenizhaber.com.tr\/index.php\/wp-json\/wp\/v2\/media?parent=17571"}],"wp:term":[{"taxonomy":"category","embeddable":true,"href":"https:\/\/akdenizhaber.com.tr\/index.php\/wp-json\/wp\/v2\/categories?post=17571"},{"taxonomy":"post_tag","embeddable":true,"href":"https:\/\/akdenizhaber.com.tr\/index.php\/wp-json\/wp\/v2\/tags?post=17571"}],"curies":[{"name":"wp","href":"https:\/\/api.w.org\/{rel}","templated":true}]}}