{"id":17539,"date":"2023-11-09T11:35:57","date_gmt":"2023-11-09T08:35:57","guid":{"rendered":"https:\/\/akdenizhaber.com.tr\/?p=17539"},"modified":"2023-11-09T11:35:57","modified_gmt":"2023-11-09T08:35:57","slug":"memleket-partisi-ilce-baskani-ali-sazan-10-kasim-ataturku-anma-degil-yasatma-gunudur","status":"publish","type":"post","link":"https:\/\/akdenizhaber.com.tr\/index.php\/2023\/11\/09\/memleket-partisi-ilce-baskani-ali-sazan-10-kasim-ataturku-anma-degil-yasatma-gunudur\/","title":{"rendered":"Memleket Partisi \u0130l\u00e7e Ba\u015fkan\u0131 Ali Sazan;                                  \u201c10 Kas\u0131m Atat\u00fcrk\u2019\u00fc anma de\u011fil, Ya\u015fatma G\u00fcn\u00fcd\u00fcr\u201d"},"content":{"rendered":"\n<p><\/p>\n\n\n\n<p>Memleket Partisi \u0130l\u00e7e Ba\u015fkan\u0131 Ali Sazan,10 Kas\u0131mlar\u0131n yas g\u00fcn\u00fc de\u011fil, Atat\u00fcrk\u2019\u00fc ya\u015fatma g\u00fcn\u00fc oldu\u011funa dikkat \u00e7ekerek ulu \u00f6nder Mustafa Kemal Atat\u00fcrk\u2019\u00fc bug\u00fcn, rahmet, sevgi ve \u00f6zlemle bir kez daha an\u0131ld\u0131\u011f\u0131n\u0131 ifade etti.<\/p>\n\n\n\n<p>Memleket Partisi \u0130l\u00e7e Ba\u015fkan\u0131 Ali Sazan \u201c85 y\u0131ld\u0131r T\u00fcrk milletini bir araya getiren 10 Kas\u0131m, matem tutma g\u00fcn\u00fc de\u011fil, aksine B\u00fcy\u00fck \u00d6nder Mustafa Kemal Atat\u00fcrk\u2019\u00fc anlamak, fikirlerini ve hedeflerini gen\u00e7 nesillere anlatmak i\u00e7in \u00f6nemli bir g\u00fcnd\u00fcr\u201d dedi.<\/p>\n\n\n\n<p>Vatan\u0131 kurtarmak i\u00e7in, ya\u015fanan t\u00fcm zor \u015fartlara ve s\u0131n\u0131rl\u0131 imk\u00e2nlara ra\u011fmen inanc\u0131n\u0131 ve umudunu asla kaybetmeyen Gazi Mustafa Kemal Atat\u00fcrk\u2019\u00fcn, Anadolu topraklar\u0131nda yakt\u0131\u011f\u0131 ba\u011f\u0131ms\u0131zl\u0131k me\u015falesi ile T\u00fcrkiye Cumhuriyeti\u2019nin kurulu\u015funa \u00f6nderlik etti\u011fini hat\u0131rlatan Memleket Partisi \u0130l\u00e7e ba\u015fkan\u0131 Ali Sazan Atat\u00fcrk\u2019\u00fcn, T\u00fcrkiye\u2019nin \u00e7a\u011fda\u015fla\u015fmas\u0131 ve modernle\u015fmesinde b\u00fcy\u00fck bir rol oynad\u0131\u011f\u0131n\u0131 kaydetti.<\/p>\n\n\n\n<p>Ali Sazan a\u00e7\u0131klamas\u0131nda \u201c10 Kas\u0131m\u2019lar, sadece yas g\u00fcn\u00fc de\u011fil, Atat\u00fcrk\u2019\u00fcn a\u00e7t\u0131\u011f\u0131 yolda, g\u00f6sterdi\u011fi hedefte ilerlememizi hat\u0131rlatan g\u00fcnler olmal\u0131d\u0131r. Atat\u00fcrk\u2019\u00fcn bize emanet etti\u011fi bu cennet vatan\u0131n ve Cumhuriyetin, ilelebet var olmas\u0131 i\u00e7in g\u00f6sterece\u011fimiz \u00e7aba, O\u2019na olan sayg\u0131m\u0131z\u0131n en g\u00fczel ifadesi olacakt\u0131r. T\u00fcrkiye Cumhuriyeti\u2019nin kurucusu, Ulu \u00d6nderimiz Mustafa Kemal Atat\u00fcrk&#8217;\u00fc ve onun komutas\u0131nda bu vatan i\u00e7in canlar\u0131n\u0131 veren t\u00fcm aziz \u015fehitlerimizi rahmetle an\u0131yor gazilerimize \u015f\u00fckranlar\u0131m\u0131 sunuyorum\u201d dedi.<\/p>\n\n\n\n<p>(Haber Merkezi)<\/p>\n","protected":false},"excerpt":{"rendered":"<p>Memleket Partisi \u0130l\u00e7e Ba\u015fkan\u0131 Ali Sazan,10 Kas\u0131mlar\u0131n yas g\u00fcn\u00fc de\u011fil, Atat\u00fcrk\u2019\u00fc ya\u015fatma g\u00fcn\u00fc oldu\u011funa dikkat \u00e7ekerek ulu \u00f6nder Mustafa Kemal Atat\u00fcrk\u2019\u00fc bug\u00fcn, rahmet, sevgi ve <a href=\"https:\/\/akdenizhaber.com.tr\/index.php\/2023\/11\/09\/memleket-partisi-ilce-baskani-ali-sazan-10-kasim-ataturku-anma-degil-yasatma-gunudur\/\" class=\"read-more-link\">[more&#8230;]<\/a><\/p>\n","protected":false},"author":2,"featured_media":17540,"comment_status":"open","ping_status":"open","sticky":false,"template":"","format":"standard","meta":{"footnotes":""},"categories":[2],"tags":[],"class_list":["post-17539","post","type-post","status-publish","format-standard","has-post-thumbnail","hentry","category-gundem"],"_links":{"self":[{"href":"https:\/\/akdenizhaber.com.tr\/index.php\/wp-json\/wp\/v2\/posts\/17539","targetHints":{"allow":["GET"]}}],"collection":[{"href":"https:\/\/akdenizhaber.com.tr\/index.php\/wp-json\/wp\/v2\/posts"}],"about":[{"href":"https:\/\/akdenizhaber.com.tr\/index.php\/wp-json\/wp\/v2\/types\/post"}],"author":[{"embeddable":true,"href":"https:\/\/akdenizhaber.com.tr\/index.php\/wp-json\/wp\/v2\/users\/2"}],"replies":[{"embeddable":true,"href":"https:\/\/akdenizhaber.com.tr\/index.php\/wp-json\/wp\/v2\/comments?post=17539"}],"version-history":[{"count":0,"href":"https:\/\/akdenizhaber.com.tr\/index.php\/wp-json\/wp\/v2\/posts\/17539\/revisions"}],"wp:featuredmedia":[{"embeddable":true,"href":"https:\/\/akdenizhaber.com.tr\/index.php\/wp-json\/wp\/v2\/media\/17540"}],"wp:attachment":[{"href":"https:\/\/akdenizhaber.com.tr\/index.php\/wp-json\/wp\/v2\/media?parent=17539"}],"wp:term":[{"taxonomy":"category","embeddable":true,"href":"https:\/\/akdenizhaber.com.tr\/index.php\/wp-json\/wp\/v2\/categories?post=17539"},{"taxonomy":"post_tag","embeddable":true,"href":"https:\/\/akdenizhaber.com.tr\/index.php\/wp-json\/wp\/v2\/tags?post=17539"}],"curies":[{"name":"wp","href":"https:\/\/api.w.org\/{rel}","templated":true}]}}