{"id":17515,"date":"2023-11-08T12:40:07","date_gmt":"2023-11-08T09:40:07","guid":{"rendered":"https:\/\/akdenizhaber.com.tr\/?p=17515"},"modified":"2023-11-08T12:40:08","modified_gmt":"2023-11-08T09:40:08","slug":"turizmci-esnafi-cayir-para-harcama-potansiyeli-almanlari-bu-sezon-ispanya-ve-yunanistana-kaptirdik","status":"publish","type":"post","link":"https:\/\/akdenizhaber.com.tr\/index.php\/2023\/11\/08\/turizmci-esnafi-cayir-para-harcama-potansiyeli-almanlari-bu-sezon-ispanya-ve-yunanistana-kaptirdik\/","title":{"rendered":"Turizmci esnaf\u0131 \u00c7ay\u0131r; Para harcama potansiyeli\u00a0 Almanlar\u0131 bu sezon \u0130spanya ve Yunanistan&#8217;a kapt\u0131rd\u0131k!"},"content":{"rendered":"\n<p><\/p>\n\n\n\n<p>300 bin yatak kapasitesi ile konaklamada T\u00fcrkiye turizminin en b\u00fcy\u00fck destinasyonu Antalya Manavgat&#8217;ta turistik pazarlarda turizm sezonu sona erdi. Pandemi \u00f6ncesi y\u0131ll\u0131k 16 milyon yabanc\u0131 turist a\u011f\u0131rlayan T\u00fcrkiye turizminin ba\u015fkenti Antalya&#8217;da otellerin y\u00fczde 80&#8217;ni 20 Kas\u0131mda sezonu kapat\u0131yor. Antalya&#8217;ya gelen&nbsp;yabanc\u0131 turist say\u0131s\u0131&nbsp; 15 milyonu ge\u00e7erken bine ula\u015f\u0131rken y\u0131l sonuna&nbsp; 16 milyonu bulmas\u0131 bekleniyor.&nbsp;<\/p>\n\n\n\n<p>Antalya&#8217;ya gelen turist s\u0131ralamas\u0131nda&nbsp; ge\u00e7en senede oldu\u011fu gibi birincili\u011fi Ruslar, ikincili\u011fi Almanlar ve \u00fc\u00e7\u00fcnc\u00fc \u0130ngilizler oldu.&nbsp; D\u00f6rd\u00fcnc\u00fc s\u0131rada dikkat \u00e7eken \u00fclke ise 1 milyonu a\u015farak Polonyal\u0131lar oldu.&nbsp;<\/p>\n\n\n\n<p>&nbsp; &nbsp;PARA HARCAMA POTANS\u0130YEL\u0130&nbsp;Y\u00dcKSEK ALMANLAR BU SEZON YUNAN\u0130STAN VE \u0130SPANYA G\u0130TT\u0130!<\/p>\n\n\n\n<p>Antalya&#8217;n\u0131n Manavgat il\u00e7esi Kapal\u0131\u00e7ar\u015f\u0131&#8217;da 35 y\u0131ld\u0131r&nbsp; Turizm Sekt\u00f6r\u00fcnde hizmet veren Manavgat Turizmci Esnaf Birli\u011fi Platformu Ba\u015fkan\u0131 Mehmet \u00c7ay\u0131r, Manavgat&#8217;ta turizmci esnaf\u0131 i\u00e7in 2023 turizm sezonu sona erdi\u011fini s\u00f6yledi.&nbsp;<\/p>\n\n\n\n<p>Manavgat ba\u015fta olmak \u00fczere Antalya&#8217;da otellerin y\u00fczde 80 ile 90&#8217;n\u0131 20 Kas\u0131m\u00a0itibari ile sezonu kapat\u0131yor. Sezon sona erdi diyoruz Manavgat&#8217;ta kurulan Uluslararas\u0131 Pazartesi Pazar\u0131nda turist\u00a0yoklu\u011fundan pazar bombo\u015ftu. t esnaf hayal k\u0131r\u0131kl\u0131\u011f\u0131 ya\u015fad\u0131. Bu sezon bekledi\u011fimiz Alman turistler yeteri kadar gelmedi. Para harcama potansiyeli Alman bu sene \u0130spanya, Yunanistan ve kendi \u00fclkeleri\u00a0i\u00e7in tatil\u00a0yapt\u0131. Manavgat turizminin can ve \u015fah damar\u0131n\u0131 Alman turistler olu\u015fturuyor. Manavgat&#8217;ta Alman turistleri \u00e7\u0131karsan\u0131z esnaf\u00a0iflas bayra\u011f\u0131n\u0131 \u00e7eker. Manavgat&#8217;\u0131n 40 y\u0131ll\u0131k Alman turist misafir etme gelene\u011fi var. Birde Almanlar \u00e7ok s\u0131cak kanl\u0131 ve vefakar millet. 20 y\u0131ld\u0131r gelen Alman turist misafirlerim var. Manavgat&#8217;a geldiklerinde mutlaka d\u00fckkana u\u011frarlar. Fakat T\u00fcrk Liras\u0131n\u0131n ABD\u00a0 Dolar\u0131,\u00a0 \u0130ngiliz\u00a0 Sterlini Pound\u00a0 ve Avrupa Birli\u011fi(AB) para birimi .Euro kar\u015f\u0131s\u0131nda son bir y\u0131ld\u0131r y\u00fcksek randa de\u011fer kayb\u0131n\u0131n turizm sekt\u00f6r\u00fcnde esnaf olmay\u0131 \u00e7ok zor hale getirdi. Param\u0131z\u0131n y\u00fcksek\u00a0de\u011fer kayb\u0131\u00a0 ve y\u00fcksek\u00a0enflasyon\u00a0birle\u015fince\u00a0 her alan girdi maliyetleri \u00e7ok artt\u0131. \u00d6rne\u011fin tekstil \u00fcr\u00fcnlerinde misafire bir ay \u00f6nce verdi\u011fi fiyat\u0131 bir ay sonra ayn\u0131 fiyat\u0131 veremiyorsun. Bu konuda en fazla turistik\u00a0restoran i\u015fletmecileri ma\u011fdur. Misafire \u0131zgara \u00e7e\u015fitlerinde 10 g\u00fcn \u00f6nce verdi\u011fi fiyat\u0131 k\u0131rm\u0131z\u0131 etten s\u00fcrekli art\u0131\u015f olmas\u0131 nedeni ile fiyatlar\u0131n\u0131 s\u00fcrekli\u00a0\u00a0de\u011fi\u015ftirmek\u00a0zorunda kal\u0131yorlar.\u00a0 &#8221; diye konu\u015ftu.\u00a0 \u00a0 \u00a0<\/p>\n\n\n\n<p>Katrin isimli Alman bayan turist ise Manavgat&#8217;\u0131 \u00e7ok sevdi\u011fi i\u00e7in tam 20 y\u0131ld\u0131r Manavgat&#8217;a Tatile&nbsp;geldi\u011fini s\u00f6yledi.&nbsp;&nbsp;<\/p>\n\n\n\n<p>Haber\/Abdurrahman&nbsp; B\u00fcy\u00fckkeskin<\/p>\n","protected":false},"excerpt":{"rendered":"<p>300 bin yatak kapasitesi ile konaklamada T\u00fcrkiye turizminin en b\u00fcy\u00fck destinasyonu Antalya Manavgat&#8217;ta turistik pazarlarda turizm sezonu sona erdi. Pandemi \u00f6ncesi y\u0131ll\u0131k 16 milyon yabanc\u0131 <a href=\"https:\/\/akdenizhaber.com.tr\/index.php\/2023\/11\/08\/turizmci-esnafi-cayir-para-harcama-potansiyeli-almanlari-bu-sezon-ispanya-ve-yunanistana-kaptirdik\/\" class=\"read-more-link\">[more&#8230;]<\/a><\/p>\n","protected":false},"author":2,"featured_media":17516,"comment_status":"open","ping_status":"open","sticky":false,"template":"","format":"standard","meta":{"footnotes":""},"categories":[2],"tags":[],"class_list":["post-17515","post","type-post","status-publish","format-standard","has-post-thumbnail","hentry","category-gundem"],"_links":{"self":[{"href":"https:\/\/akdenizhaber.com.tr\/index.php\/wp-json\/wp\/v2\/posts\/17515","targetHints":{"allow":["GET"]}}],"collection":[{"href":"https:\/\/akdenizhaber.com.tr\/index.php\/wp-json\/wp\/v2\/posts"}],"about":[{"href":"https:\/\/akdenizhaber.com.tr\/index.php\/wp-json\/wp\/v2\/types\/post"}],"author":[{"embeddable":true,"href":"https:\/\/akdenizhaber.com.tr\/index.php\/wp-json\/wp\/v2\/users\/2"}],"replies":[{"embeddable":true,"href":"https:\/\/akdenizhaber.com.tr\/index.php\/wp-json\/wp\/v2\/comments?post=17515"}],"version-history":[{"count":0,"href":"https:\/\/akdenizhaber.com.tr\/index.php\/wp-json\/wp\/v2\/posts\/17515\/revisions"}],"wp:featuredmedia":[{"embeddable":true,"href":"https:\/\/akdenizhaber.com.tr\/index.php\/wp-json\/wp\/v2\/media\/17516"}],"wp:attachment":[{"href":"https:\/\/akdenizhaber.com.tr\/index.php\/wp-json\/wp\/v2\/media?parent=17515"}],"wp:term":[{"taxonomy":"category","embeddable":true,"href":"https:\/\/akdenizhaber.com.tr\/index.php\/wp-json\/wp\/v2\/categories?post=17515"},{"taxonomy":"post_tag","embeddable":true,"href":"https:\/\/akdenizhaber.com.tr\/index.php\/wp-json\/wp\/v2\/tags?post=17515"}],"curies":[{"name":"wp","href":"https:\/\/api.w.org\/{rel}","templated":true}]}}