{"id":17512,"date":"2023-11-08T12:38:15","date_gmt":"2023-11-08T09:38:15","guid":{"rendered":"https:\/\/akdenizhaber.com.tr\/?p=17512"},"modified":"2023-11-08T12:38:16","modified_gmt":"2023-11-08T09:38:16","slug":"toplum","status":"publish","type":"post","link":"https:\/\/akdenizhaber.com.tr\/index.php\/2023\/11\/08\/toplum\/","title":{"rendered":"Toplum"},"content":{"rendered":"\n<p>G\u00fcnayd\u0131n g\u00fczel insanlar\u2026<br>Toplum, bir arada ya\u015fayan ve belirli kurallar \u00e7er\u00e7evesinde hareket eden bireylerden olu\u015fur. Ancak bu bireylerin her birinin farkl\u0131 d\u00fc\u015f\u00fcnceleri, inan\u00e7lar\u0131 ve ya\u015fam bi\u00e7imleri vard\u0131r. Bu \u00e7e\u015fitlilik, toplumun zenginli\u011fi oldu\u011fu kadar, \u00e7e\u015fitli toplumsal problemlerin de kayna\u011f\u0131 olabilir. Toplumsal problemler, toplumun genelini etkileyen ve \u00e7\u00f6z\u00fcm\u00fc i\u00e7in toplumun t\u00fcm bireylerinin \u00e7aba g\u00f6stermesi gereken durumlar\u0131 kapsar. Bu problemler, genellikle toplumun belirli bir kesimini veya bireylerin belirli bir \u00f6zelli\u011fini hedef al\u0131r. \u00d6rne\u011fin, ayr\u0131mc\u0131l\u0131k, yoksulluk, e\u011fitimsizlik, su\u00e7 oranlar\u0131n\u0131n y\u00fcksek olmas\u0131 gibi durumlar toplumsal problemler aras\u0131nda say\u0131labilir. Toplumsal problemlerle ba\u015fa \u00e7\u0131kmak i\u00e7in, \u00f6ncelikle bu problemlerin fark\u0131nda olmak ve onlar\u0131 anlamak gerekir. Daha sonra, bu problemleri \u00e7\u00f6zmek i\u00e7in toplumun t\u00fcm bireylerinin birlikte hareket etmesi ve \u00e7\u00f6z\u00fcm \u00f6nerileri geli\u015ftirmesi gereklidir. Bu \u00e7\u00f6z\u00fcm \u00f6nerileri, hem bireysel d\u00fczeyde hem de toplumsal d\u00fczeyde uygulanabilir. K\u0131sacas\u0131, toplumsal problemler, toplumun genelini etkileyen ve \u00e7\u00f6z\u00fcm\u00fc i\u00e7in toplumun t\u00fcm bireylerinin \u00e7aba g\u00f6stermesi gereken durumlard\u0131r. Bu problemlerle ba\u015fa \u00e7\u0131kmak i\u00e7in, \u00f6ncelikle bu problemlerin fark\u0131nda olmak ve onlar\u0131 anlamak, daha sonra ise bu problemleri \u00e7\u00f6zmek i\u00e7in toplumun t\u00fcm bireylerinin birlikte hareket etmesi gereklidir. Unutmay\u0131n, bir toplumun g\u00fcc\u00fc, onun problemlerini \u00e7\u00f6zme kapasitesinde yatar.<\/p>\n\n\n\n<p>esra i\u00e7g\u00f6z<\/p>\n","protected":false},"excerpt":{"rendered":"<p>G\u00fcnayd\u0131n g\u00fczel insanlar\u2026Toplum, bir arada ya\u015fayan ve belirli kurallar \u00e7er\u00e7evesinde hareket eden bireylerden olu\u015fur. Ancak bu bireylerin her birinin farkl\u0131 d\u00fc\u015f\u00fcnceleri, inan\u00e7lar\u0131 ve ya\u015fam bi\u00e7imleri <a href=\"https:\/\/akdenizhaber.com.tr\/index.php\/2023\/11\/08\/toplum\/\" class=\"read-more-link\">[more&#8230;]<\/a><\/p>\n","protected":false},"author":2,"featured_media":17513,"comment_status":"open","ping_status":"open","sticky":false,"template":"","format":"standard","meta":{"footnotes":""},"categories":[2],"tags":[],"class_list":["post-17512","post","type-post","status-publish","format-standard","has-post-thumbnail","hentry","category-gundem"],"_links":{"self":[{"href":"https:\/\/akdenizhaber.com.tr\/index.php\/wp-json\/wp\/v2\/posts\/17512","targetHints":{"allow":["GET"]}}],"collection":[{"href":"https:\/\/akdenizhaber.com.tr\/index.php\/wp-json\/wp\/v2\/posts"}],"about":[{"href":"https:\/\/akdenizhaber.com.tr\/index.php\/wp-json\/wp\/v2\/types\/post"}],"author":[{"embeddable":true,"href":"https:\/\/akdenizhaber.com.tr\/index.php\/wp-json\/wp\/v2\/users\/2"}],"replies":[{"embeddable":true,"href":"https:\/\/akdenizhaber.com.tr\/index.php\/wp-json\/wp\/v2\/comments?post=17512"}],"version-history":[{"count":0,"href":"https:\/\/akdenizhaber.com.tr\/index.php\/wp-json\/wp\/v2\/posts\/17512\/revisions"}],"wp:featuredmedia":[{"embeddable":true,"href":"https:\/\/akdenizhaber.com.tr\/index.php\/wp-json\/wp\/v2\/media\/17513"}],"wp:attachment":[{"href":"https:\/\/akdenizhaber.com.tr\/index.php\/wp-json\/wp\/v2\/media?parent=17512"}],"wp:term":[{"taxonomy":"category","embeddable":true,"href":"https:\/\/akdenizhaber.com.tr\/index.php\/wp-json\/wp\/v2\/categories?post=17512"},{"taxonomy":"post_tag","embeddable":true,"href":"https:\/\/akdenizhaber.com.tr\/index.php\/wp-json\/wp\/v2\/tags?post=17512"}],"curies":[{"name":"wp","href":"https:\/\/api.w.org\/{rel}","templated":true}]}}