{"id":17509,"date":"2023-11-08T12:37:09","date_gmt":"2023-11-08T09:37:09","guid":{"rendered":"https:\/\/akdenizhaber.com.tr\/?p=17509"},"modified":"2023-11-08T12:37:10","modified_gmt":"2023-11-08T09:37:10","slug":"muz-birliklerinden-uretici-ve-kamuoyuna-manipulasyon-yapiliyor-algiya-kapilmayin","status":"publish","type":"post","link":"https:\/\/akdenizhaber.com.tr\/index.php\/2023\/11\/08\/muz-birliklerinden-uretici-ve-kamuoyuna-manipulasyon-yapiliyor-algiya-kapilmayin\/","title":{"rendered":"Muz Birliklerinden \u00dcretici Ve Kamuoyuna : \u201cManip\u00fclasyon Yap\u0131l\u0131yor Alg\u0131ya Kap\u0131lmay\u0131n!\u201d"},"content":{"rendered":"\n<p><\/p>\n\n\n\n<p>Manavgat Muz \u00dcreticileri Birli\u011fi, Alanya Muz \u00dcreticileri Birli\u011fi, Anamur Muz ve \u00c7ilek \u00dcreticileri Derne\u011fi, Adana Muz \u00dcreticileri Birli\u011fi ve S.S. Akdeniz Muz \u00dcreticiler Tar\u0131msal Kalk\u0131nma Kooperatifi \u00fcreticilere ve kamuoyuna y\u00f6nelik ortak bir a\u00e7\u0131klama yaparak muz sekt\u00f6r\u00fcnde fiyatlarla ilgili \u00fcretici aleyhine manip\u00fclasyon yap\u0131ld\u0131\u011f\u0131n\u0131 a\u00e7\u0131klad\u0131lar.<\/p>\n\n\n\n<p>\u00dcreticilerin s\u00f6z konusu alg\u0131 ve manip\u00fclasyon nedeniyle zay\u0131f ve hasat zaman\u0131 gelmemi\u015f \u00fcr\u00fcnlerini kesmemelerini isteyen yetkililer, muz piyasas\u0131nda herhangi bir sorun olmamas\u0131na ra\u011fmen piyasay\u0131 a\u015fa\u011f\u0131ya do\u011fru \u00e7ekme giri\u015fimlerinin oldu\u011funu vurgulad\u0131lar. A\u00e7\u0131klamada A\u011fustos ay\u0131nda da benzer bir giri\u015fimin oldu\u011fu belirtilerek, \u00fcreticiden d\u00fc\u015f\u00fck fiyatla al\u0131nan muzun piyasada manav, market ve pazarlarda t\u00fcketicilere yans\u0131mamas\u0131 konusuna da dikkat \u00e7ekilerek \u015f\u00f6yle denildi.<\/p>\n\n\n\n<p>\u201cDe\u011ferli Kamuoyu,<\/p>\n\n\n\n<p>De\u011ferli \u00dcreticilerimiz;<\/p>\n\n\n\n<p>Muz piyasas\u0131n\u0131 yak\u0131ndan takip ediyoruz. Bizler hem t\u00fcccar (komisyoncu) hem t\u00fcketicilerimizin ayn\u0131 zamanda \u00fcreticilerimiz i\u00e7in muzun piyasada reel de\u011ferinde i\u015flem g\u00f6rmesi i\u00e7in gerekli \u00e7al\u0131\u015fmalar\u0131 yap\u0131yoruz. Bu \u00e7al\u0131\u015fmalar\u0131 yaparken, hallerde, marketlerde ve&nbsp; pazardaki g\u00fcncel durumun ara\u015ft\u0131rmas\u0131n\u0131 yaparak gerekli fiyat tavsiyesinde bulunuyoruz. Ancak geldi\u011fimiz noktada anlam veremedi\u011fimiz \u015fekilde \u015fu anda muz pazar\u0131nda bir sorun olmamas\u0131na ra\u011fmen piyasay\u0131 a\u015fa\u011f\u0131ya do\u011fru \u00e7ekme giri\u015fimleri devam etmektedir. Mevsimsel olarak t\u00fcm meyvelerin azalmas\u0131 ve tezgahtaki yerini kaybetmesinden dolay\u0131 muza ra\u011fbet artm\u0131\u015f olup, sat\u0131\u015f ve yo\u011funlu\u011funda \u015fu an i\u00e7in hi\u00e7bir problem g\u00f6r\u00fclmemektedir. A\u011fustos ay\u0131nda muz 21 TL ve piyasada herhangi bir sorun olmad\u0131\u011f\u0131 d\u00f6nemde biranda birileri taraf\u0131ndan 18 TL\u2019ye \u00e7ekilme giri\u015fimi haf\u0131zalar\u0131m\u0131zda daha d\u00fcn gibi endi\u015fe edecek \u015fekilde durmakta iken, bug\u00fcn yine ayn\u0131 \u015fekilde piyasada yap\u0131lmak istenen bir manip\u00fclasyon oldu\u011funu g\u00f6r\u00fcyoruz.<\/p>\n\n\n\n<p>De\u011ferli \u00fcreticilerimiz;<\/p>\n\n\n\n<p>Piyasa devaml\u0131 d\u00fc\u015fecek alg\u0131s\u0131 yap\u0131larak; zay\u0131f ve hasad\u0131 gelmemi\u015f muzlar\u0131n i\u015flem g\u00f6rmesi biz \u00fcreticilerin piyasada en \u00e7ok zarar\u0131 g\u00f6ren taraf olmam\u0131za neden oldu\u011funu belirtmek isteriz. \u00dcreticiler olarak yapmam\u0131z gerekenin hasat zaman\u0131 gelmi\u015f muzun kesimini yapmak, zay\u0131f muzlarda hasat zaman\u0131n\u0131n beklenilmesi gerekti\u011fini belirtmek isteriz. Her \u00fcreticimiz muzunu elbette istedi\u011fi \u015fekilde istedi\u011fi fiyata satabilir ama olu\u015fan zarar\u0131n neticesinin \u00fcreticiler olarak hep beraber ya\u015fand\u0131\u011f\u0131 da unutulmamal\u0131d\u0131r. Girdi maliyetlerinin her ge\u00e7en g\u00fcn artt\u0131\u011f\u0131 bu d\u00f6nemde muz piyasas\u0131n\u0131n devaml\u0131 a\u015fa\u011f\u0131 y\u00f6ne \u00e7ekilmeye \u00e7al\u0131\u015f\u0131lmas\u0131 muzun s\u00fcrd\u00fcr\u00fclebilirlik a\u00e7\u0131s\u0131ndan vahim boyutlara ula\u015fm\u0131\u015f ve \u00fcreticilerimizin farkl\u0131 alanlarda \u00fcretime y\u00f6nelmesine neden olmaya ba\u015flam\u0131\u015ft\u0131r. Bunun kabul edilmesi m\u00fcmk\u00fcn de\u011fildir. Yerli muza sahip \u00e7\u0131k\u0131lmas\u0131 her zamankinden daha fazla \u00f6nem kazanm\u0131\u015ft\u0131r.<\/p>\n\n\n\n<p>&nbsp;&nbsp;De\u011ferli kamuoyu;<\/p>\n\n\n\n<p>Yerli muzumuzun kalitesi her ge\u00e7en g\u00fcn artmakta&nbsp; ve ithal muzun marketlerde 80-90 TL band\u0131nda oldu\u011funu d\u00fc\u015f\u00fcnd\u00fc\u011f\u00fcm\u00fczde yerli muza ula\u015f\u0131lmas\u0131n\u0131n avantaj\u0131 net ortadad\u0131r. Ve ayn\u0131 zamanda \u00fcreticiden daha d\u00fc\u015f\u00fck fiyata al\u0131nan muzun manav, market ve pazarda&nbsp; t\u00fcketiciye yans\u0131mamas\u0131 konusunu da dikkatlerinize sunuyoruz. Bizler t\u00fcccar (komisyoncu), t\u00fcketici ve \u00fcreticilerimizin hep beraber yerli muzumuza sahip \u00e7\u0131k\u0131lmas\u0131 gerekti\u011fini d\u00fc\u015f\u00fcn\u00fcyoruz. Piyasa belirlenirken \u015feffaf, anla\u015f\u0131l\u0131r ve ileti\u015fimin a\u00e7\u0131k oldu\u011fu, \u00fcreticileri yok h\u00fckm\u00fcnde sayarak kurulan piyasan\u0131n ortam\u0131 gerdi\u011fini d\u00fc\u015f\u00fcn\u00fcyoruz. B\u00fct\u00fcn payda\u015flar\u0131n g\u00f6r\u00fc\u015fleri al\u0131narak sorun ve problemlerin kayna\u011f\u0131n\u0131n sorguland\u0131\u011f\u0131 bir ortamda piyasan\u0131n kurulmas\u0131n\u0131n sa\u011fl\u0131kl\u0131 olaca\u011f\u0131n\u0131 d\u00fc\u015f\u00fcn\u00fcyoruz.<\/p>\n\n\n\n<p>Piyasan\u0131n takip\u00e7isi oldu\u011fumuzu ve \u00fcreticilerimizin de; yap\u0131lan ALGI\u2019ya &nbsp;&nbsp;kap\u0131lmamalar\u0131n\u0131 rica ediyoruz. Kamuoyuna sayg\u0131yla duyurulur.\u201c<\/p>\n\n\n\n<p>(Haber Merkezi)<\/p>\n","protected":false},"excerpt":{"rendered":"<p>Manavgat Muz \u00dcreticileri Birli\u011fi, Alanya Muz \u00dcreticileri Birli\u011fi, Anamur Muz ve \u00c7ilek \u00dcreticileri Derne\u011fi, Adana Muz \u00dcreticileri Birli\u011fi ve S.S. Akdeniz Muz \u00dcreticiler Tar\u0131msal Kalk\u0131nma <a href=\"https:\/\/akdenizhaber.com.tr\/index.php\/2023\/11\/08\/muz-birliklerinden-uretici-ve-kamuoyuna-manipulasyon-yapiliyor-algiya-kapilmayin\/\" class=\"read-more-link\">[more&#8230;]<\/a><\/p>\n","protected":false},"author":2,"featured_media":17510,"comment_status":"open","ping_status":"open","sticky":false,"template":"","format":"standard","meta":{"footnotes":""},"categories":[2],"tags":[],"class_list":["post-17509","post","type-post","status-publish","format-standard","has-post-thumbnail","hentry","category-gundem"],"_links":{"self":[{"href":"https:\/\/akdenizhaber.com.tr\/index.php\/wp-json\/wp\/v2\/posts\/17509","targetHints":{"allow":["GET"]}}],"collection":[{"href":"https:\/\/akdenizhaber.com.tr\/index.php\/wp-json\/wp\/v2\/posts"}],"about":[{"href":"https:\/\/akdenizhaber.com.tr\/index.php\/wp-json\/wp\/v2\/types\/post"}],"author":[{"embeddable":true,"href":"https:\/\/akdenizhaber.com.tr\/index.php\/wp-json\/wp\/v2\/users\/2"}],"replies":[{"embeddable":true,"href":"https:\/\/akdenizhaber.com.tr\/index.php\/wp-json\/wp\/v2\/comments?post=17509"}],"version-history":[{"count":0,"href":"https:\/\/akdenizhaber.com.tr\/index.php\/wp-json\/wp\/v2\/posts\/17509\/revisions"}],"wp:featuredmedia":[{"embeddable":true,"href":"https:\/\/akdenizhaber.com.tr\/index.php\/wp-json\/wp\/v2\/media\/17510"}],"wp:attachment":[{"href":"https:\/\/akdenizhaber.com.tr\/index.php\/wp-json\/wp\/v2\/media?parent=17509"}],"wp:term":[{"taxonomy":"category","embeddable":true,"href":"https:\/\/akdenizhaber.com.tr\/index.php\/wp-json\/wp\/v2\/categories?post=17509"},{"taxonomy":"post_tag","embeddable":true,"href":"https:\/\/akdenizhaber.com.tr\/index.php\/wp-json\/wp\/v2\/tags?post=17509"}],"curies":[{"name":"wp","href":"https:\/\/api.w.org\/{rel}","templated":true}]}}