{"id":17506,"date":"2023-11-08T12:36:05","date_gmt":"2023-11-08T09:36:05","guid":{"rendered":"https:\/\/akdenizhaber.com.tr\/?p=17506"},"modified":"2023-11-08T12:36:06","modified_gmt":"2023-11-08T09:36:06","slug":"tipli-serife-arslan-israil-gazzede-hastaneyi-vurarak-savas-sucu-islemistir","status":"publish","type":"post","link":"https:\/\/akdenizhaber.com.tr\/index.php\/2023\/11\/08\/tipli-serife-arslan-israil-gazzede-hastaneyi-vurarak-savas-sucu-islemistir\/","title":{"rendered":"T\u0130P&#8217;li \u015eerife Arslan: \u201c\u0130srail Gazze&#8217;de Hastaneyi vurarak sava\u015f su\u00e7u i\u015flemi\u015ftir\u201d"},"content":{"rendered":"\n<p><\/p>\n\n\n\n<p>T\u00fcrkiye \u0130\u015f\u00e7i Partisi(T\u0130P)&nbsp; Manavgat \u015eerife Arslan, \u0130srail&#8217;in Gazze&#8217;de bir hastaneye att\u0131\u011f\u0131 bomba ile 500&#8217;\u00fcn \u00fczerinde \u00e7o\u011fu masum&nbsp; \u00e7ocuk ve&nbsp; sivilin \u00f6ld\u00fcr\u00fclmesini k\u0131nad\u0131.<\/p>\n\n\n\n<p>\u0130\u015fgalci \u0130srail&#8217;in d\u00fcnde H\u0131ristiyan Ortodoks Kilisesine f\u00fcze att\u0131\u011f\u0131na dikkat \u00e7eken T\u0130P&#8217;li \u015eerife Arslan, &#8220;\u0130srail Gazze&#8217;de bir hastane ve Hristiyanlara ait bir kiliseyi bombalayarak sava\u015f ve soyk\u0131r\u0131m su\u00e7u i\u015flemi\u015ftir. \u0130nsanl\u0131k \u00e7o\u011fu \u00e7ocu\u011fun \u00f6l\u00fcm\u00fc Gazze&#8217;de\u00a0 bir hastanenin avlusunda yada \u00e7\u00f6ken hastane enkaz\u0131n\u0131n alt\u0131nda can vermesini g\u00f6rd\u00fc. \u0130srail Ba\u015fbakan\u0131 Binyamin Netanyahu&#8217;nun &#8221;Sava\u015f su\u00e7u orta\u011f\u0131&#8221; ABD Ba\u015fkan\u0131 John Biden ve Avrupa Birli\u011fi( AB) \u00fclkeleridir. Sava\u015f su\u00e7u i\u015fleyen \u0130srail ve ortaklar\u0131n\u0131 T\u0130P olarak lanetliyoruz ve mazlum Filistin halk\u0131n\u0131n yan\u0131nda oldu\u011fumuzu s\u00f6yl\u00fcyoruz.&#8221; dedi.<\/p>\n\n\n\n<p>T\u0130P&#8217;li Manavgat \u0130l\u00e7e Ba\u015fkan\u0131 \u015eerife Arslan,&nbsp; Marmara( Silivri) Cezaevinde tutuklu bulunan Hatay Milletvekilleri Av. \u015eerafettin Can Atalay&#8217;\u0131n acilen tahliye edilmesi gerekti\u011finin alt\u0131n\u0131 \u00e7izdi.<\/p>\n\n\n\n<p>Habert \/ Abdurrahman B\u00fcy\u00fckkeskin<\/p>\n","protected":false},"excerpt":{"rendered":"<p>T\u00fcrkiye \u0130\u015f\u00e7i Partisi(T\u0130P)&nbsp; Manavgat \u015eerife Arslan, \u0130srail&#8217;in Gazze&#8217;de bir hastaneye att\u0131\u011f\u0131 bomba ile 500&#8217;\u00fcn \u00fczerinde \u00e7o\u011fu masum&nbsp; \u00e7ocuk ve&nbsp; sivilin \u00f6ld\u00fcr\u00fclmesini k\u0131nad\u0131. \u0130\u015fgalci \u0130srail&#8217;in d\u00fcnde <a href=\"https:\/\/akdenizhaber.com.tr\/index.php\/2023\/11\/08\/tipli-serife-arslan-israil-gazzede-hastaneyi-vurarak-savas-sucu-islemistir\/\" class=\"read-more-link\">[more&#8230;]<\/a><\/p>\n","protected":false},"author":2,"featured_media":17507,"comment_status":"open","ping_status":"open","sticky":false,"template":"","format":"standard","meta":{"footnotes":""},"categories":[2],"tags":[],"class_list":["post-17506","post","type-post","status-publish","format-standard","has-post-thumbnail","hentry","category-gundem"],"_links":{"self":[{"href":"https:\/\/akdenizhaber.com.tr\/index.php\/wp-json\/wp\/v2\/posts\/17506","targetHints":{"allow":["GET"]}}],"collection":[{"href":"https:\/\/akdenizhaber.com.tr\/index.php\/wp-json\/wp\/v2\/posts"}],"about":[{"href":"https:\/\/akdenizhaber.com.tr\/index.php\/wp-json\/wp\/v2\/types\/post"}],"author":[{"embeddable":true,"href":"https:\/\/akdenizhaber.com.tr\/index.php\/wp-json\/wp\/v2\/users\/2"}],"replies":[{"embeddable":true,"href":"https:\/\/akdenizhaber.com.tr\/index.php\/wp-json\/wp\/v2\/comments?post=17506"}],"version-history":[{"count":0,"href":"https:\/\/akdenizhaber.com.tr\/index.php\/wp-json\/wp\/v2\/posts\/17506\/revisions"}],"wp:featuredmedia":[{"embeddable":true,"href":"https:\/\/akdenizhaber.com.tr\/index.php\/wp-json\/wp\/v2\/media\/17507"}],"wp:attachment":[{"href":"https:\/\/akdenizhaber.com.tr\/index.php\/wp-json\/wp\/v2\/media?parent=17506"}],"wp:term":[{"taxonomy":"category","embeddable":true,"href":"https:\/\/akdenizhaber.com.tr\/index.php\/wp-json\/wp\/v2\/categories?post=17506"},{"taxonomy":"post_tag","embeddable":true,"href":"https:\/\/akdenizhaber.com.tr\/index.php\/wp-json\/wp\/v2\/tags?post=17506"}],"curies":[{"name":"wp","href":"https:\/\/api.w.org\/{rel}","templated":true}]}}