{"id":17503,"date":"2023-11-08T12:34:27","date_gmt":"2023-11-08T09:34:27","guid":{"rendered":"https:\/\/akdenizhaber.com.tr\/?p=17503"},"modified":"2023-11-08T12:34:28","modified_gmt":"2023-11-08T09:34:28","slug":"tugba-ozay-gelecek-nesillere-birakacagimiz-en-degerli-miras-temiz-bir-doga","status":"publish","type":"post","link":"https:\/\/akdenizhaber.com.tr\/index.php\/2023\/11\/08\/tugba-ozay-gelecek-nesillere-birakacagimiz-en-degerli-miras-temiz-bir-doga\/","title":{"rendered":"Tu\u011fba \u00d6zay: Gelecek nesillere b\u0131rakaca\u011f\u0131m\u0131z en de\u011ferli miras temiz bir do\u011fa!"},"content":{"rendered":"\n<p><\/p>\n\n\n\n<p>Manken ve sinema oyuncusu insano\u011flunun gelecek nesillere b\u0131rakabilece\u011fi&nbsp; en k\u0131ymetli miras\u0131n&nbsp; temiz su kaynaklar\u0131, g\u00f6ller, temiz, deniz, bakir do\u011fa, ormanlar&nbsp; ve temiz bir \u00e7evre oldu\u011funu s\u00f6yledi. 21 y\u0131l \u00f6nce Antalya&#8217;n\u0131n Manavgat il\u00e7esine ba\u011fl\u0131 Bucak\u015feyhler Mahallesi&#8217;nde&nbsp; sat\u0131n ald\u0131\u011f\u0131 araziye zeytin, incir, narenciye ve pek \u00e7ok farkl\u0131 t\u00fcrdeki yeti\u015ftirdi\u011fi meyve a\u011fa\u00e7lar\u0131 ile&nbsp; Poyraz ismini verdi\u011fi \u00e7iftli\u011fini kuran \u00fcnl\u00fc manken ve oyuncu Tu\u011fba \u00d6zay, her zaman do\u011fa ile i\u00e7 i\u00e7e ya\u015famay\u0131 \u00e7ok sevdi\u011fini s\u00f6yledi. Ya\u015fad\u0131\u011f\u0131 Bucak\u015feyhler Mahallesi&#8217; yak\u0131n\u0131nda tarihi Lyrbe(Seleukeia)&nbsp;&nbsp; Antik Kent \u0130n bulundu\u011funu anlatan manken ve oyuncu Tu\u011fba \u00d6zay, &#8221; K\u00fcresel \u0131s\u0131nmaya ba\u011fl\u0131 d\u00fcnyam\u0131z kurakl\u0131\u011fa do\u011fru gidiyor. S\u0131n\u0131rs\u0131z sand\u0131\u011f\u0131m\u0131z su kaynaklar\u0131m\u0131z susuzluk ve kurakl\u0131\u011fa ba\u011fl\u0131 s\u00fcrekli azal\u0131yor. Do\u011fam\u0131z\u0131 ve su kaynaklar\u0131m\u0131z\u0131 korumaz zorunday\u0131z. zaten gelecek nesillere b\u0131rakaca\u011f\u0131m\u0131z en g\u00fczel miras bu. Bu sabah Denizli \u00c7ivril\u2019de bulunan muhte\u015fem do\u011fa g\u00f6rselli\u011fine sahip I\u015f\u0131kl\u0131 G\u00f6l\u2019\u00fc ziyaret ettim. Ben i\u015fim gere\u011fi&nbsp; \u015fehre gitti\u011fimde&nbsp; muhakkak oran\u0131n bir g\u00fczelli\u011fini g\u00f6rmeden , tan\u0131madan ve tan\u0131tmadan o yerden \u00e7\u0131kmam. Bu g\u00f6l\u00fcn bir \u00f6zelli\u011fi de&nbsp; B\u00fcy\u00fck Menderes Nehri\u2019ni besliyor olmas\u0131. Haziran ay\u0131nda g\u00f6l\u00fcn \u00fczeri ola\u011fan\u00fcst\u00fc bir do\u011fa manzaras\u0131 sunuyor do\u011faseverlere Suyun \u00fcst\u00fc nil\u00fcferlerle doluyor ve siz tekneyle nil\u00fcferler aras\u0131nda keyifli bir gezinti yap\u0131yorsunuz .Do\u011fam\u0131z\u0131 koruyal\u0131m ! De\u011ferlerimize sahip \u00e7\u0131kal\u0131m ..! Birbirimizi sevip sayal\u0131m ! Atalar\u0131m\u0131zdan emanet ald\u0131\u011f\u0131m\u0131z bu g\u00fczelim do\u011fal de\u011ferlerimizi koruyarak bozulmas\u0131na izin vermeden gelecek nesillere en g\u00fczel \u015fekilde miras olarak b\u0131rakal\u0131m. &#8216; dedi.<\/p>\n\n\n\n<p>Abdurrahman B\u00fcy\u00fckkeskin \/ Haber<\/p>\n","protected":false},"excerpt":{"rendered":"<p>Manken ve sinema oyuncusu insano\u011flunun gelecek nesillere b\u0131rakabilece\u011fi&nbsp; en k\u0131ymetli miras\u0131n&nbsp; temiz su kaynaklar\u0131, g\u00f6ller, temiz, deniz, bakir do\u011fa, ormanlar&nbsp; ve temiz bir \u00e7evre oldu\u011funu <a href=\"https:\/\/akdenizhaber.com.tr\/index.php\/2023\/11\/08\/tugba-ozay-gelecek-nesillere-birakacagimiz-en-degerli-miras-temiz-bir-doga\/\" class=\"read-more-link\">[more&#8230;]<\/a><\/p>\n","protected":false},"author":2,"featured_media":17504,"comment_status":"open","ping_status":"open","sticky":false,"template":"","format":"standard","meta":{"footnotes":""},"categories":[2],"tags":[],"class_list":["post-17503","post","type-post","status-publish","format-standard","has-post-thumbnail","hentry","category-gundem"],"_links":{"self":[{"href":"https:\/\/akdenizhaber.com.tr\/index.php\/wp-json\/wp\/v2\/posts\/17503","targetHints":{"allow":["GET"]}}],"collection":[{"href":"https:\/\/akdenizhaber.com.tr\/index.php\/wp-json\/wp\/v2\/posts"}],"about":[{"href":"https:\/\/akdenizhaber.com.tr\/index.php\/wp-json\/wp\/v2\/types\/post"}],"author":[{"embeddable":true,"href":"https:\/\/akdenizhaber.com.tr\/index.php\/wp-json\/wp\/v2\/users\/2"}],"replies":[{"embeddable":true,"href":"https:\/\/akdenizhaber.com.tr\/index.php\/wp-json\/wp\/v2\/comments?post=17503"}],"version-history":[{"count":0,"href":"https:\/\/akdenizhaber.com.tr\/index.php\/wp-json\/wp\/v2\/posts\/17503\/revisions"}],"wp:featuredmedia":[{"embeddable":true,"href":"https:\/\/akdenizhaber.com.tr\/index.php\/wp-json\/wp\/v2\/media\/17504"}],"wp:attachment":[{"href":"https:\/\/akdenizhaber.com.tr\/index.php\/wp-json\/wp\/v2\/media?parent=17503"}],"wp:term":[{"taxonomy":"category","embeddable":true,"href":"https:\/\/akdenizhaber.com.tr\/index.php\/wp-json\/wp\/v2\/categories?post=17503"},{"taxonomy":"post_tag","embeddable":true,"href":"https:\/\/akdenizhaber.com.tr\/index.php\/wp-json\/wp\/v2\/tags?post=17503"}],"curies":[{"name":"wp","href":"https:\/\/api.w.org\/{rel}","templated":true}]}}