{"id":17500,"date":"2023-11-08T12:33:19","date_gmt":"2023-11-08T09:33:19","guid":{"rendered":"https:\/\/akdenizhaber.com.tr\/?p=17500"},"modified":"2023-11-08T12:33:20","modified_gmt":"2023-11-08T09:33:20","slug":"hulusi-sahin-baskan-ali-bahara-antalya-icin-yaptiklarindan-dolayi-ozel-olarak-tesekkur-ediyorum","status":"publish","type":"post","link":"https:\/\/akdenizhaber.com.tr\/index.php\/2023\/11\/08\/hulusi-sahin-baskan-ali-bahara-antalya-icin-yaptiklarindan-dolayi-ozel-olarak-tesekkur-ediyorum\/","title":{"rendered":"Hulusi \u015eahin, \u201cBa\u015fkan Ali Bahar\u2019a, Antalya \u0130\u00e7in Yapt\u0131klar\u0131ndan Dolay\u0131 \u00d6zel Olarak Te\u015fekk\u00fcr Ediyorum\u201d"},"content":{"rendered":"\n<p><\/p>\n\n\n\n<p>ATSO \u00f6d\u00fcl t\u00f6reni bu y\u0131l T\u00fcrkiye Cumhuriyet\u2019in 100\u2019\u00fcnc\u00fc y\u0131l\u0131na \u00f6zel \u2018ATSO Cumhuriyetin 100. Y\u0131l \u00d6d\u00fclleri\u2019 ismiyle ger\u00e7ekle\u015ftirdi\u011fi t\u00f6rene Antalya Valisi Hulusi \u015eahin, TOBB Ba\u015fkan\u0131 RifatHisarc\u0131kl\u0131o\u011fluve Antalya protokol\u00fc kat\u0131ld\u0131.<\/p>\n\n\n\n<p>T\u00f6renin a\u00e7\u0131l\u0131\u015f\u0131nda konu\u015fan TOBB Ba\u015fkan\u0131 RifatHisarc\u0131kl\u0131o\u011flu, Antalya Ticaret ve Sanayi Odam\u0131z ile iftihar ediyorum. Avrupa kalitesinde hizmet sunuyor\u201d dedi. Antalya Valisi Hulusi \u015eahin ise, \u201cAli Bahar ba\u015fkan\u0131ma, ger\u00e7ekle\u015ftirdikleri etkinlikler, payda\u015f olduklar\u0131 Teknopark \u00e7al\u0131\u015fmalar\u0131, OSB\u2019de verdikleri hizmetlerden dolay\u0131 \u00e7ok te\u015fekk\u00fcr ediyorum\u201d diye konu\u015ftu. T\u00f6ren sonras\u0131 sahneye \u00e7\u0131kan Antakya Medeniyetler Korosu \u015eefi Y\u0131lmaz \u00d6zf\u0131rat\u2019\u0131n yapt\u0131\u011f\u0131 duygusal konu\u015fma ise kalplere dokundu.<\/p>\n\n\n\n<p>Bu y\u0131l 11 dalda 81 \u00f6d\u00fcl\u00fcn sahiplerini buldu\u011fu Cumhuriyet\u2019in 100. Y\u0131l \u00d6d\u00fcl T\u00f6reni\u2019nin onur konu\u011fu olan Antalya Valisi Hulusi \u015eahin ile TOBB Ba\u015fkan\u0131 RifatHisarc\u0131kl\u0131o\u011flu\u2019nun\u00f6vg\u00fc dolu s\u00f6zleri, ATSO ailesini ve i\u015f d\u00fcnyas\u0131n\u0131 onore etti. ATSO Y\u00f6netim Kurulu Ba\u015fkan\u0131 Ali Bahar ve Y\u00f6netim Kurulu \u00dcyelerine te\u015fekk\u00fcr ederek s\u00f6zlerine ba\u015flayan TOBB Ba\u015fkan\u0131 RifatHisarc\u0131kl\u0131o\u011flu, \u201cAntalya Ticaret ve Sanayi Odam\u0131z,Avrupa kalitesinde hizmetler sunuyor, \u00fcyelerimize destek i\u00e7in de \u00f6nemli projeler hayata ge\u00e7iriyor. ATSO Avantaj Kart\u0131, \u0130novasyon Merkezi, Akademisi, Uluslararas\u0131 Rekabet\u00e7ili\u011fi Geli\u015ftirme ve K\u00fcmelenme Projelerinin her biri, Antalya i\u015f d\u00fcnyam\u0131z i\u00e7in \u00e7ok de\u011ferli \u00e7al\u0131\u015fmalar\u201d dedi.<\/p>\n\n\n\n<p>ANTALYA B\u0130RL\u0130K VE BERABERL\u0130K \u0130\u00c7\u0130NDE HEDEF\u0130NE ULA\u015eACAKTIR<\/p>\n\n\n\n<p>Antalya\u2019ya gelerek i\u015f d\u00fcnyas\u0131n\u0131n nabz\u0131n\u0131 tuttu\u011funu, s\u0131k\u0131nt\u0131lar\u0131 ve g\u00f6r\u00fc\u015fleri dinleyerek \u00e7\u00f6z\u00fcme y\u00f6nelik \u00e7al\u0131\u015ft\u0131\u011f\u0131n\u0131 kaydeden TOBB Ba\u015fkan\u0131 Hisarc\u0131kl\u0131o\u011flu, konu\u015fmas\u0131n\u0131 \u015f\u00f6yle s\u00fcrd\u00fcrd\u00fc;<\/p>\n\n\n\n<p>\u201cAntalya Ticaret Odam\u0131z ile iftihar ediyorum. Zira Ticaret Odam\u0131z akredite oda. Avrupa kalitesinde hizmet sunuyor. ATSO, \u00fcyelerimize destek i\u00e7in de \u00f6nemli projeler hayata ge\u00e7iriyor. Projelerinin her biri, Antalya i\u015f d\u00fcnyam\u0131z i\u00e7in \u00e7ok de\u011ferli. \u015eehirleri marka yapan, zenginle\u015ftiren, d\u00fcnyada \u00f6ne \u00e7\u0131karan, bu tip vizyonlard\u0131r. \u0130n\u015fallah burada g\u00f6rd\u00fc\u011f\u00fcm birlik ve beraberlik sayesinde, Antalya hedeflerine ula\u015facakt\u0131r. Antalya\u2019daki t\u00fcm Oda ve Borsa Ba\u015fkanlar\u0131mla, TOBB\u2019daki kurullar\u0131m\u0131zda da birlikte \u00e7al\u0131\u015f\u0131yorum. ATSO vermi\u015f oldu\u011fu hizmet kalitesi ve standard\u0131 bak\u0131m\u0131ndan Paris, Londra, Berlin Odalar\u0131 \u00fcyelerine hangi standart ile hizmet veriyorsa o standartta hizmet vermektedir. Bu anlay\u0131\u015ftan dolay\u0131, ba\u015fkanlar\u0131, y\u00f6netimlerini, meclis ba\u015fkanlar\u0131n\u0131, meclisini, ba\u015fta genel sekreterlerimiz olmak \u00fczere t\u00fcm \u00e7al\u0131\u015fan karde\u015flerimi kutluyorum.\u201d<\/p>\n\n\n\n<p>ANTALYA VAL\u0130S\u0130 HULUS\u0130 \u015eAH\u0130N\u2019DEN, BA\u015eKAN AL\u0130 BAHAR\u2019A \u00d6VG\u00dc DOLU S\u00d6ZLER<\/p>\n\n\n\n<p>Antalya Valisi Hulusi \u015eahin ise \u201cBu tarih sadece cumhuriyetin 100. y\u0131l\u0131 de\u011fil ayn\u0131 zamanda \u0130zmir \u0130ktisat Kongresi\u2019nin de 100. ya\u015f\u0131. Orada bir grup insan toplan\u0131yor ve ekonomik kararlar al\u0131yor. Bu kararlar da bizim ekonomik olarak g\u00fc\u00e7l\u00fc olmam\u0131z gerekti\u011fi. \u00c7\u00fcnk\u00fc ekonomik olarak g\u00fc\u00e7l\u00fc olursak bu sava\u015f\u0131 kazanmam\u0131z\u0131n bir anlam\u0131 olacak, o zaman bu co\u011frafyada kal\u0131c\u0131 olaca\u011f\u0131z. Bizim de \u0130zmir \u0130ktisat Kongresi ruhuyla ekonomik olarak g\u00fc\u00e7l\u00fc olmak i\u00e7in \u00e7ok \u00e7al\u0131\u015fmam\u0131z gerekiyor. Bu konuda tevazu g\u00f6stermeyin. Her zaman en iyisi olun. Tevazuu \u00f6zel hayat\u0131n\u0131zda g\u00f6sterirsiniz. Antalya i\u015f insanlar\u0131 bu hassasiyete \u00e7ok sahip insanlar, Antalya\u2019n\u0131n Cumhuriyet tarihi boyunca g\u00f6stermi\u015f oldu\u011fu muazzam geli\u015fim bunun en g\u00fczel \u00f6rne\u011fi. Tar\u0131mda, ticarette, sanayide ve turizmde Antalya T\u00fcrkiye\u2019ye \u00e7ok b\u00fcy\u00fck katma de\u011ferler sa\u011flad\u0131. Bug\u00fcn ATSO Ba\u015fkan\u0131 Ali Bahar sa\u011f olsun, bu ba\u015far\u0131lar\u0131 da ta\u00e7land\u0131rmak i\u00e7in bu etkinli\u011fi d\u00fczenledi. Eskiler ne diyor? Marifet iltifata tabidir. M\u00fc\u015fterisiz mal zayidir. Biz, bizi s\u0131rtlay\u0131p g\u00f6t\u00fcren bu i\u015f insanlar\u0131na te\u015fekk\u00fcr\u00fc \u00e7ok g\u00f6rmeyece\u011fiz. Ali Bahar ba\u015fkan\u0131ma hem ATSO\u2019nun bu t\u00fcr etkinlikleri, hem de payda\u015f olduklar\u0131 Teknoparklar, OSB\u2019de yapt\u0131\u011f\u0131 \u00e7al\u0131\u015fmalardan dolay\u0131 \u00e7ok te\u015fekk\u00fcr ediyorum\u201d diye konu\u015ftu.<\/p>\n\n\n\n<p>ANTAKYA MEDEN\u0130YETLER KOROSU \u015eEF\u0130 YILMAZ \u00d6ZFIRAT\u2019TAN DUYGUSAL KONU\u015eMA<\/p>\n\n\n\n<p>\u00d6d\u00fcl t\u00f6reninin sonras\u0131nda sahneye \u00e7\u0131kan Antakya Medeniyetler Korosu \u015fefi Y\u0131lmaz \u00d6zf\u0131rat ise yapt\u0131\u011f\u0131 konu\u015fmayla izleyenlere duygusal anlar ya\u015fatt\u0131. ATSO Y\u00f6netim Kurulu Ba\u015fkan\u0131 Ali Bahar ba\u015fta olmak \u00fczere ATSO ailesine te\u015fekk\u00fcr eden \u00d6zf\u0131rat, \u201cDepremden bu zamana bizi bir defa bile yaln\u0131z b\u0131rakmad\u0131n\u0131z. Her talebimize cevap verdiniz. Biz maalesef koromuzdan 7 ki\u015fiyi kaybettik, \u015fu an koro \u00fcyelerimizin tamam\u0131 da bir yak\u0131n\u0131n\u0131 kaybetti. \u00c7ok zor g\u00fcnler ge\u00e7irdik ve ge\u00e7irmeye de devam ediyoruz. Zor g\u00fcnlerimizde bizim yan\u0131m\u0131zda oldu\u011funuz i\u00e7in, destek oldu\u011funuz i\u00e7in sizlerden Allah binlerce kez raz\u0131 olsun\u201d dedi.<\/p>\n\n\n\n<p>Antalya Ticaret ve Sanayi Odas\u0131 \/ B\u00fclten<\/p>\n","protected":false},"excerpt":{"rendered":"<p>ATSO \u00f6d\u00fcl t\u00f6reni bu y\u0131l T\u00fcrkiye Cumhuriyet\u2019in 100\u2019\u00fcnc\u00fc y\u0131l\u0131na \u00f6zel \u2018ATSO Cumhuriyetin 100. Y\u0131l \u00d6d\u00fclleri\u2019 ismiyle ger\u00e7ekle\u015ftirdi\u011fi t\u00f6rene Antalya Valisi Hulusi \u015eahin, TOBB Ba\u015fkan\u0131 RifatHisarc\u0131kl\u0131o\u011fluve <a href=\"https:\/\/akdenizhaber.com.tr\/index.php\/2023\/11\/08\/hulusi-sahin-baskan-ali-bahara-antalya-icin-yaptiklarindan-dolayi-ozel-olarak-tesekkur-ediyorum\/\" class=\"read-more-link\">[more&#8230;]<\/a><\/p>\n","protected":false},"author":2,"featured_media":17501,"comment_status":"open","ping_status":"open","sticky":false,"template":"","format":"standard","meta":{"footnotes":""},"categories":[2],"tags":[],"class_list":["post-17500","post","type-post","status-publish","format-standard","has-post-thumbnail","hentry","category-gundem"],"_links":{"self":[{"href":"https:\/\/akdenizhaber.com.tr\/index.php\/wp-json\/wp\/v2\/posts\/17500","targetHints":{"allow":["GET"]}}],"collection":[{"href":"https:\/\/akdenizhaber.com.tr\/index.php\/wp-json\/wp\/v2\/posts"}],"about":[{"href":"https:\/\/akdenizhaber.com.tr\/index.php\/wp-json\/wp\/v2\/types\/post"}],"author":[{"embeddable":true,"href":"https:\/\/akdenizhaber.com.tr\/index.php\/wp-json\/wp\/v2\/users\/2"}],"replies":[{"embeddable":true,"href":"https:\/\/akdenizhaber.com.tr\/index.php\/wp-json\/wp\/v2\/comments?post=17500"}],"version-history":[{"count":0,"href":"https:\/\/akdenizhaber.com.tr\/index.php\/wp-json\/wp\/v2\/posts\/17500\/revisions"}],"wp:featuredmedia":[{"embeddable":true,"href":"https:\/\/akdenizhaber.com.tr\/index.php\/wp-json\/wp\/v2\/media\/17501"}],"wp:attachment":[{"href":"https:\/\/akdenizhaber.com.tr\/index.php\/wp-json\/wp\/v2\/media?parent=17500"}],"wp:term":[{"taxonomy":"category","embeddable":true,"href":"https:\/\/akdenizhaber.com.tr\/index.php\/wp-json\/wp\/v2\/categories?post=17500"},{"taxonomy":"post_tag","embeddable":true,"href":"https:\/\/akdenizhaber.com.tr\/index.php\/wp-json\/wp\/v2\/tags?post=17500"}],"curies":[{"name":"wp","href":"https:\/\/api.w.org\/{rel}","templated":true}]}}