{"id":17497,"date":"2023-11-08T12:32:05","date_gmt":"2023-11-08T09:32:05","guid":{"rendered":"https:\/\/akdenizhaber.com.tr\/?p=17497"},"modified":"2023-11-08T12:32:06","modified_gmt":"2023-11-08T09:32:06","slug":"en-guzel-fotografa-10-bin-tl-odul","status":"publish","type":"post","link":"https:\/\/akdenizhaber.com.tr\/index.php\/2023\/11\/08\/en-guzel-fotografa-10-bin-tl-odul\/","title":{"rendered":"En G\u00fczel Foto\u011frafa 10 Bin Tl \u00d6d\u00fcl"},"content":{"rendered":"\n<p><\/p>\n\n\n\n<p>Memur Sen Antalya Temsilcisi ve E\u011fitim Bir Sen \u015eube Ba\u015fkan\u0131 Ey\u00fcp B\u00fclent Miran, Cumhuriyetin 100. Y\u0131l\u0131na \u00f6zel Antalya\u2019da T\u00fcrk \u0130slam K\u00fclt\u00fcr \u0130zleri konulu bir foto\u011fraf yar\u0131\u015fmas\u0131 d\u00fczenleyeceklerini duyurdu.<\/p>\n\n\n\n<p>Memur Sen Antalya Temsilcisi ve E\u011fitim Bir Sen \u015eube Ba\u015fkan\u0131 Ey\u00fcp B\u00fclent Miran, sendika hizmet binas\u0131nda bas\u0131n mensuplar\u0131 ile kahvalt\u0131da bulu\u015ftu. Cumhuriyetin 100. Y\u0131l\u0131 an\u0131s\u0131na ger\u00e7ekle\u015ftirilecek foto\u011fraf sergisi, \u00d6\u011fretmenlik Meslek Kanunu, Filistin\u2019deki zulme kar\u015f\u0131 s\u00fcrd\u00fcr\u00fclen \u00e7al\u0131\u015fmalara dair a\u00e7\u0131klamalarda bulundu. E\u011fitim Bir Sen Antalya \u015eubesi\u2019nin organize etti\u011fi Antalya\u2019da T\u00fcrk \u0130slam K\u00fclt\u00fcr \u0130zleri konulu foto\u011fraf sergisi d\u00fczenleyeceklerini belirten Ba\u015fkan Miran, \u201cCumhuriyetin 100. y\u0131l\u0131na girerken ya\u015fad\u0131\u011f\u0131m\u0131z \u015fehrin k\u00fclt\u00fcrel dokusunu ve mek\u00e2nlar\u0131n\u0131 daha iyi tan\u0131mak, k\u00fclt\u00fcrel de\u011ferlerimizin fark\u0131na varmak ve bunlar\u0131 foto\u011fraflayarak gelece\u011fe ta\u015f\u0131mak istiyoruz. Antalya\u2019m\u0131z\u0131n mimari, tarihi doku, geleneksel el sanatlar\u0131, sosyal ya\u015fam alanlar\u0131ndaki T\u00fcrk-\u0130slam k\u00fclt\u00fcr izlerini yans\u0131tan foto\u011fraflar\u0131n\u0131z\u0131 bekliyoruz\u201d dedi.<\/p>\n\n\n\n<p>EN G\u00dcZEL FOTO\u011eRAFA 10 B\u0130N TL \u00d6D\u00dcL<\/p>\n\n\n\n<p>Antalya\u2019da T\u00fcrk \u0130slam K\u00fclt\u00fcr \u0130zleri ad\u0131yla Foto\u011fraf Yar\u0131\u015fmas\u0131 d\u00fczenlenece\u011fini duyurdu. Ba\u015fkan Miran, \u201cCumhuriyetin 100. y\u0131l\u0131na girerken ya\u015fad\u0131\u011f\u0131m\u0131z \u015fehrin k\u00fclt\u00fcrel dokusunu ve mek\u00e2nlar\u0131n\u0131 daha iyi tan\u0131mak, k\u00fclt\u00fcrel de\u011ferlerimizin fark\u0131na varmak ve bunlar\u0131 foto\u011fraflayarak gelece\u011fe ta\u015f\u0131mak istiyoruz. Antalya\u2019m\u0131z\u0131n mimari, tarihi doku, geleneksel el sanatlar\u0131, sosyal ya\u015fam alanlar\u0131ndaki T\u00fcrk-\u0130slam k\u00fclt\u00fcr izlerini yans\u0131tan foto\u011fraflar\u0131n\u0131z\u0131 bekliyoruz. Kat\u0131l\u0131m\u0131n \u00fccretsiz olaca\u011f\u0131 yar\u0131\u015fmam\u0131za d\u00fczenleme Kurulu, Se\u00e7ici Kurul \u00fcyeleri ile birinci dereceden yak\u0131nlar\u0131 d\u0131\u015f\u0131nda, amat\u00f6r ve profesyonel t\u00fcm foto\u011fraf\u00e7\u0131lar\u0131n kat\u0131l\u0131m\u0131na uygun olacak. Birincilik \u00f6d\u00fcl\u00fc 10.000 lira, ikincilik \u00f6d\u00fcl\u00fc 7.500 lira, \u00dc\u00e7\u00fcnc\u00fcl\u00fck \u00d6d\u00fcl\u00fc 5.000 lira, Mehmet Akif \u0130nan \u00d6zel \u00d6d\u00fcl\u00fc 2.000 lira,&nbsp; Antalya E\u011fitim Bir-Sen \u00d6zel \u00d6d\u00fcl\u00fc 2.000 lira, Her sergileme i\u00e7in (25 ADET) 500 lira olarak belirlendi\u201d diye konu\u015ftu.<\/p>\n\n\n\n<p>Yar\u0131\u015fmaya ba\u015fvurular\u0131n online (\u00e7evrimi\u00e7i) foto\u011fraf sistemine g\u00f6re yap\u0131laca\u011f\u0131ndan, alternatif hi\u00e7bir g\u00f6nderi (e- posta, kargo, elden teslim vb.) kabul edilmeyece\u011fini belirten Ba\u015fkan Miran, Yar\u0131\u015fma foto\u011fraflar\u0131n\u0131n online (\u00e7evrimi\u00e7i) olarak www.antalyaebsfotografyarismasi.com.tr adresinden yar\u0131\u015fmaya kat\u0131l\u0131m \u00fcyeli\u011fi ve foto\u011fraf g\u00f6nderme y\u00f6nergeleri takip edilerek ger\u00e7ekle\u015ftirilece\u011fini s\u00f6yledi. Miran, \u201cSergilemeye de\u011fer 25 eser Erdem Bayazid K\u00fclt\u00fcr Merkezi fuaye alan\u0131nda a\u00e7\u0131lacak sergide sergilenecek. \u00d6d\u00fcl program\u0131 da burada olacak. 8 Aral\u0131k tarihinde ba\u015fvurular sona erecek. Sonu\u00e7lar 20 Aral\u0131k\u2019ta a\u00e7\u0131klanacak. \u00d6d\u00fcl t\u00f6reni tarihi sosyal medya hesaplar\u0131m\u0131zdan duyurulacak\u201d dedi. Ba\u015fkan Miran toplant\u0131da e\u011fitim \u00e7al\u0131\u015fanlar\u0131n\u0131n sorunlar\u0131na da de\u011finmeyi ihmal etmedi.<\/p>\n\n\n\n<p>\u2018\u00d6\u011eRETMENL\u0130K MESLEK KANUNU REV\u0130ZE ED\u0130LMEL\u0130\u2019<\/p>\n\n\n\n<p>E\u011fitim Bir Sen olarak \u00d6\u011fretmenlik Meslek Kanunundaki eksiklikleri dile getirdiklerini belirten Ba\u015fkan Ey\u00fcp B\u00fclent Miran, \u201cBir siyasi parti \u00d6\u011fretmenlik Meslek Kanununun baz\u0131 maddelerini yarg\u0131ya ta\u015f\u0131d\u0131. Yarg\u0131 baz\u0131 maddelerde iptal karar\u0131 verdi. Anayasa Mahkemesinin verdi\u011fi bu karar 9 ay sonra y\u00fcr\u00fcrl\u00fc\u011fe girece\u011fi i\u00e7in sendika olarak bu konu ile ilgili yeni bir d\u00fczenleme yap\u0131lmas\u0131 y\u00f6n\u00fcnde taleplerimizi ilettik. \u00d6\u011fretmenlik Meslek Kanunu ihtiya\u00e7lar\u0131 kar\u015f\u0131lam\u0131yor, kad\u00fck kald\u0131. Biz iptal s\u00fcrecinde revize edilmesini istiyoruz. T\u00fcm e\u011fitim \u00e7al\u0131\u015fanlar\u0131 a\u00e7\u0131s\u0131ndan bu b\u00fcy\u00fck \u00f6nem arz etmektedir.\u00d6\u011fretmenlik Meslek Kanunu ile ilgili kariyer basamaklar\u0131 hususu var. \u00d6\u011fretmen, Uzman \u00d6\u011fretmen ve Ba\u015f\u00f6\u011fretmen \u00fcnvanlar\u0131 i\u00e7in 19 Kas\u0131m\u2019da s\u0131nav ger\u00e7ekle\u015ftirilecek. S\u0131nav online \u015feklinde 100 sorudan olu\u015facak. 135 dakikal\u0131k s\u0131nav\u0131n sorular\u0131 24 Kas\u0131m\u2019da a\u00e7\u0131klanacak. Bu vesile ile s\u0131nava girecek arkada\u015flara ba\u015far\u0131lar dileriz. Biz&nbsp; en ba\u015f\u0131ndan beri bu s\u0131navlar\u0131n bir kenara b\u0131rak\u0131l\u0131p, 5 y\u0131ll\u0131k \u00f6\u011fretmenlerin uzman, 10 y\u0131ll\u0131k \u00f6\u011fretmenlerin ise Ba\u015f\u00f6\u011fretmen olarak istihdam edilmesini istiyoruz. \u00c7ok net ifade ediyorum. Bizim sendikam\u0131z\u0131n a\u00e7\u0131k ve net talebi budur. \u0130n\u015fallah bunu 24 Kas\u0131m\u2019da bunu bir m\u00fcjde olarak Milli E\u011fitim Bakan\u0131m\u0131zdan duymay\u0131 arzuluyoruz\u201d diye konu\u015ftu.<\/p>\n\n\n\n<p>E\u015eEL MOB\u0130L S\u0130STEM\u0130 TALEP ED\u0130YORLAR<\/p>\n\n\n\n<p>Memurlar\u0131n \u00f6zellikle ge\u00e7im s\u0131k\u0131nt\u0131s\u0131n\u0131n had safhada oldu\u011funa da temas eden Memur Sen \u0130l Temsilcisi Ey\u00fcp B\u00fclent Miran, 7. D\u00f6nem Toplu S\u00f6zle\u015fme ile ilgili s\u00fcre\u00e7te Memur Sen\u2019in tavr\u0131n\u0131 net bir \u015fekilde ortaya koydu\u011funu dile getirdi. Miran bu konuda \u015fu ifadeleri kulland\u0131: \u201cToplu s\u00f6zle\u015fme g\u00f6r\u00fc\u015fmelerinde \u0130\u015f kollar\u0131 ile teklifler imzalan\u0131rken, maa\u015flarla ilgili teklifler imzalanmad\u0131. Mutabakats\u0131zl\u0131kla sonu\u00e7land\u0131. Memur Sen itiraz\u0131na ra\u011fmen Hakem Heyeti bunu kabul etti. Memur Sen en b\u00fcy\u00fck tepkisini ortaya koymu\u015f oldu. Bu b\u00f6yle bilinmelidir. Ge\u00e7mi\u015fte niye imzalad\u0131n\u0131z, imzalanmamal\u0131yd\u0131 diye tepkiler al\u0131yorduk. Memur Sen\u2019in gere\u011fini yapt\u0131\u011f\u0131n\u0131 d\u00fc\u015f\u00fcn\u00fcyoruz. Antalya\u2019da kiralar\u0131n artmas\u0131, ya\u015fam \u015fartlar\u0131n\u0131n zorla\u015fmas\u0131 Memur kesimi kara kara d\u00fc\u015f\u00fcnd\u00fcr\u00fcyor. Enflasyonist ortamda en \u00e7ok sabit gelirliler ezilir. Maa\u015f zamm\u0131n\u0131n en ge\u00e7 3 ay sonra maa\u015flara yans\u0131mas\u0131n\u0131 istiyoruz. 6 ayda bir yap\u0131lan zam ile maa\u015flar\u0131m\u0131z\u0131n eridi\u011fini g\u00f6z \u00f6n\u00fcne alarak e\u015fel mobil sistemine ge\u00e7ilmesini talep ediyoruz. Verginin y\u00fczde 15\u2019e sabitlenmesi beklentimiz var. \u00d6zellikle dolayl\u0131 verginin azalt\u0131l\u0131p do\u011frudan vergi al\u0131nmas\u0131n\u0131 istiyoruz. Memuru k\u00fc\u00e7\u00fclterek devlet b\u00fcy\u00fcmez. Devletin ana omurgas\u0131n\u0131 memurlar olu\u015fturur. Memurun mutlulu\u011fu devletin mutlulu\u011fudur. Memurlar\u0131n maa\u015f\u0131n\u0131 azaltarak, memurlardan k\u0131sarak tasarruf olmaz. 24 Kas\u0131m\u2019da ge\u00e7mi\u015fte bizler de bir ayl\u0131k ikramiye istemi\u015ftik. \u00d6zellikle \u00d6\u011fretmenlik Meslek Kanunun revizesini talep ediyoruz. B\u00fcy\u00fck\u015fehirlerde ikamet eden veya oraya atanan \u00d6\u011fretmenler i\u00e7in ayl\u0131k 7500 lira Kira yard\u0131m\u0131 talep etmi\u015ftik. Kabul edilmemi\u015fti. Yeni ba\u015flayan bir \u00f6\u011fretmen 22 bin 500 gibi maa\u015flar al\u0131yor. Ev kiralar\u0131 asgari \u00fccreti sollad\u0131. Hakikaten bu baya\u011f\u0131 zorla\u015ft\u0131r\u0131yor. A\u00e7l\u0131k s\u0131n\u0131r\u0131 13bin lira iken Yoksulluk s\u0131n\u0131r\u0131 45 bin liraya yakla\u015ft\u0131. Bunun kira yard\u0131m\u0131 ile lojman imkan\u0131 ile bertaraf edilmesi gerekir. B\u00fcy\u00fck\u015fehirlerden k\u00fc\u00e7\u00fck n\u00fcfuslu illere ta\u015f\u0131nmak isteyebilirler. \u00d6\u011fretmenler g\u00fcn\u00fc kuru, s\u00fcsl\u00fc c\u00fcmlelerle ge\u00e7i\u015ftirilmesin, m\u00fcjdeler bekliyoruz\u201d<\/p>\n\n\n\n<p>\u00d6NL\u00dcKTE CEBR\u0130 DAYATMAYA HAYIR<\/p>\n\n\n\n<p>Ba\u015fkan Miran, 24 Kas\u0131m\u2019da \u00f6\u011fretmenlere beyaz \u00f6nl\u00fck hediye edilmesi ile ilgili g\u00f6r\u00fc\u015flerini de a\u00e7\u0131klad\u0131. K\u0131l\u0131k K\u0131yafet eylemlerinin y\u0131llard\u0131r s\u00fcrd\u00fc\u011f\u00fcn\u00fc belirten Miran, \u00f6nl\u00fck da\u011f\u0131t\u0131lmas\u0131n\u0131n bu eylemde geri ad\u0131m atmalar\u0131na engel olmayaca\u011f\u0131n\u0131 \u00f6nl\u00fck hususunda ise dayatmaya kar\u015f\u0131 olduklar\u0131n\u0131 vurgulad\u0131. \u00d6te yandan Ortado\u011fu\u2019da 1 ay\u0131 a\u015fk\u0131n s\u00fcredir devam eden gerilimli s\u00fcreci de yak\u0131ndan takip ettiklerini s\u00f6yleyen Ba\u015fkan Ey\u00fcp B\u00fclent Miran, \u0130srail\u2019in Filistin\u2019e y\u00f6nelik sald\u0131r\u0131lar\u0131nda 10 bini a\u015fk\u0131n Filistinlinin hayat\u0131n\u0131 kaybetti\u011fini bu soyk\u0131r\u0131m\u0131n bir an evvel sona ermesini beklediklerini s\u00f6yledi. Miran s\u00f6zlerini \u015f\u00f6yle s\u00fcrd\u00fcrd\u00fc: \u201cKapal\u0131 yolda Antalya Kud\u00fcs Platformunun kurdu\u011fu \u00e7ad\u0131rda kendilerinin de n\u00f6bet tuttuklar\u0131n\u0131 belirten Ba\u015fkan Miran, \u201cSiyonist \u0130srail ve Bat\u0131l\u0131 emperyalistlerin Gazze&#8217;de ger\u00e7ekle\u015ftirdi\u011fi soyk\u0131r\u0131ma kar\u015f\u0131 toplumsal duyarl\u0131l\u0131\u011f\u0131 daha da art\u0131rmak, Filistin halk\u0131yla dayan\u0131\u015fmam\u0131z\u0131 kavile\u015ftirmek amac\u0131yla yar\u0131n t\u00fcm T\u00fcrkiye&#8217;de, b\u00fct\u00fcn i\u015fyerlerinde &#8220;Filistin\u2019de Soyk\u0131r\u0131ma Dur De&#8221; kokart\u0131 takma eylemi ger\u00e7ekle\u015ftirdik. D\u00fcnyaya sesimizi ne kadar \u00e7ok duyurursak o kadar iyi. Bu noktada t\u00fcm vatanda\u015flar\u0131m\u0131z\u0131 soyk\u0131r\u0131ma kar\u015f\u0131 duru\u015f sergilemeye davet ediyoruz\u201d<\/p>\n\n\n\n<p>memursen \/ B\u00fclten<\/p>\n","protected":false},"excerpt":{"rendered":"<p>Memur Sen Antalya Temsilcisi ve E\u011fitim Bir Sen \u015eube Ba\u015fkan\u0131 Ey\u00fcp B\u00fclent Miran, Cumhuriyetin 100. Y\u0131l\u0131na \u00f6zel Antalya\u2019da T\u00fcrk \u0130slam K\u00fclt\u00fcr \u0130zleri konulu bir foto\u011fraf <a href=\"https:\/\/akdenizhaber.com.tr\/index.php\/2023\/11\/08\/en-guzel-fotografa-10-bin-tl-odul\/\" class=\"read-more-link\">[more&#8230;]<\/a><\/p>\n","protected":false},"author":2,"featured_media":17498,"comment_status":"open","ping_status":"open","sticky":false,"template":"","format":"standard","meta":{"footnotes":""},"categories":[2],"tags":[],"class_list":["post-17497","post","type-post","status-publish","format-standard","has-post-thumbnail","hentry","category-gundem"],"_links":{"self":[{"href":"https:\/\/akdenizhaber.com.tr\/index.php\/wp-json\/wp\/v2\/posts\/17497","targetHints":{"allow":["GET"]}}],"collection":[{"href":"https:\/\/akdenizhaber.com.tr\/index.php\/wp-json\/wp\/v2\/posts"}],"about":[{"href":"https:\/\/akdenizhaber.com.tr\/index.php\/wp-json\/wp\/v2\/types\/post"}],"author":[{"embeddable":true,"href":"https:\/\/akdenizhaber.com.tr\/index.php\/wp-json\/wp\/v2\/users\/2"}],"replies":[{"embeddable":true,"href":"https:\/\/akdenizhaber.com.tr\/index.php\/wp-json\/wp\/v2\/comments?post=17497"}],"version-history":[{"count":0,"href":"https:\/\/akdenizhaber.com.tr\/index.php\/wp-json\/wp\/v2\/posts\/17497\/revisions"}],"wp:featuredmedia":[{"embeddable":true,"href":"https:\/\/akdenizhaber.com.tr\/index.php\/wp-json\/wp\/v2\/media\/17498"}],"wp:attachment":[{"href":"https:\/\/akdenizhaber.com.tr\/index.php\/wp-json\/wp\/v2\/media?parent=17497"}],"wp:term":[{"taxonomy":"category","embeddable":true,"href":"https:\/\/akdenizhaber.com.tr\/index.php\/wp-json\/wp\/v2\/categories?post=17497"},{"taxonomy":"post_tag","embeddable":true,"href":"https:\/\/akdenizhaber.com.tr\/index.php\/wp-json\/wp\/v2\/tags?post=17497"}],"curies":[{"name":"wp","href":"https:\/\/api.w.org\/{rel}","templated":true}]}}