{"id":17494,"date":"2023-11-08T12:31:21","date_gmt":"2023-11-08T09:31:21","guid":{"rendered":"https:\/\/akdenizhaber.com.tr\/?p=17494"},"modified":"2023-11-08T12:31:22","modified_gmt":"2023-11-08T09:31:22","slug":"ataya-sevgilerini-boyle-gosterdiler","status":"publish","type":"post","link":"https:\/\/akdenizhaber.com.tr\/index.php\/2023\/11\/08\/ataya-sevgilerini-boyle-gosterdiler\/","title":{"rendered":"Ata\u2019ya sevgilerini b\u00f6yle g\u00f6sterdiler"},"content":{"rendered":"\n<p><\/p>\n\n\n\n<p>Konyaalt\u0131 Belediyesi Aynur-\u0130rfan Kamil Bileydi Ya\u015fl\u0131 Kre\u015fi\u2019nin k\u0131demli sakinleri, 10 Kas\u0131m Atat\u00fcrk\u2019\u00fcn \u00f6l\u00fcm y\u0131l d\u00f6n\u00fcm\u00fcnde onu yapt\u0131klar\u0131 eserlerle and\u0131. K\u0131demli sakinler, \u201cAtat\u00fcrk\u2019e borcumuzu asla \u00f6deyemeyiz\u201d dedi.<\/p>\n\n\n\n<p>Konyaalt\u0131 Belediyesi\u2019nin Ulu\u00e7 Mahallesi\u2019nde bulunan Aynur-\u0130rfan Kamil Bileydi Ya\u015fl\u0131 Kre\u015fi, 60 ya\u015f ve \u00fczeri k\u0131demli kent sakinlerinin g\u00f6zdesi oldu. Sosyal ya\u015fama d\u00e2hil olamayan, \u00f6zellikle de \u00e7al\u0131\u015fan ailelerin g\u00fcnd\u00fcz saatlerinde bakmakta g\u00fc\u00e7l\u00fck \u00e7ekti\u011fi ya\u015fl\u0131lar\u0131n g\u00fcnlerini daha verimli ge\u00e7irdi\u011fi ya\u015fl\u0131 kre\u015finde k\u0131demli kent sakinleri 10 Kas\u0131m Atat\u00fcrk\u2019\u00fc Anma G\u00fcn\u00fc nedeniyle Ulu \u00d6nder Mustafa Kemal Atat\u00fcrk\u2019e olan sevgilerini yapt\u0131klar\u0131 resim ve mum gibi eserlerle g\u00f6sterdiler.<\/p>\n\n\n\n<p>\u201cONA \u00c7OK \u015eEY BOR\u00c7LUYUZ\u201d<\/p>\n\n\n\n<p>Bir kad\u0131n olarak Atat\u00fcrk\u2019e \u00e7ok \u015fey bor\u00e7lu oldu\u011funu s\u00f6yleyen Aynur-\u0130rfan Kamil Bileydi Ya\u015fl\u0131 Kre\u015fi sakinlerinden Necmiye \u00d6zs\u00fcll\u00fc, \u201cAtat\u00fcrk d\u00fcnya \u00e7ap\u0131nda b\u00fcy\u00fck bir d\u00e2hiydi. Bir kad\u0131n olarak ona \u00e7ok \u015fey bor\u00e7luyuz. O olmasayd\u0131 T\u00fcrkiye olmazd\u0131. Bizler olamazd\u0131k. Ona sevgimizi ve minnetimizi yapt\u0131\u011f\u0131m\u0131z bu eserlerle g\u00f6stermeye \u00e7al\u0131\u015ft\u0131k\u201d dedi. Aynur-\u0130rfan Kamil Bileydi Ya\u015fl\u0131 Kre\u015fi sakinlerinden emekli \u00f6\u011fretmen Pakize Kutlu da, \u201cO bu y\u00fczy\u0131lda kar\u015f\u0131m\u0131za \u00e7\u0131km\u0131\u015f bir dahi. Ona \u00e7ok \u015fey bor\u00e7luyuz. O bize \u00f6zg\u00fcrl\u00fc\u011f\u00fcm\u00fcz\u00fc verdi. Bizler de burada yapt\u0131\u011f\u0131m\u0131z eserlerle Atat\u00fcrk\u2019\u00fc an\u0131yoruz\u201d diye konu\u015ftu<\/p>\n\n\n\n<p>Konyaalt\u0131 Belediyesi \/ B\u00fclten<\/p>\n","protected":false},"excerpt":{"rendered":"<p>Konyaalt\u0131 Belediyesi Aynur-\u0130rfan Kamil Bileydi Ya\u015fl\u0131 Kre\u015fi\u2019nin k\u0131demli sakinleri, 10 Kas\u0131m Atat\u00fcrk\u2019\u00fcn \u00f6l\u00fcm y\u0131l d\u00f6n\u00fcm\u00fcnde onu yapt\u0131klar\u0131 eserlerle and\u0131. K\u0131demli sakinler, \u201cAtat\u00fcrk\u2019e borcumuzu asla \u00f6deyemeyiz\u201d <a href=\"https:\/\/akdenizhaber.com.tr\/index.php\/2023\/11\/08\/ataya-sevgilerini-boyle-gosterdiler\/\" class=\"read-more-link\">[more&#8230;]<\/a><\/p>\n","protected":false},"author":2,"featured_media":17495,"comment_status":"open","ping_status":"open","sticky":false,"template":"","format":"standard","meta":{"footnotes":""},"categories":[2],"tags":[],"class_list":["post-17494","post","type-post","status-publish","format-standard","has-post-thumbnail","hentry","category-gundem"],"_links":{"self":[{"href":"https:\/\/akdenizhaber.com.tr\/index.php\/wp-json\/wp\/v2\/posts\/17494","targetHints":{"allow":["GET"]}}],"collection":[{"href":"https:\/\/akdenizhaber.com.tr\/index.php\/wp-json\/wp\/v2\/posts"}],"about":[{"href":"https:\/\/akdenizhaber.com.tr\/index.php\/wp-json\/wp\/v2\/types\/post"}],"author":[{"embeddable":true,"href":"https:\/\/akdenizhaber.com.tr\/index.php\/wp-json\/wp\/v2\/users\/2"}],"replies":[{"embeddable":true,"href":"https:\/\/akdenizhaber.com.tr\/index.php\/wp-json\/wp\/v2\/comments?post=17494"}],"version-history":[{"count":0,"href":"https:\/\/akdenizhaber.com.tr\/index.php\/wp-json\/wp\/v2\/posts\/17494\/revisions"}],"wp:featuredmedia":[{"embeddable":true,"href":"https:\/\/akdenizhaber.com.tr\/index.php\/wp-json\/wp\/v2\/media\/17495"}],"wp:attachment":[{"href":"https:\/\/akdenizhaber.com.tr\/index.php\/wp-json\/wp\/v2\/media?parent=17494"}],"wp:term":[{"taxonomy":"category","embeddable":true,"href":"https:\/\/akdenizhaber.com.tr\/index.php\/wp-json\/wp\/v2\/categories?post=17494"},{"taxonomy":"post_tag","embeddable":true,"href":"https:\/\/akdenizhaber.com.tr\/index.php\/wp-json\/wp\/v2\/tags?post=17494"}],"curies":[{"name":"wp","href":"https:\/\/api.w.org\/{rel}","templated":true}]}}