{"id":17491,"date":"2023-11-08T12:30:55","date_gmt":"2023-11-08T09:30:55","guid":{"rendered":"https:\/\/akdenizhaber.com.tr\/?p=17491"},"modified":"2023-11-08T12:30:56","modified_gmt":"2023-11-08T09:30:56","slug":"kepezspora-yan-bakilmiyor","status":"publish","type":"post","link":"https:\/\/akdenizhaber.com.tr\/index.php\/2023\/11\/08\/kepezspora-yan-bakilmiyor\/","title":{"rendered":"Kepezspor\u2019a yan bak\u0131lm\u0131yor"},"content":{"rendered":"\n<p><\/p>\n\n\n\n<p>T\u00fcrkiye 3. Lig 1. Gruptaki Antalya&#8217;n\u0131n temsilcisi Kepezspor&#8217;a yan bak\u0131lm\u0131yor. Ba\u015fkan \u0130smail \u0130ltemir, &#8220;Teknik Heyetimiz ve futbolcular\u0131m\u0131z ile gurur duyuyoruz&#8221; dedi.<\/p>\n\n\n\n<p>Ligde ve Ziraat T\u00fcrkiye Kupas\u0131nda yoluna emin ad\u0131mlarla ilerleyen Kepezspor&#8217;da Ba\u015fkan \u0130smail \u0130ltemir&#8217;den a\u00e7\u0131klama geldi.<\/p>\n\n\n\n<p>K\u0131rm\u0131z\u0131 Beyazl\u0131 tak\u0131m\u0131n ba\u015far\u0131l\u0131 Ba\u015fkan\u0131 \u0130smail \u0130ltemir, &#8221; Ziraat T\u00fcrkiye Kupas\u0131nda S\u00fcper Lig temsilcisi \u0130stanbulspor&#8217;u 120 dakikan\u0131n sonunda kupan\u0131n d\u0131\u015f\u0131na iten ve Pazar g\u00fcn\u00fcde K\u00fc\u00e7\u00fck\u00e7ekmece Sinopspor kar\u015f\u0131s\u0131nda g\u00fczel futbol ile 3 puan alan Futbolcu karde\u015flerimizi, teknik heyetimizi kutluyorum onlarla gurur duyuyoruz. Bizleri bu ma\u00e7ta 90 dakika boyunca destekleyen Kepezspor taraftar\u0131m\u0131za ayr\u0131ca parantez a\u00e7arak bir kez de onlara te\u015fekk\u00fcr ediyorum ve alk\u0131\u015fl\u0131yorum. Kepezsporumuzun bir birinden k\u0131ymetli y\u00f6netim kurulu \u00fcyelerimiz,&nbsp; ba\u015fta Kepez Belediye Ba\u015fkan\u0131m\u0131z Hakan T\u00fct\u00fcnc\u00fc ve Onursal Ba\u015fkan\u0131m\u0131z Mustafa Y\u0131lmaz ile bu tak\u0131m\u0131n \u015fampiyon olmas\u0131 i\u00e7in gece g\u00fcnd\u00fcz \u00e7al\u0131\u015f\u0131yoruz. \u0130n\u015fallah sezon sonunda ge\u00e7ti\u011fimiz sezon 2. Ligin kap\u0131s\u0131ndan d\u00f6nd\u00fc\u011f\u00fcm\u00fcz bu ligden in\u015fallah sezon sonu 2. Lige y\u00fckselerek Antalya&#8217;ya \u015fampiyonlu\u011fu ya\u015fatmak istiyoruz.&#8221; diye konu\u015ftu.<\/p>\n\n\n\n<p>Kepez Belediyesi \/ B\u00fclten<\/p>\n","protected":false},"excerpt":{"rendered":"<p>T\u00fcrkiye 3. Lig 1. Gruptaki Antalya&#8217;n\u0131n temsilcisi Kepezspor&#8217;a yan bak\u0131lm\u0131yor. Ba\u015fkan \u0130smail \u0130ltemir, &#8220;Teknik Heyetimiz ve futbolcular\u0131m\u0131z ile gurur duyuyoruz&#8221; dedi. Ligde ve Ziraat T\u00fcrkiye <a href=\"https:\/\/akdenizhaber.com.tr\/index.php\/2023\/11\/08\/kepezspora-yan-bakilmiyor\/\" class=\"read-more-link\">[more&#8230;]<\/a><\/p>\n","protected":false},"author":2,"featured_media":17492,"comment_status":"open","ping_status":"open","sticky":false,"template":"","format":"standard","meta":{"footnotes":""},"categories":[2],"tags":[],"class_list":["post-17491","post","type-post","status-publish","format-standard","has-post-thumbnail","hentry","category-gundem"],"_links":{"self":[{"href":"https:\/\/akdenizhaber.com.tr\/index.php\/wp-json\/wp\/v2\/posts\/17491","targetHints":{"allow":["GET"]}}],"collection":[{"href":"https:\/\/akdenizhaber.com.tr\/index.php\/wp-json\/wp\/v2\/posts"}],"about":[{"href":"https:\/\/akdenizhaber.com.tr\/index.php\/wp-json\/wp\/v2\/types\/post"}],"author":[{"embeddable":true,"href":"https:\/\/akdenizhaber.com.tr\/index.php\/wp-json\/wp\/v2\/users\/2"}],"replies":[{"embeddable":true,"href":"https:\/\/akdenizhaber.com.tr\/index.php\/wp-json\/wp\/v2\/comments?post=17491"}],"version-history":[{"count":0,"href":"https:\/\/akdenizhaber.com.tr\/index.php\/wp-json\/wp\/v2\/posts\/17491\/revisions"}],"wp:featuredmedia":[{"embeddable":true,"href":"https:\/\/akdenizhaber.com.tr\/index.php\/wp-json\/wp\/v2\/media\/17492"}],"wp:attachment":[{"href":"https:\/\/akdenizhaber.com.tr\/index.php\/wp-json\/wp\/v2\/media?parent=17491"}],"wp:term":[{"taxonomy":"category","embeddable":true,"href":"https:\/\/akdenizhaber.com.tr\/index.php\/wp-json\/wp\/v2\/categories?post=17491"},{"taxonomy":"post_tag","embeddable":true,"href":"https:\/\/akdenizhaber.com.tr\/index.php\/wp-json\/wp\/v2\/tags?post=17491"}],"curies":[{"name":"wp","href":"https:\/\/api.w.org\/{rel}","templated":true}]}}