{"id":17473,"date":"2023-11-07T13:46:00","date_gmt":"2023-11-07T10:46:00","guid":{"rendered":"https:\/\/akdenizhaber.com.tr\/?p=17473"},"modified":"2023-11-07T14:06:33","modified_gmt":"2023-11-07T11:06:33","slug":"akcan-universitelerde-yoruk-kulturunu-anlatiyoruz","status":"publish","type":"post","link":"https:\/\/akdenizhaber.com.tr\/index.php\/2023\/11\/07\/akcan-universitelerde-yoruk-kulturunu-anlatiyoruz\/","title":{"rendered":"Ak\u00e7an, \u201c\u00dcniversitelerde Y\u00f6r\u00fck K\u00fclt\u00fcr\u00fcn\u00fc anlat\u0131yoruz\u201d"},"content":{"rendered":"\n<p><\/p>\n\n\n\n<p>O\u011fuz T\u00fcrkmenlerinin K\u0131n\u0131k Boyundan olan Demokrat Parti (DP)Manavgat \u0130l\u00e7e Ba\u015fkan\u0131 Aylin Tezcan \u00c7elik, Mu\u011fla Y\u00f6r\u00fck Obalar\u0131 Dernek Ba\u015fkan\u0131 ve T\u00fcrk Boylar\u0131 Konfederasyonu Genel B\u015fk. Yard. Orhan Ak\u00e7an ile y\u00f6netim ve \u00fcyelerini parti binas\u0131nda a\u011f\u0131rlad\u0131. Ziyarette Alanya DP \u0130l\u00e7e Ba\u015fkan\u0131 Hilmi L\u00f6k \u2019de e\u015fiyle birlikte haz\u0131r bulundu.<\/p>\n\n\n\n<p>Bu y\u0131l 2\u2019incisi d\u00fczenlenen Uluslararas\u0131 Antalya Y\u00f6r\u00fck T\u00fcrkmen \u015eenli\u011fi\u2019ne kat\u0131l\u0131m sa\u011flayan Mu\u011fla Y\u00f6r\u00fck Obalar\u0131 Derne\u011fi Ba\u015fkan\u0131 Orhan Ak\u00e7an ve y\u00f6netimi, DP Manavgat \u0130l\u00e7e Ba\u015fkan\u0131 Aylin Tezcan\u2019\u0131n daveti \u00fczerine Manavgat\u2019a geldi. \u0130l\u00e7e Binas\u0131\u2019nda ger\u00e7ekle\u015ftirilen yemekli toplant\u0131da Y\u00f6r\u00fck k\u00fclt\u00fcr\u00fc hakk\u0131nda tarihe \u0131\u015f\u0131k yutan s\u00f6yleyi\u015filer ger\u00e7ekle\u015ftirildi.<\/p>\n\n\n\n<p>\u201cT\u00fcrkler 10 bin y\u0131ll\u0131k bir konarg\u00f6\u00e7er k\u00fclt\u00fcrden geliyor\u201d<\/p>\n\n\n\n<p>Genel anlamda farkl\u0131 k\u00fclt\u00fcrlerin birle\u015fmesini temsil eden po\u015fular\u0131 ve T\u00fcrkmen k\u0131yafetleriyle davete icabet eden Orhan Ak\u00e7an, kendisinin de Aylin Tezcan \u00c7elik gibi O\u011fuzlar\u0131n K\u0131n\u0131k boyundan oldu\u011funu belirterek, \u201cAnadolu T\u00fcrklerinin % 70\u2019i O\u011fuz T\u00fcrklerinden olu\u015fuyor. Yerle\u015fik k\u00fclt\u00fcre ge\u00e7meyen bir tek Sar\u0131 ke\u00e7eli Y\u00f6r\u00fckleri kald\u0131.\u201d T\u00fcrkler 10 bin y\u0131ll\u0131k bir konarg\u00f6\u00e7er k\u00fclt\u00fcrden geliyor. Bat\u0131 d\u00fcnyas\u0131 kendi k\u00fclt\u00fcrlerini ya da g\u00f6\u00e7ebelerini koruyor ve ya\u015fat\u0131yor. Ama 10 bin y\u0131ll\u0131k bir konarg\u00f6\u00e7er k\u00fclt\u00fcrden gelen biz T\u00fcrklerin bu konarg\u00f6\u00e7er \u00f6zelli\u011fi bitmek \u00fczere. Bunu b\u00f6yle \u015f\u00f6len, toy ya da filmlerde izlemek d\u0131\u015f\u0131nda son konak g\u00f6\u00e7erleri korumal\u0131y\u0131z\u201d diye konu\u015ftu.<\/p>\n\n\n\n<p>\u201cDemokrasi Y\u00f6r\u00fck \u00e7ad\u0131rlar\u0131nda do\u011fdu\u201d<\/p>\n\n\n\n<p>Demokrasinin Y\u00f6r\u00fck \u00e7ad\u0131rlar\u0131nda do\u011fdu\u011funun unutulmamas\u0131 gerekti\u011finin \u00f6nemine vurgu yapan Ak\u00e7an, Mu\u011fla B\u00fcy\u00fck\u015fehir Belediye Ba\u015fkan\u0131 Dr. Osman G\u00fcr\u00fcn ile \u00dcniversitenin verdi\u011fi destekler sayesinde Y\u00f6r\u00fck K\u00fclt\u00fcr\u00fcn\u00fc anlatmak ve ya\u015fatmak \u015fans\u0131n\u0131 bulduklar\u0131n\u0131 s\u00f6yledi. Bu ba\u011flamda Mu\u011fla S\u0131tk\u0131 Ko\u00e7man \u00dcniversitesi Sosyoloji B\u00f6l\u00fcm\u00fc \u00f6\u011frencilerine \u00fcniversitenin programlar\u0131 \u00e7er\u00e7evesinde Y\u00f6r\u00fckleri anlatt\u0131\u011f\u0131n\u0131n alt\u0131n\u0131 \u00e7izdi.<\/p>\n\n\n\n<p>\u201cD\u00fcsturumuz bar\u0131\u015ft\u0131r\u201d<\/p>\n\n\n\n<p>Derne\u011fin kurulu\u015f amac\u0131yla ilgili k\u0131sa bilgiler veren Ak\u00e7an, \u201cDerne\u011fi kurmam\u0131z\u0131n amac\u0131 T\u00fcrk \u00f6z k\u00fclt\u00fcr\u00fc olan Y\u00f6r\u00fck k\u00fclt\u00fcr\u00fcn\u00fc ya\u015fatmak ve gelecek nesillere aktarmakt\u0131r. Cumhuriyetimizin kurucusu K\u0131z\u0131l o\u011fuz Kocac\u0131k Y\u00f6r\u00fc\u011f\u00fc Gazi Mustafa Kemal Atat\u00fcrk\u2019\u00fcn; \u2018Benim atalar\u0131m Anadolu\u2019dan (Karaman) Rumeli\u2019ye g\u00f6\u00e7 etmi\u015f Y\u00f6r\u00fck-T\u00fcrkmenlerindendir\u2019 s\u00f6z\u00fcn\u00fc kendine rehber edinmi\u015ftir. Y\u00f6r\u00fckler, ho\u015f g\u00f6r\u00fcl\u00fc insanlard\u0131r. Konarg\u00f6\u00e7er bir hayat s\u00fcrd\u00fcrd\u00fckleri i\u00e7in kavga ile hi\u00e7bir yere var\u0131lamayaca\u011f\u0131n\u0131 \u00e7ok iyi bilirler. D\u00fcsturumuz bar\u0131\u015ft\u0131r\u201d dedi.<\/p>\n\n\n\n<p>\u201cT\u00fcrk-K\u00fcrt karde\u015fiz\u201d<\/p>\n\n\n\n<p>\u00dclke genelinde faaliyet g\u00f6steren yasal 635 civar\u0131nda Y\u00f6r\u00fck\/T\u00fcrkmen dernek oldu\u011funu ayr\u0131ca yurt d\u0131\u015f\u0131nda da temsilcilikleri olan bu derneklerle ba\u011flant\u0131lar kurarak, karde\u015flik ba\u011flar\u0131n\u0131 g\u00fc\u00e7lendirdiklerini kaydeden Ak\u00e7an, \u201cHakk\u00e2ri, Diyarbak\u0131r, Bitlis ve Silvan gibi illerde derneklerimiz var. Y\u00f6r\u00fck k\u00fclt\u00fcr\u00fcn\u00fc anlatt\u0131\u011f\u0131m\u0131z bu illerde yerel halk\u0131n \u2018Ama biz K\u00fcrt\u2019\u00fcz\u2019 s\u00f6ylemini dile getirdiklerini g\u00f6rd\u00fck. Bizde onlara K\u00fcrt\u2019\u00fc tersinden okuyun T\u00fcrk oldu\u011funu, T\u00fcrk\u2019\u00fc de tersinden okudu\u011funuzda K\u00fcrt oldu\u011funu g\u00f6receksiniz. Biz T\u00fcrk\u2019\u00fcyle K\u00fcrt\u2019\u00fcyle karde\u015fiz. Y\u00f6r\u00fck k\u00fclt\u00fcr\u00fc zaten dil, din, \u0131rk ayr\u0131m\u0131n\u0131 kabul etmez. Evrensel bir d\u00fcnya g\u00f6r\u00fc\u015f\u00fcne sahiptir\u201d dedi.<\/p>\n\n\n\n<p>\u201cY\u00f6r\u00fckler, her t\u00fcrl\u00fc zulme kar\u015f\u0131d\u0131r\u201d<\/p>\n\n\n\n<p>\u0130srail\u2019in Filistin halk\u0131na uygulad\u0131\u011f\u0131 zulm\u00fcn kabul edilemez oldu\u011funu belirten Ak\u00e7an, \u201cFilistin\u2019de ya\u015fanan bir insanl\u0131k dram\u0131d\u0131r. Sivil halk\u0131n \u00fczerine bombalar ya\u011farken, \u00e7ocuklar a\u00e7l\u0131\u011fa mahk\u00fbm edilerek \u00f6ld\u00fcr\u00fcl\u00fcrken bu zulm\u00fc savunmak, insanl\u0131k ay\u0131b\u0131d\u0131r. Ancak bizim soyda\u015flar\u0131m\u0131za Da\u011f\u0131stan ve Uygur T\u00fcrklerine sistematik olarak y\u0131llard\u0131r uygulanan soyk\u0131r\u0131ma sesini \u00e7\u0131karmayanlar\u0131n da sorgulanmas\u0131 gerekti\u011fi d\u00fc\u015f\u00fcncesindeyim. Bu y\u00fczden biz Y\u00f6r\u00fckler \u2018T\u00dcRK B\u0130RL\u0130\u011e\u0130\u2019nin\u2019 kurulmas\u0131ndan yanay\u0131z. Y\u00f6r\u00fckler, her t\u00fcrl\u00fc zulme ve bask\u0131ya kar\u015f\u0131d\u0131r.\u201d<\/p>\n\n\n\n<p>Mu\u011fla Y\u00f6r\u00fck Obalar\u0131 Derne\u011fi Ba\u015fkan\u0131 Orhan Ak\u00e7an, nazik davetlerinden dolay\u0131 DP il\u00e7e Ba\u015fkan\u0131 Aylin Tezcan \u00c7elik\u2019e ve y\u00f6netimine te\u015fekk\u00fcr etti. Tezcan\u2019a dernek olarak bast\u0131rd\u0131klar\u0131 2 kitap, po\u015fu ve Atat\u00fcrk posteri hediye edildi.<\/p>\n\n\n\n<p>(Haber Merkezi)<\/p>\n","protected":false},"excerpt":{"rendered":"<p>O\u011fuz T\u00fcrkmenlerinin K\u0131n\u0131k Boyundan olan Demokrat Parti (DP)Manavgat \u0130l\u00e7e Ba\u015fkan\u0131 Aylin Tezcan \u00c7elik, Mu\u011fla Y\u00f6r\u00fck Obalar\u0131 Dernek Ba\u015fkan\u0131 ve T\u00fcrk Boylar\u0131 Konfederasyonu Genel B\u015fk. Yard. <a href=\"https:\/\/akdenizhaber.com.tr\/index.php\/2023\/11\/07\/akcan-universitelerde-yoruk-kulturunu-anlatiyoruz\/\" class=\"read-more-link\">[more&#8230;]<\/a><\/p>\n","protected":false},"author":2,"featured_media":17474,"comment_status":"open","ping_status":"open","sticky":false,"template":"","format":"standard","meta":{"footnotes":""},"categories":[2],"tags":[],"class_list":["post-17473","post","type-post","status-publish","format-standard","has-post-thumbnail","hentry","category-gundem"],"_links":{"self":[{"href":"https:\/\/akdenizhaber.com.tr\/index.php\/wp-json\/wp\/v2\/posts\/17473","targetHints":{"allow":["GET"]}}],"collection":[{"href":"https:\/\/akdenizhaber.com.tr\/index.php\/wp-json\/wp\/v2\/posts"}],"about":[{"href":"https:\/\/akdenizhaber.com.tr\/index.php\/wp-json\/wp\/v2\/types\/post"}],"author":[{"embeddable":true,"href":"https:\/\/akdenizhaber.com.tr\/index.php\/wp-json\/wp\/v2\/users\/2"}],"replies":[{"embeddable":true,"href":"https:\/\/akdenizhaber.com.tr\/index.php\/wp-json\/wp\/v2\/comments?post=17473"}],"version-history":[{"count":0,"href":"https:\/\/akdenizhaber.com.tr\/index.php\/wp-json\/wp\/v2\/posts\/17473\/revisions"}],"wp:featuredmedia":[{"embeddable":true,"href":"https:\/\/akdenizhaber.com.tr\/index.php\/wp-json\/wp\/v2\/media\/17474"}],"wp:attachment":[{"href":"https:\/\/akdenizhaber.com.tr\/index.php\/wp-json\/wp\/v2\/media?parent=17473"}],"wp:term":[{"taxonomy":"category","embeddable":true,"href":"https:\/\/akdenizhaber.com.tr\/index.php\/wp-json\/wp\/v2\/categories?post=17473"},{"taxonomy":"post_tag","embeddable":true,"href":"https:\/\/akdenizhaber.com.tr\/index.php\/wp-json\/wp\/v2\/tags?post=17473"}],"curies":[{"name":"wp","href":"https:\/\/api.w.org\/{rel}","templated":true}]}}