{"id":17456,"date":"2023-11-07T13:38:40","date_gmt":"2023-11-07T10:38:40","guid":{"rendered":"https:\/\/akdenizhaber.com.tr\/?p=17456"},"modified":"2023-11-07T13:38:40","modified_gmt":"2023-11-07T10:38:40","slug":"mustafa-duran-buyuksehire-aday","status":"publish","type":"post","link":"https:\/\/akdenizhaber.com.tr\/index.php\/2023\/11\/07\/mustafa-duran-buyuksehire-aday\/","title":{"rendered":"Mustafa Duran, B\u00fcy\u00fck\u015fehir\u2019e aday"},"content":{"rendered":"\n<p><\/p>\n\n\n\n<p><em>G\u00fcc\u00fcm\u00fcz Anadolu Platformu (GAP) Antalya \u015eube Ba\u015fkan\u0131 Mustafa Duran, davullu zurnal\u0131 geni\u015f kat\u0131l\u0131ml\u0131 bir organizasyonla \u0130Y\u0130 Parti\u2019den Antalya B\u00fcy\u00fck\u015fehir Belediye Ba\u015fkan aday adayl\u0131\u011f\u0131n\u0131 a\u00e7\u0131klad\u0131.<\/em><\/p>\n\n\n\n<p><em>Mustafa Duran\u2019\u0131n aday adayl\u0131\u011f\u0131 a\u00e7\u0131klamas\u0131na \u0130Y\u0130 Parti Antalya Milletvekili Aykut Kaya, Elmal\u0131 Belediye Ba\u015fkan\u0131 Halil \u00d6zt\u00fcrk, \u0130brad\u0131 Belediye Ba\u015fkan\u0131 Serkan K\u00fc\u00e7\u00fckkuru, \u0130l Ba\u015fkan\u0131 Vahdet Af\u015fin Karaca, il\u00e7e ba\u015fkanlar\u0131 ve vatanda\u015flar kat\u0131ld\u0131. Yerel y\u00f6netimlerin iki \u00f6nemli aya\u011f\u0131n\u0131n oldu\u011funu s\u00f6yleyen Duran, bunun birisinin kadrolar di\u011ferinin ise projeler oldu\u011funu s\u00f6yledi.<\/em><\/p>\n\n\n\n<p><em>E\u015e, DOST, AKRABA \u0130ST\u0130SMARINA SON<\/em><\/p>\n\n\n\n<p><em>\u0130ktidara giden yolun yerel y\u00f6netimlerden ge\u00e7ti\u011fini kaydeden Mustafa Duran, \u201cBizler de bu yerel se\u00e7imlerde Antalya Halk\u0131n\u0131 bulundu\u011fu yerden, istedi\u011fi, \u00f6zledi\u011fi, olmay\u0131 diledi\u011fi, yani \u015fu anda bulunmad\u0131\u011f\u0131 yerlere getirmek i\u00e7in yola \u00e7\u0131kt\u0131k.Yerel Y\u00f6netimlerin iki \u00f6nemli aya\u011f\u0131 vard\u0131r. Birincisi proje, ikincisi kadro. Bu konuda aya\u011f\u0131 yere basan projelerim var.&nbsp; Kadrolar\u0131m\u0131z\u0131 kesinlikle ve kesinlikle i\u015fi en iyi bilen ki\u015filerle kuraca\u011f\u0131m, e\u015f, dost ve akraba istismar\u0131na son verece\u011fim. Bir aileden 2,3,4 ki\u015fi i\u015fe al\u0131nmayacak. Ben e\u015fi \u00e7al\u0131\u015fan bir karde\u015finizim. \u00c7al\u0131\u015fmayan kad\u0131nlar\u0131m\u0131z\u0131 \u00fcretime d\u00e2hil ederek onlar\u0131n gelir temin etmesi ve sosyal g\u00fcvence alt\u0131na girmesi i\u00e7in \u00e7al\u0131\u015fmalar yapaca\u011f\u0131m. Antalya\u2019n\u0131n at\u0131l alanlar\u0131n\u0131 Antalya ekonomisine kazand\u0131rmak i\u00e7in harekete ge\u00e7ece\u011fim ve EXPO alan\u0131na bir Tar\u0131m \u00dcniversitesi kurmak i\u00e7in gerekli giri\u015fimlerde bulunaca\u011f\u0131m\u201d ifadelerini kulland\u0131.<\/em><\/p>\n\n\n\n<p><em>ULA\u015eIMDAN BARINMAYA KADAR PROJELER<\/em><\/p>\n\n\n\n<p><em>\u201cEn b\u00fcy\u00fck sorunlar\u0131m\u0131zdan birisi de konut s\u0131k\u0131nt\u0131s\u0131d\u0131r\u201d diyen Duran, \u201cYabanc\u0131 istilas\u0131 konut s\u0131k\u0131nt\u0131s\u0131 yaratm\u0131\u015f, en temel ihtiyac\u0131m\u0131zdan olan bar\u0131nma sorunu had safhaya ula\u015fm\u0131\u015ft\u0131r.&nbsp;Buna destek olmak i\u00e7in ilk etapta t\u00fcm alt yap\u0131s\u0131 belediye taraf\u0131ndan yap\u0131lacak 50 bin ki\u015filik sosyal konut yapmay\u0131 ve konut sorununa kal\u0131c\u0131 \u00e7\u00f6z\u00fcmler bulmay\u0131 hedefliyorum. Bu benim kendimi kan\u0131tlama projem olacakt\u0131r. Ak\u0131ll\u0131 kav\u015faklar ve katl\u0131 otoparklar ile daha organize bir toplu ta\u015f\u0131mac\u0131l\u0131k sistemiyle, bu konuya vak\u0131f yeti\u015fmi\u015f insan g\u00fcc\u00fcm\u00fczle Antalya Trafi\u011fini nefes al\u0131r hale getirecek ve kal\u0131c\u0131 \u00e7\u00f6z\u00fcmler sunaca\u011f\u0131m. Antalya\u2019m\u0131z i\u00e7in bir marka olan Akdeniz \u00dcniversitesi \u00f6\u011frencileri bizim gelece\u011fimiz ve misafirlerimizdir. Bu karde\u015flerimizin en \u00f6nemli ihtiyac\u0131 olan bar\u0131nma ve yemek sorunlar\u0131na \u00e7\u00f6z\u00fcm bulaca\u011f\u0131m. Bu da bizim gelece\u011fimize kar\u015f\u0131 bir g\u00f6revimizdir. Bu g\u00f6revime de sahip \u00e7\u0131kaca\u011f\u0131m\u201d \u015feklinde konu\u015ftu.<\/em><\/p>\n\n\n\n<p><em>\u0130\u015eGALLERE SON VER\u0130LECEK<\/em><\/p>\n\n\n\n<p><em>Antalya B\u00fcy\u00fck\u015fehir Belediye Ba\u015fkan aday aday\u0131 Mustafa Duran, \u201cEn \u00f6nemli sorunlar\u0131m\u0131zdan biri olan ve belediyelerimizin s\u0131n\u0131fta kald\u0131\u011f\u0131 sokak hayvanlar\u0131 konusunda d\u00fcnya kentlerinde olan kal\u0131c\u0131 \u00e7\u00f6z\u00fcmleri \u00f6rnek al\u0131p uygulayaca\u011f\u0131m. Bu konuda da sokak hayvanlar\u0131 ile ilgili dernekleri yan\u0131m\u0131zda g\u00f6rece\u011fimiz projelerim olacak. Hi\u00e7bir sokak hayvan\u0131 bak\u0131ms\u0131zl\u0131ktan \u00f6lmeyecek.Otellerin bir \u015fekilde i\u015fgal etti\u011fi halk plajlar\u0131n\u0131 halk\u0131m\u0131za sunmak i\u00e7in \u00e7al\u0131\u015fmalar yapaca\u011f\u0131m. Burada \u015fu s\u00f6z\u00fc vermek istiyorum. Makam\u0131nda oturan, \u00f6n\u00fcne gelen evrak\u0131 imzalayan, yetkileri tamam\u0131yla devretmi\u015f bir ba\u015fkan olmayaca\u011f\u0131m.&nbsp; Bir turizm ve sahil kenti olan Antalya\u2019m\u0131z\u0131n en b\u00fcy\u00fck sorunlar\u0131ndan biri olan ve devaml\u0131 bas\u0131n taraf\u0131ndan uyar\u0131lan, halk taraf\u0131ndan \u015fikayet konusu olan beach parklara kal\u0131c\u0131 \u00e7\u00f6z\u00fcm bulaca\u011f\u0131m. Yasal s\u0131n\u0131rlar\u0131n\u0131 hat\u0131rlatacak ve istismar\u0131 engelleyece\u011fim.&nbsp; Yerli halk\u0131m\u0131z\u0131n fahi\u015f fiyatlar dolay\u0131s\u0131yla gidemedi\u011fi plajlar\u0131 mercek alt\u0131na alacak ve s\u00fcrekli denetleyece\u011fim. Buralarda da i\u015fgali bitirece\u011fim\u201d a\u00e7\u0131klamas\u0131nda bulundu.<\/em><\/p>\n\n\n\n<p><em>SANATA AYRI B\u0130R PARANTEZ A\u00c7TI<\/em><\/p>\n\n\n\n<p><em>\u0130halelerin \u015feffaf ve canl\u0131 yay\u0131nlar ile yap\u0131laca\u011f\u0131n\u0131 kaydeden Duran, \u201cBelediyemizin alaca\u011f\u0131 mal ve hizmet al\u0131mlar\u0131 ile ilgili ihalelerin kapal\u0131 kap\u0131lar ard\u0131nda olmas\u0131n\u0131 engelleyecek, ilgili alt yap\u0131y\u0131 kuracak ve kameralar \u00f6n\u00fcnde ihaleler yapaca\u011f\u0131m.Halk\u0131m\u0131z\u0131n milli duygular\u0131n\u0131 negatif etkileyen Milli Bayramlar\u0131m\u0131z\u0131 bir konser ile ge\u00e7i\u015ftiren uygulamalara son verece\u011fim.&nbsp;Milli g\u00fcnlerimiz konserle de\u011fil o g\u00fcn\u00fcn mana ve \u00f6nemine yak\u0131\u015fan etkinlikler ile kutlanacakt\u0131r.&nbsp; Ben iyi tabiatl\u0131, sanatsal ve k\u00fclt\u00fcrel mirasa de\u011fer veren, yap\u0131lan iyi projeleri kabul eden, yapanlara sayg\u0131 duyan ve bunu devam ettirme \u00e7abas\u0131nda olan bir ki\u015fiyim. Bu anlamda ge\u00e7mi\u015fte bir B\u00fcy\u00fck\u015fehir Belediye Ba\u015fkan\u0131m\u0131z taraf\u0131ndan kurulan, daha sonra gelen belediye ba\u015fkan\u0131 taraf\u0131ndan kapat\u0131lan \u015fu anda at\u0131l durumda depolarda \u00e7\u00fcr\u00fcyen&nbsp; &#8220;Behl\u00fcl Dal Sinema M\u00fczesi&#8221; ni yeniden aya\u011fa kald\u0131r\u0131lacak, Alt\u0131n Portakal Film&nbsp; Festivalinin bir par\u00e7as\u0131 haline getirecek ve halk\u0131n ziyaret etti\u011fi bir nokta yarataca\u011f\u0131m\u201d dedi.<\/em><\/p>\n\n\n\n<p><em>M\u00dcLTEC\u0130LER\u0130 ANTALYA\u2019DAN G\u00d6NDERECE\u011e\u0130M<\/em><\/p>\n\n\n\n<p><em>Aday olup se\u00e7ildi\u011fi taktirde Antalya\u2019daki m\u00fcltecileri g\u00f6nderece\u011fini a\u00e7\u0131klayan Mustafa Duran \u015funlar\u0131 s\u00f6yledi:&nbsp; \u201c\u00d6nce Antalya, daha sonra Antalya \u0130l\u00e7eleri ve nihayet t\u00fcm T\u00fcrkiye&#8217;yi kapsama yolunda emin ad\u0131mlarla y\u00fcr\u00fcyen, ge\u00e7mi\u015fte s\u00f6zc\u00fcs\u00fc, h\u00e2lihaz\u0131rda ba\u015fkan\u0131 oldu\u011fum bu proje bir s\u00fcredir Antalya\u2019n\u0131n ba\u015f\u0131na musallat olan M\u00fclteci \u0130stilas\u0131 ve Yabanc\u0131 Dilde Tabela konusunda halk\u0131m\u0131z\u0131 ayd\u0131nlatan, yerel ve genel y\u00f6netimleri uyaran \u00e7al\u0131\u015fmalar yapmaktad\u0131r.&nbsp;Halktan olumlu tepkiler gelmesine ra\u011fmen y\u00f6neticiler duyars\u0131z kalmaktad\u0131r.<\/em><\/p>\n\n\n\n<p><em>&nbsp;E\u011fer B\u00fcy\u00fck\u015fehir Belediye Ba\u015fkan\u0131 olursam en \u00f6nceli\u011fim \u201cM\u00fclteci istilas\u0131na dur deyip onlar\u0131 kibarca g\u00f6ndermek olacakt\u0131r.&nbsp;<\/em><\/p>\n\n\n\n<p><em>&nbsp;Kesinlikle ve kesinlikle yabanc\u0131 dilde tabelalara \u201cdur\u201d demek olacakt\u0131r.&nbsp;Bu bizlerin T\u00fcrkiye\u2019ye borcu ve vatanda\u015fl\u0131k g\u00f6revidir.\u201d<\/em><\/p>\n\n\n\n<p><em>(Haber Merkezi)<\/em><\/p>\n","protected":false},"excerpt":{"rendered":"<p>G\u00fcc\u00fcm\u00fcz Anadolu Platformu (GAP) Antalya \u015eube Ba\u015fkan\u0131 Mustafa Duran, davullu zurnal\u0131 geni\u015f kat\u0131l\u0131ml\u0131 bir organizasyonla \u0130Y\u0130 Parti\u2019den Antalya B\u00fcy\u00fck\u015fehir Belediye Ba\u015fkan aday adayl\u0131\u011f\u0131n\u0131 a\u00e7\u0131klad\u0131. Mustafa <a href=\"https:\/\/akdenizhaber.com.tr\/index.php\/2023\/11\/07\/mustafa-duran-buyuksehire-aday\/\" class=\"read-more-link\">[more&#8230;]<\/a><\/p>\n","protected":false},"author":2,"featured_media":17457,"comment_status":"open","ping_status":"open","sticky":false,"template":"","format":"standard","meta":{"footnotes":""},"categories":[2],"tags":[],"class_list":["post-17456","post","type-post","status-publish","format-standard","has-post-thumbnail","hentry","category-gundem"],"_links":{"self":[{"href":"https:\/\/akdenizhaber.com.tr\/index.php\/wp-json\/wp\/v2\/posts\/17456","targetHints":{"allow":["GET"]}}],"collection":[{"href":"https:\/\/akdenizhaber.com.tr\/index.php\/wp-json\/wp\/v2\/posts"}],"about":[{"href":"https:\/\/akdenizhaber.com.tr\/index.php\/wp-json\/wp\/v2\/types\/post"}],"author":[{"embeddable":true,"href":"https:\/\/akdenizhaber.com.tr\/index.php\/wp-json\/wp\/v2\/users\/2"}],"replies":[{"embeddable":true,"href":"https:\/\/akdenizhaber.com.tr\/index.php\/wp-json\/wp\/v2\/comments?post=17456"}],"version-history":[{"count":0,"href":"https:\/\/akdenizhaber.com.tr\/index.php\/wp-json\/wp\/v2\/posts\/17456\/revisions"}],"wp:featuredmedia":[{"embeddable":true,"href":"https:\/\/akdenizhaber.com.tr\/index.php\/wp-json\/wp\/v2\/media\/17457"}],"wp:attachment":[{"href":"https:\/\/akdenizhaber.com.tr\/index.php\/wp-json\/wp\/v2\/media?parent=17456"}],"wp:term":[{"taxonomy":"category","embeddable":true,"href":"https:\/\/akdenizhaber.com.tr\/index.php\/wp-json\/wp\/v2\/categories?post=17456"},{"taxonomy":"post_tag","embeddable":true,"href":"https:\/\/akdenizhaber.com.tr\/index.php\/wp-json\/wp\/v2\/tags?post=17456"}],"curies":[{"name":"wp","href":"https:\/\/api.w.org\/{rel}","templated":true}]}}