{"id":17453,"date":"2023-11-07T13:38:01","date_gmt":"2023-11-07T10:38:01","guid":{"rendered":"https:\/\/akdenizhaber.com.tr\/?p=17453"},"modified":"2023-11-07T13:38:01","modified_gmt":"2023-11-07T10:38:01","slug":"yorexte-akseki-ruzgari-esti","status":"publish","type":"post","link":"https:\/\/akdenizhaber.com.tr\/index.php\/2023\/11\/07\/yorexte-akseki-ruzgari-esti\/","title":{"rendered":"Y\u00f6rex\u2019te Akseki R\u00fczg\u00e2r\u0131 Esti!"},"content":{"rendered":"\n<p><\/p>\n\n\n\n<p>Anadolu&#8217;dan gelen binlerce y\u00f6resel \u00fcr\u00fcn\u00fcn ziyaret\u00e7ilerle bulu\u015ftu\u011fu, Antalya Ticaret Borsas\u0131 \u00f6nc\u00fcl\u00fc\u011f\u00fcnde, TOBB&#8217;un deste\u011fiyle bu y\u0131l 12. kez kap\u0131lar\u0131n\u0131 a\u00e7an Y\u00f6resel \u00dcr\u00fcnler Fuar\u0131 (Y\u00d6REX) \u2018te Akseki r\u00fczg\u00e2r\u0131 esti.<\/p>\n\n\n\n<p>Antalya ANFA\u015e Fuar Merkezi&#8217;nde, TOBB Ba\u015fkan\u0131 M. Rifat Hisarc\u0131kl\u0131o\u011flu&#8217;nun kat\u0131l\u0131m\u0131yla ger\u00e7ekle\u015fen fuarda, Akseki Belediyesi de %100 do\u011fal y\u00f6resel \u00fcr\u00fcnlerini T\u00fcrkiye vitrinine ta\u015f\u0131d\u0131.<\/p>\n\n\n\n<p>Y\u00d6REX y\u00f6resel fuar\u0131na Akseki Belediyesi olarak ilk kez kat\u0131l\u0131m sa\u011flad\u0131klar\u0131n\u0131 kaydeden Akseki Belediye Ba\u015fkan\u0131 \u0130brahim \u00d6zkan,&nbsp; Akseki\u2019nin el eme\u011fi g\u00f6z nuru \u00fcr\u00fcnlerine ilgiden memnun olduklar\u0131n\u0131 kaydetti.<\/p>\n\n\n\n<p>Ba\u015fkan \u00d6zkan, \u201dY\u00d6REX Y\u00f6resel \u00dcr\u00fcnler Fuar\u0131, \u00fcretildi\u011fi veya yeti\u015ftirildi\u011fi y\u00f6renin ad\u0131yla an\u0131lan tar\u0131m \u00fcr\u00fcnleri g\u0131da \u00fcr\u00fcnleri, el sanat\u0131 ve sanayi \u00fcr\u00fcnlerini ulusal ve k\u00fcresel \u00f6l\u00e7ekte tan\u0131tmak amac\u0131yla d\u00fczenlenen bir organizasyon. Biz de Akseki\u2019mizin y\u00f6resel ve do\u011fal \u00fcr\u00fcnlerini buraya ta\u015f\u0131d\u0131k. 4 g\u00fcn boyunca binlerce ziyaret\u00e7imize tatt\u0131rd\u0131k. Y\u00f6resel \u00fcr\u00fcnlerimize ilgi \u00e7ok b\u00fcy\u00fckt\u00fc\u201d dedi.<\/p>\n\n\n\n<p>Y\u00d6REX&nbsp; fuar\u0131nda, Akseki\u2019nin y\u00f6resel \u00fcr\u00fcnlerinin oda\u011f\u0131nda kentin y\u00f6resel de\u011ferlerinin ve k\u00fclt\u00fcrel unsurlar\u0131n\u0131 ulusal \u00e7apta etkile\u015fim ve payla\u015f\u0131m\u0131n\u0131 sa\u011flad\u0131klar\u0131n\u0131 kaydeden Akseki Belediye Ba\u015fkan\u0131 \u0130brahim \u00d6zkan hedeflerini de a\u00e7\u0131klad\u0131.<\/p>\n\n\n\n<p>Ba\u015fkan \u00d6zkan, \u201cY\u00f6resel \u00fcr\u00fcnlerimizin, i\u00e7 pazarda bask\u0131nl\u0131k kuran ithal \u00fcr\u00fcnler aras\u0131nda eriyip gitmesine engel olmak ve daha geni\u015f pazarlarda de\u011fer bulmas\u0131n\u0131 sa\u011flamak. Y\u00f6resel \u00fcr\u00fcnlerimizin markala\u015fma bilincini olu\u015fturarak ticari de\u011ferlerini ve hacmini y\u00fckselterek \u00fcreticimizin al\u0131n terini korumak. Akseki\u2019miz de tar\u0131ma dayal\u0131 istihdam\u0131 geli\u015ftirmek ve tersine g\u00f6\u00e7\u00fc artt\u0131rmak&nbsp; amac\u0131nday\u0131z\u201d dedi.<\/p>\n\n\n\n<p>AKSEK\u0130Y\u00d6RESEL.COM, \u00dcRET\u0130C\u0130 \u0130LE T\u00dcKET\u0130C\u0130 ARASINDA B\u0130R K\u00d6PR\u00dc<\/p>\n\n\n\n<p>Akseki Belediyesi olarak kentin y\u00f6resel \u00fcr\u00fcnlerine aksekiy\u00f6resel.com isimli e ticaret platformuyla 365 g\u00fcn 24 saat t\u00fcm T\u00fcrkiye\u2019nin ula\u015fma imk\u00e2n\u0131n\u0131 sa\u011flad\u0131klar\u0131n\u0131 kaydeden Akseki Belediye Ba\u015fkan\u0131 \u0130brahim \u00d6zkan, \u201cAksekiy\u00f6resel.com e ticaret platformumuzu 2022 y\u0131l\u0131nda kurduk. \u00c7i\u00e7ek bal\u0131ndan aspir ya\u011f\u0131na, ku\u015fburnu pekmezinden tarhanaya; el eme\u011fi ve y\u0131llar\u0131n getirdi\u011fi k\u00fclt\u00fcr\u00fcm\u00fczle yo\u011frulmu\u015f do\u011fal ve faydal\u0131 lezzetlerimizi burada tan\u0131t\u0131yor ve sat\u0131\u015fa sunuyoruz. \u00c7ift\u00e7imizin al\u0131n terlerinin kar\u015f\u0131l\u0131\u011f\u0131n\u0131 tam anlam\u0131yla verebilmek ad\u0131na \u00fcr\u00fcn\u00fc de\u011ferinde almaya b\u00fcy\u00fck \u00f6zen g\u00f6steriyoruz. E ticaret platformumuz \u00fcreticiyle t\u00fcketici aras\u0131nda k\u00f6pr\u00fc vazifesi g\u00f6r\u00fcyor\u201d ifadelerini kulland\u0131.<\/p>\n\n\n\n<p>(Haber Merkezi)<\/p>\n","protected":false},"excerpt":{"rendered":"<p>Anadolu&#8217;dan gelen binlerce y\u00f6resel \u00fcr\u00fcn\u00fcn ziyaret\u00e7ilerle bulu\u015ftu\u011fu, Antalya Ticaret Borsas\u0131 \u00f6nc\u00fcl\u00fc\u011f\u00fcnde, TOBB&#8217;un deste\u011fiyle bu y\u0131l 12. kez kap\u0131lar\u0131n\u0131 a\u00e7an Y\u00f6resel \u00dcr\u00fcnler Fuar\u0131 (Y\u00d6REX) \u2018te Akseki <a href=\"https:\/\/akdenizhaber.com.tr\/index.php\/2023\/11\/07\/yorexte-akseki-ruzgari-esti\/\" class=\"read-more-link\">[more&#8230;]<\/a><\/p>\n","protected":false},"author":2,"featured_media":17454,"comment_status":"open","ping_status":"open","sticky":false,"template":"","format":"standard","meta":{"footnotes":""},"categories":[2],"tags":[],"class_list":["post-17453","post","type-post","status-publish","format-standard","has-post-thumbnail","hentry","category-gundem"],"_links":{"self":[{"href":"https:\/\/akdenizhaber.com.tr\/index.php\/wp-json\/wp\/v2\/posts\/17453","targetHints":{"allow":["GET"]}}],"collection":[{"href":"https:\/\/akdenizhaber.com.tr\/index.php\/wp-json\/wp\/v2\/posts"}],"about":[{"href":"https:\/\/akdenizhaber.com.tr\/index.php\/wp-json\/wp\/v2\/types\/post"}],"author":[{"embeddable":true,"href":"https:\/\/akdenizhaber.com.tr\/index.php\/wp-json\/wp\/v2\/users\/2"}],"replies":[{"embeddable":true,"href":"https:\/\/akdenizhaber.com.tr\/index.php\/wp-json\/wp\/v2\/comments?post=17453"}],"version-history":[{"count":0,"href":"https:\/\/akdenizhaber.com.tr\/index.php\/wp-json\/wp\/v2\/posts\/17453\/revisions"}],"wp:featuredmedia":[{"embeddable":true,"href":"https:\/\/akdenizhaber.com.tr\/index.php\/wp-json\/wp\/v2\/media\/17454"}],"wp:attachment":[{"href":"https:\/\/akdenizhaber.com.tr\/index.php\/wp-json\/wp\/v2\/media?parent=17453"}],"wp:term":[{"taxonomy":"category","embeddable":true,"href":"https:\/\/akdenizhaber.com.tr\/index.php\/wp-json\/wp\/v2\/categories?post=17453"},{"taxonomy":"post_tag","embeddable":true,"href":"https:\/\/akdenizhaber.com.tr\/index.php\/wp-json\/wp\/v2\/tags?post=17453"}],"curies":[{"name":"wp","href":"https:\/\/api.w.org\/{rel}","templated":true}]}}