{"id":17431,"date":"2023-11-06T13:43:00","date_gmt":"2023-11-06T10:43:00","guid":{"rendered":"https:\/\/akdenizhaber.com.tr\/?p=17431"},"modified":"2023-11-06T14:17:32","modified_gmt":"2023-11-06T11:17:32","slug":"sampiyon-olacagiz-baska-yolu-yok","status":"publish","type":"post","link":"https:\/\/akdenizhaber.com.tr\/index.php\/2023\/11\/06\/sampiyon-olacagiz-baska-yolu-yok\/","title":{"rendered":"\u015eAMP\u0130YON OLACA\u011eIZ BA\u015eKA YOLU YOK!.."},"content":{"rendered":"\n<p><br><\/p>\n\n\n\n<p>Bu y\u0131l Manavgat Belediyespor futbol kar\u015f\u0131la\u015fmas\u0131n\u0131 ilk kez ge\u00e7ti\u011fimiz Pazar g\u00fcn\u00fc izledim.<\/p>\n\n\n\n<p>Benim i\u00e7in buruk bir kar\u015f\u0131la\u015fmayd\u0131, ek\u00fcr\u00fcm, dost y\u00fcrekli karde\u015fim gerek i\u00e7 sahada, gerekse deplasmanda birbirimizi hi\u00e7 b\u0131rakmad\u0131\u011f\u0131m\u0131z muhtar\u0131m rahmetli karde\u015fim Ali O\u011fuz \u201cSinek Ali\u201d nin yan\u0131mda olmay\u0131\u015f\u0131 burukluk ya\u015fatt\u0131 y\u00fcre\u011fimde..<\/p>\n\n\n\n<p>Stada girer girmez an\u0131lar g\u00f6z\u00fcm\u00fcn \u00f6n\u00fcnden bir film \u015feridi gibi ak\u0131p ge\u00e7iverdi.<\/p>\n\n\n\n<p>Hele ma\u00e7tan birka\u00e7 sat \u00f6nce geldi\u011fimiz ve su deposunun yan\u0131na tezgah kurup ta sohbet etti\u011fimiz o g\u00fczelim g\u00fcnler,bizi orada ziyarete gelen y\u00fcre\u011fi g\u00fczel dostlar\u0131 unutmak ne m\u00fcmk\u00fcn!.<\/p>\n\n\n\n<p>Birlikte izledi\u011fimiz ma\u00e7larda analiz yapar,tak\u0131m\u0131n eksik ve fazlas\u0131n\u0131 yat\u0131r\u0131rd\u0131k masaya..<\/p>\n\n\n\n<p>Ali O\u011fuz karde\u015fimi rahmet ve \u00f6zlemle an\u0131yorum, mekan\u0131 cennet olsun.<\/p>\n\n\n\n<p>Manavgat Belediyespor her lig ba\u015flang\u0131c\u0131nda f\u0131rt\u0131na gibi ba\u015flar kar\u015f\u0131la\u015fmalara ilk \u00fc\u00e7 &#8211; d\u00f6rt hatta daha fazla ma\u00e7\u0131 kazanarak ligde var oldu\u011funu kan\u0131tlar, sonradan ne hikmetse \u00e7orap s\u00f6k\u00fc\u011f\u00fc gibi \u00e7\u00f6z\u00fcl\u00fcr giderdi.<\/p>\n\n\n\n<p>Son ma\u00e7larda ise bal liginde kalabilme ad\u0131na playoff oynamak zorunda kal\u0131rd\u0131.<\/p>\n\n\n\n<p>O ma\u00e7lar\u0131 da \u015fampiyonluk havas\u0131nda alabilme \u00e7abas\u0131na girerdik.<\/p>\n\n\n\n<p>\u0130n\u015fallah bu sene \u00f6yle olmaz\u2026<\/p>\n\n\n\n<p>Ligi ba\u015flad\u0131\u011f\u0131m\u0131z gibi bitirir ve \u015fampiyonlukta ipi g\u00f6\u011f\u00fcsleyen taraf biz oluruz.<\/p>\n\n\n\n<p>Sarayk\u00f6y kar\u015f\u0131s\u0131nda izledi\u011fim kadar\u0131 ile \u00f6ncelikle teknik adam Ercan Kul\u2019un ge\u00e7mi\u015fteki tecr\u00fcbeleri ve ya\u015fam\u0131\u015f oldu\u011fu \u015fampiyonluklar\u0131n bu tak\u0131ma yarar sa\u011flayaca\u011f\u0131n\u0131 g\u00f6zlemledim.<\/p>\n\n\n\n<p>Yeni transferlerin \u00f6n\u00fcm\u00fczdeki haftalarda daha yararl\u0131 olabilece\u011fini g\u00f6zlemledim, Sarayk\u00f6y kar\u015f\u0131s\u0131nda ilk yar\u0131da yap\u0131lan t\u00fcm bask\u0131lara ra\u011fmen gol yollar\u0131n\u0131 a\u015famay\u0131\u015f\u0131m\u0131z, ikinci yar\u0131da ise bast\u0131ran ve \u00fcst\u00fcm\u00fcze \u00e7ok gelen bir Sarayk\u00f6y izleme olana\u011f\u0131 yakalad\u0131k.<\/p>\n\n\n\n<p>Manavgat Belediyespor att\u0131\u011f\u0131 golden sonra sanki deplasmanda top oynarm\u0131\u015f\u00e7as\u0131na atak futbol yerine defansif futbola y\u00f6nelince ba\u015fka gol yakalama \u015fans\u0131 olmad\u0131..<\/p>\n\n\n\n<p>Kaleci ve defans g\u00fczel,orta saha belki takviye ile daha g\u00fczel olur fakat h\u00fccumda \u00e7o\u011falan ve gol yollar\u0131nda ba\u015far\u0131l\u0131 olamayan bir tak\u0131m vard\u0131 sahada.<\/p>\n\n\n\n<p>Sa\u011fdan \u2013 soldan ataklarla rakip kaleye yakla\u015ft\u0131\u011f\u0131m\u0131z ileride \u00e7o\u011falan bir Manavgat Belediyespor neden yoktu?..<\/p>\n\n\n\n<p>Bu sorunun cevab\u0131n\u0131 en k\u0131sa zamanda teknik ekibin \u00e7\u00f6z\u00fcmlemesi gerekiyor.<\/p>\n\n\n\n<p>Sahada g\u00f6rd\u00fc\u011f\u00fcm futbolcular\u0131n ve fizik ve kondisyonlar\u0131 ger\u00e7ek anlamda g\u00fc\u00e7l\u00fc.<\/p>\n\n\n\n<p>Bu g\u00fcc\u00fc kullanarak defansif futbolla birlikte ileride \u00e7o\u011falan ve gol yollar\u0131nda ba\u015far\u0131l\u0131 bir ekip g\u00f6rd\u00fc\u011f\u00fcm\u00fcz takdirde y\u0131llard\u0131r \u00f6zlemini ya\u015fad\u0131\u011f\u0131m\u0131z \u015fampiyonlu\u011fu yakalamak m\u00fcmk\u00fcn.<\/p>\n\n\n\n<p>Bu hafta Kumluca Belediyespor\u2019a lider olarak gidece\u011fiz, bu deplasmandan muhakkak puan alarak liderli\u011fimizi s\u00fcrd\u00fcrmek zorunday\u0131z.<\/p>\n\n\n\n<p>Grubumuzda en g\u00fc\u00e7l\u00fc ekipler Kumluca Belediye spor ile Mu\u011fla g\u00f6z\u00fck\u00fcyor..<\/p>\n\n\n\n<p>\u0130n\u015fallah bu y\u0131l bu i\u015f olacak..<\/p>\n\n\n\n<p>\u015eampiyon olaca\u011f\u0131z ba\u015fka yolu yok..<\/p>\n\n\n\n<p>Haydi, kal\u0131n sa\u011fl\u0131cakla.<\/p>\n\n\n\n<p>Her \u015fey y\u00fcre\u011finize g\u00f6re olsun.<\/p>\n\n\n\n<p>HOPDED\u0130K<\/p>\n\n\n\n<p>\u015eAMP\u0130YON..<\/p>\n\n\n\n<p>Y\u0131llard\u0131r t\u00fcrk\u00fc s\u00f6yleriz,<\/p>\n\n\n\n<p>Y\u0131llard\u0131r \u00f6 g\u00fcn\u00fc bekleriz..<\/p>\n\n\n\n<p>De\u011fi\u015fik sloganlarla<\/p>\n\n\n\n<p>\u015eampiyonuz deriz.<\/p>\n\n\n\n<p>\u015eampiyon olaca\u011f\u0131z ba\u015fka yolu yok!<\/p>\n","protected":false},"excerpt":{"rendered":"<p>Bu y\u0131l Manavgat Belediyespor futbol kar\u015f\u0131la\u015fmas\u0131n\u0131 ilk kez ge\u00e7ti\u011fimiz Pazar g\u00fcn\u00fc izledim. Benim i\u00e7in buruk bir kar\u015f\u0131la\u015fmayd\u0131, ek\u00fcr\u00fcm, dost y\u00fcrekli karde\u015fim gerek i\u00e7 sahada, gerekse <a href=\"https:\/\/akdenizhaber.com.tr\/index.php\/2023\/11\/06\/sampiyon-olacagiz-baska-yolu-yok\/\" class=\"read-more-link\">[more&#8230;]<\/a><\/p>\n","protected":false},"author":2,"featured_media":17432,"comment_status":"open","ping_status":"open","sticky":false,"template":"","format":"standard","meta":{"footnotes":""},"categories":[2],"tags":[],"class_list":["post-17431","post","type-post","status-publish","format-standard","has-post-thumbnail","hentry","category-gundem"],"_links":{"self":[{"href":"https:\/\/akdenizhaber.com.tr\/index.php\/wp-json\/wp\/v2\/posts\/17431","targetHints":{"allow":["GET"]}}],"collection":[{"href":"https:\/\/akdenizhaber.com.tr\/index.php\/wp-json\/wp\/v2\/posts"}],"about":[{"href":"https:\/\/akdenizhaber.com.tr\/index.php\/wp-json\/wp\/v2\/types\/post"}],"author":[{"embeddable":true,"href":"https:\/\/akdenizhaber.com.tr\/index.php\/wp-json\/wp\/v2\/users\/2"}],"replies":[{"embeddable":true,"href":"https:\/\/akdenizhaber.com.tr\/index.php\/wp-json\/wp\/v2\/comments?post=17431"}],"version-history":[{"count":0,"href":"https:\/\/akdenizhaber.com.tr\/index.php\/wp-json\/wp\/v2\/posts\/17431\/revisions"}],"wp:featuredmedia":[{"embeddable":true,"href":"https:\/\/akdenizhaber.com.tr\/index.php\/wp-json\/wp\/v2\/media\/17432"}],"wp:attachment":[{"href":"https:\/\/akdenizhaber.com.tr\/index.php\/wp-json\/wp\/v2\/media?parent=17431"}],"wp:term":[{"taxonomy":"category","embeddable":true,"href":"https:\/\/akdenizhaber.com.tr\/index.php\/wp-json\/wp\/v2\/categories?post=17431"},{"taxonomy":"post_tag","embeddable":true,"href":"https:\/\/akdenizhaber.com.tr\/index.php\/wp-json\/wp\/v2\/tags?post=17431"}],"curies":[{"name":"wp","href":"https:\/\/api.w.org\/{rel}","templated":true}]}}