{"id":17428,"date":"2023-11-06T13:43:50","date_gmt":"2023-11-06T10:43:50","guid":{"rendered":"https:\/\/akdenizhaber.com.tr\/?p=17428"},"modified":"2023-11-06T13:43:51","modified_gmt":"2023-11-06T10:43:51","slug":"addden-muhtesem-kahvalti","status":"publish","type":"post","link":"https:\/\/akdenizhaber.com.tr\/index.php\/2023\/11\/06\/addden-muhtesem-kahvalti\/","title":{"rendered":"ADD\u2019den Muhte\u015fem Kahvalt\u0131"},"content":{"rendered":"\n<p><\/p>\n\n\n\n<p>Atat\u00fcrk\u00e7\u00fc D\u00fc\u015f\u00fcnce Derne\u011fi ADD Manavgat \u015fubesince organize edilen burs alacak \u00f6\u011frencilere y\u00f6nelik kahvalt\u0131 etkinli\u011fi ge\u00e7ti\u011fimiz Pazar g\u00fcn\u00fc K\u0131z\u0131la\u011fa\u00e7 Sea World Resort Hotel\u2019 de d\u00fczenlendi.<\/p>\n\n\n\n<p>Etkinlikte&nbsp; Manavgat e\u011fitim camias\u0131n\u0131n temsilcileri ve &nbsp;sivil toplum kurulu\u015flar\u0131 ile \u00e7ok say\u0131da ATAT\u00dcRK\u00c7\u00dc D\u00fc\u015f\u00fcnce derne\u011fi \u00fcyesi de haz\u0131r bulundu.<\/p>\n\n\n\n<p>Atat\u00fcrk\u00e7\u00fc D\u00fc\u015f\u00fcnce Derne\u011fi Manavgat \u015fubesince geleneksel hale getirilen ve elde edilen gelirle \u00f6\u011frencilere burs yard\u0131m\u0131 yap\u0131lan kahvalt\u0131ya kat\u0131l\u0131m\u0131n y\u00fcksek olmas\u0131ndan dolay duyduklar\u0131 mutlulu\u011fu ifade eden ADD Manavgat \u015fube ba\u015fkan\u0131 Ya\u015far Bulut kat\u0131l\u0131mc\u0131lara te\u015fekk\u00fcr etti.<\/p>\n\n\n\n<p>ADD Manavgat \u015fube ba\u015fkan\u0131 Ya\u015far Bulut etkinlikte davetlilere Atat\u00fcrk yolunda y\u0131lmayan dava arkada\u015flar\u0131m diye seslendi, kat\u0131l\u0131m ve desteklerinden dolay\u0131 te\u015fekk\u00fcr etti.<\/p>\n\n\n\n<p>Ba\u015fkan Bulut,&nbsp; Atat\u00fcrk\u00e7\u00fc D\u00fc\u015f\u00fcnce Derne\u011fi Manavgat \u015fubesi olarak daha fazla \u00f6\u011frenciye burs sa\u011flama ad\u0131na daha s\u0131k etkinlikler d\u00fczenlemeyi hedeflediklerini belirtti.<\/p>\n\n\n\n<p>Ya\u015far Bulut \u201cAtat\u00fcrk yolunda Cumhuriyet yolunda kararl\u0131 bir \u015fekilde y\u00fcr\u00fcmek temel amac\u0131m\u0131z, T\u00fcrkiye Cumhuriyetini \u201cilelebet payidar\u201d k\u0131lmak g\u00f6revimiz. Bunu hep birlikte ba\u015faraca\u011f\u0131z. T\u00fcrkiye\u2019yi ayd\u0131nl\u0131k, g\u00fcvenli, refah i\u00e7inde yar\u0131nlara ta\u015f\u0131mak amac\u0131yla sizleri derne\u011fimiz \u015femsiyesi alt\u0131nda birlikte \u00e7al\u0131\u015fmaya davet ediyorum. Derne\u011fimiz ve etkinliklerimiz hakk\u0131nda Atat\u00fcrk\u00e7\u00fc D\u00fc\u015f\u00fcnce Derne\u011fi Manavgat \u015fubesi sayfam\u0131zdan takip edebilirsiniz. \u00d6\u011frencilerimize burs vermek amac\u0131yla d\u00fczenledi\u011fimiz kahvalt\u0131 etkinli\u011fimize kat\u0131l\u0131m\u0131n\u0131zdan dolay\u0131 sizlere t\u00fcm y\u00f6netim kurulu arkada\u015flar\u0131m ad\u0131na te\u015fekk\u00fcr ediyorum\u201d dedi.<\/p>\n\n\n\n<p>OTEL Y\u00d6NET\u0130M\u0130NE TE\u015eEKK\u00dcR<\/p>\n\n\n\n<p>Ba\u015fkan Bulut, oteli k\u0131\u015f sezonuna haz\u0131rlamaya girmesine kar\u015f\u0131n bizlere a\u00e7arak kusursuz bir hizmet ortaya koyan K\u0131z\u0131la\u011fa\u00e7 Sea World Resort Hotel Y\u00f6netim kurlu ba\u015fkan\u0131 Say\u0131n Hasan \u00d6zden ve genel m\u00fcd\u00fcr\u00fc \u00dcnal Arslano\u011flu\u2019na desteklerinden dolay\u0131<\/p>\n\n\n\n<p>Y\u00f6netim kurlu ve \u00fcyeleri ad\u0131na te\u015fekk\u00fcr etti.<\/p>\n\n\n\n<p>(Haber Merkezi)<\/p>\n","protected":false},"excerpt":{"rendered":"<p>Atat\u00fcrk\u00e7\u00fc D\u00fc\u015f\u00fcnce Derne\u011fi ADD Manavgat \u015fubesince organize edilen burs alacak \u00f6\u011frencilere y\u00f6nelik kahvalt\u0131 etkinli\u011fi ge\u00e7ti\u011fimiz Pazar g\u00fcn\u00fc K\u0131z\u0131la\u011fa\u00e7 Sea World Resort Hotel\u2019 de d\u00fczenlendi. Etkinlikte&nbsp; <a href=\"https:\/\/akdenizhaber.com.tr\/index.php\/2023\/11\/06\/addden-muhtesem-kahvalti\/\" class=\"read-more-link\">[more&#8230;]<\/a><\/p>\n","protected":false},"author":2,"featured_media":17429,"comment_status":"open","ping_status":"open","sticky":false,"template":"","format":"standard","meta":{"footnotes":""},"categories":[2],"tags":[],"class_list":["post-17428","post","type-post","status-publish","format-standard","has-post-thumbnail","hentry","category-gundem"],"_links":{"self":[{"href":"https:\/\/akdenizhaber.com.tr\/index.php\/wp-json\/wp\/v2\/posts\/17428","targetHints":{"allow":["GET"]}}],"collection":[{"href":"https:\/\/akdenizhaber.com.tr\/index.php\/wp-json\/wp\/v2\/posts"}],"about":[{"href":"https:\/\/akdenizhaber.com.tr\/index.php\/wp-json\/wp\/v2\/types\/post"}],"author":[{"embeddable":true,"href":"https:\/\/akdenizhaber.com.tr\/index.php\/wp-json\/wp\/v2\/users\/2"}],"replies":[{"embeddable":true,"href":"https:\/\/akdenizhaber.com.tr\/index.php\/wp-json\/wp\/v2\/comments?post=17428"}],"version-history":[{"count":0,"href":"https:\/\/akdenizhaber.com.tr\/index.php\/wp-json\/wp\/v2\/posts\/17428\/revisions"}],"wp:featuredmedia":[{"embeddable":true,"href":"https:\/\/akdenizhaber.com.tr\/index.php\/wp-json\/wp\/v2\/media\/17429"}],"wp:attachment":[{"href":"https:\/\/akdenizhaber.com.tr\/index.php\/wp-json\/wp\/v2\/media?parent=17428"}],"wp:term":[{"taxonomy":"category","embeddable":true,"href":"https:\/\/akdenizhaber.com.tr\/index.php\/wp-json\/wp\/v2\/categories?post=17428"},{"taxonomy":"post_tag","embeddable":true,"href":"https:\/\/akdenizhaber.com.tr\/index.php\/wp-json\/wp\/v2\/tags?post=17428"}],"curies":[{"name":"wp","href":"https:\/\/api.w.org\/{rel}","templated":true}]}}