{"id":17393,"date":"2023-11-06T13:33:53","date_gmt":"2023-11-06T10:33:53","guid":{"rendered":"https:\/\/akdenizhaber.com.tr\/?p=17393"},"modified":"2023-11-06T13:33:53","modified_gmt":"2023-11-06T10:33:53","slug":"antalya-is-insanlari-dernegine-odul","status":"publish","type":"post","link":"https:\/\/akdenizhaber.com.tr\/index.php\/2023\/11\/06\/antalya-is-insanlari-dernegine-odul\/","title":{"rendered":"Antalya \u0130\u015f \u0130nsanlar\u0131 Derne\u011fine \u00d6d\u00fcl"},"content":{"rendered":"\n<p><\/p>\n\n\n\n<p>Antalya Ticaret ve Sanayi Odas\u0131\u2019n\u0131n, Cumhuriyetimizin 100. Y\u0131l\u0131 etkinlikleri \u00e7er\u00e7evesinde ger\u00e7ekle\u015ftirdi\u011fi ATSO Cumhuriyetin 100. Y\u0131l \u00d6d\u00fcl T\u00f6reni\u2019nde Antalya \u0130\u015f \u0130nsanlar\u0131 Derne\u011fi (ANT\u0130AD), \u201cKente De\u011fer Katanlar\u201d kategorisinde \u00f6d\u00fcl kazand\u0131.<\/p>\n\n\n\n<p>ATSO\u2019nun \u00e7eyrek asr\u0131 a\u015fan bir gelene\u011fi haline gelen \u00f6d\u00fcl t\u00f6reninde ANT\u0130AD Y\u00f6netim Kurulu Ba\u015fkan\u0131 Bilal K\u00f6leo\u011flu \u00f6d\u00fcl\u00fc Antalya Valisi Hulusi \u015eahin ile ATSO Ba\u015fkan\u0131 Ali Bahar\u2019\u0131n elinden ald\u0131. 6 \u015fubatta ya\u015fan\u0131lan depremin ard\u0131ndan d\u00fczenlenen yard\u0131m kampanyas\u0131yla bu \u00f6d\u00fcle lay\u0131k g\u00f6r\u00fclen ANT\u0130AD, depremin hemen ard\u0131ndan \u00e7al\u0131\u015fmalara ba\u015flayarak b\u00f6lgeye 329 konteyner sevk etmi\u015fti.<\/p>\n\n\n\n<p>Ger\u00e7ekle\u015ftirdikleri yard\u0131m kampanyas\u0131yla Antalya\u2019y\u0131 da temsil ettiklerini s\u00f6yleyen ANT\u0130AD Ba\u015fkan\u0131 Bilal K\u00f6leo\u011flu, \u201c\u00c7ok zorlu bir s\u00fcre\u00e7te b\u00fcy\u00fck bir operasyonla yard\u0131mlar\u0131m\u0131z\u0131 deprem b\u00f6lgesine ilettik. ANT\u0130AD kadar \u015fehrimizin de yard\u0131mseverli\u011fini deprem b\u00f6lgesine g\u00f6stermi\u015f olduk. Giden her konteynerin i\u00e7i de ihtiya\u00e7 malzemeleriyle doluydu. Giden konteynerler evsizlere ev, i\u015fyeri y\u0131k\u0131lanlara d\u00fckk\u00e2n oldu. B\u00f6yle bir kampanyayla bu \u00f6d\u00fcle lay\u0131k olmak bizler i\u00e7in b\u00fcy\u00fck gurur\u201d diyerek duygular\u0131n\u0131 payla\u015ft\u0131.<\/p>\n\n\n\n<p>Antalya Ticaret ve Sanayi Odas\u0131 \/ B\u00fclten<\/p>\n","protected":false},"excerpt":{"rendered":"<p>Antalya Ticaret ve Sanayi Odas\u0131\u2019n\u0131n, Cumhuriyetimizin 100. Y\u0131l\u0131 etkinlikleri \u00e7er\u00e7evesinde ger\u00e7ekle\u015ftirdi\u011fi ATSO Cumhuriyetin 100. Y\u0131l \u00d6d\u00fcl T\u00f6reni\u2019nde Antalya \u0130\u015f \u0130nsanlar\u0131 Derne\u011fi (ANT\u0130AD), \u201cKente De\u011fer Katanlar\u201d <a href=\"https:\/\/akdenizhaber.com.tr\/index.php\/2023\/11\/06\/antalya-is-insanlari-dernegine-odul\/\" class=\"read-more-link\">[more&#8230;]<\/a><\/p>\n","protected":false},"author":2,"featured_media":17394,"comment_status":"open","ping_status":"open","sticky":false,"template":"","format":"standard","meta":{"footnotes":""},"categories":[2],"tags":[],"class_list":["post-17393","post","type-post","status-publish","format-standard","has-post-thumbnail","hentry","category-gundem"],"_links":{"self":[{"href":"https:\/\/akdenizhaber.com.tr\/index.php\/wp-json\/wp\/v2\/posts\/17393","targetHints":{"allow":["GET"]}}],"collection":[{"href":"https:\/\/akdenizhaber.com.tr\/index.php\/wp-json\/wp\/v2\/posts"}],"about":[{"href":"https:\/\/akdenizhaber.com.tr\/index.php\/wp-json\/wp\/v2\/types\/post"}],"author":[{"embeddable":true,"href":"https:\/\/akdenizhaber.com.tr\/index.php\/wp-json\/wp\/v2\/users\/2"}],"replies":[{"embeddable":true,"href":"https:\/\/akdenizhaber.com.tr\/index.php\/wp-json\/wp\/v2\/comments?post=17393"}],"version-history":[{"count":0,"href":"https:\/\/akdenizhaber.com.tr\/index.php\/wp-json\/wp\/v2\/posts\/17393\/revisions"}],"wp:featuredmedia":[{"embeddable":true,"href":"https:\/\/akdenizhaber.com.tr\/index.php\/wp-json\/wp\/v2\/media\/17394"}],"wp:attachment":[{"href":"https:\/\/akdenizhaber.com.tr\/index.php\/wp-json\/wp\/v2\/media?parent=17393"}],"wp:term":[{"taxonomy":"category","embeddable":true,"href":"https:\/\/akdenizhaber.com.tr\/index.php\/wp-json\/wp\/v2\/categories?post=17393"},{"taxonomy":"post_tag","embeddable":true,"href":"https:\/\/akdenizhaber.com.tr\/index.php\/wp-json\/wp\/v2\/tags?post=17393"}],"curies":[{"name":"wp","href":"https:\/\/api.w.org\/{rel}","templated":true}]}}