{"id":17390,"date":"2023-11-06T13:33:16","date_gmt":"2023-11-06T10:33:16","guid":{"rendered":"https:\/\/akdenizhaber.com.tr\/?p=17390"},"modified":"2023-11-06T13:33:17","modified_gmt":"2023-11-06T10:33:17","slug":"selinay-tugce-kira-rektorden-hediye","status":"publish","type":"post","link":"https:\/\/akdenizhaber.com.tr\/index.php\/2023\/11\/06\/selinay-tugce-kira-rektorden-hediye\/","title":{"rendered":"Selinay Tu\u011f\u00e7e K\u0131r\u2019a Rekt\u00f6rden Hediye\u00a0 \u00a0"},"content":{"rendered":"\n<p><\/p>\n\n\n\n<p>Akdeniz \u00dcniversitesi Rekt\u00f6r\u00fc Prof. Dr. \u00d6zlenen \u00d6zkan, Mersin\u2019de d\u00fczenlenen Avrupa Triatlon Kupas\u0131 yar\u0131\u015flar\u0131nda gen\u00e7ler kategorisinde \u015fampiyon olan Milli triatlet Selinay Tu\u011f\u00e7e K\u0131r ile g\u00f6r\u00fc\u015ft\u00fc.<\/p>\n\n\n\n<p>Akdeniz \u00dcniversitesi Rekt\u00f6r\u00fc Prof. Dr. \u00d6zlenen \u00d6zkan makam\u0131nda alt\u0131n madalya kazanan Spor Bilimleri Fak\u00fcltesi 2. s\u0131n\u0131f \u00f6\u011frencisi Milli triatletSelinay Tu\u011f\u00e7e K\u0131r\u2019\u0131 a\u011f\u0131rlad\u0131. G\u00f6sterdi\u011fi ba\u015far\u0131dan dolay\u0131 gurur duyduklar\u0131n\u0131 s\u00f6yleyen Akdeniz \u00dcniversitesi Rekt\u00f6r\u00fc Prof. Dr. \u00d6zlenen \u00d6zkan \u201cAkdeniz \u00dcniversitesi \u00f6\u011frencilerimizin ulusal ve uluslararas\u0131 yar\u0131\u015flarda ald\u0131\u011f\u0131 \u00f6d\u00fcller \u00e7ok k\u0131ymetli oluyor. Triatlon gibi zor bir alanda g\u00f6sterdi\u011fin performans \u015fahane, bir saat \u00fczerinde sarf etti\u011fin yar\u0131\u015f ile alt\u0131n madalyay\u0131 di\u011fer \u00fclkelerden \u00f6nce alman bizleri \u00e7ok gururland\u0131rd\u0131. Ba\u015far\u0131lar\u0131ndan dolay\u0131 tebrik ediyorum. Umar\u0131m d\u00fcnya ve avrupa \u015fampiyonalar\u0131nda ba\u015far\u0131lar\u0131n artarak devam eder.\u201d dedi. Rekt\u00f6r \u00d6zkan ba\u015far\u0131lar\u0131ndan dolay\u0131 Milli triatlet Selinay Tu\u011f\u00e7e K\u0131r\u2019a plaket ve hediye takdim etti.<\/p>\n\n\n\n<p>25 \u00dcLKEDEN 280 SPORCU KATILDI<\/p>\n\n\n\n<p>Akdeniz \u00dcniversitesi Spor Bilimleri Fak\u00fcltesi 2. S\u0131n\u0131f \u00f6\u011frencisi olan Milli triatlet Selinay Tu\u011f\u00e7e K\u0131r\u2019\u0131n \u015fampiyon oldu\u011fu Mersin Yeni\u015fehir\u2019de d\u00fczenlenen Avrupa Triatlon Gen\u00e7ler Kupas\u0131\u2019na 25 \u00fclkeden 280 sporcu kat\u0131ld\u0131. Gen\u00e7 kad\u0131nlar kategorisinde yar\u0131\u015fan sporcular\u0131n, denizde y\u00fcz\u00fcp bisiklet s\u00fcrd\u00fckten sonra ko\u015fu alan\u0131na ge\u00e7i\u015f yapt\u0131\u011f\u0131 parkurda Milli trialet Selinay Tu\u011f\u00e7e K\u0131r, m\u00fcsabakay\u0131 ba\u015far\u0131yla bitiren ilk sporcu olarak \u015fampiyonluk ipini g\u00f6\u011f\u00fcslemi\u015fti. Selinay\u2019\u0131n 1 saat 5 dakika 16 saniyelik derecesiyle alt\u0131n madalya kazand\u0131\u011f\u0131 organizasyonda, Hollandal\u0131 Merel Veltman 1 saat 5 dakika 43 saniyelik derecesiyle ikinci, Letonyal\u0131 Beatu Bula 1 saat 6 dakika 5 saniyelik derecesiyle \u00fc\u00e7\u00fcnc\u00fc olmu\u015ftu.<\/p>\n\n\n\n<p>Akdeniz \u00dcniversitesi Rekt\u00f6rl\u00fc\u011f\u00fc \/ B\u00fclten<\/p>\n","protected":false},"excerpt":{"rendered":"<p>Akdeniz \u00dcniversitesi Rekt\u00f6r\u00fc Prof. Dr. \u00d6zlenen \u00d6zkan, Mersin\u2019de d\u00fczenlenen Avrupa Triatlon Kupas\u0131 yar\u0131\u015flar\u0131nda gen\u00e7ler kategorisinde \u015fampiyon olan Milli triatlet Selinay Tu\u011f\u00e7e K\u0131r ile g\u00f6r\u00fc\u015ft\u00fc. Akdeniz <a href=\"https:\/\/akdenizhaber.com.tr\/index.php\/2023\/11\/06\/selinay-tugce-kira-rektorden-hediye\/\" class=\"read-more-link\">[more&#8230;]<\/a><\/p>\n","protected":false},"author":2,"featured_media":17391,"comment_status":"open","ping_status":"open","sticky":false,"template":"","format":"standard","meta":{"footnotes":""},"categories":[2],"tags":[],"class_list":["post-17390","post","type-post","status-publish","format-standard","has-post-thumbnail","hentry","category-gundem"],"_links":{"self":[{"href":"https:\/\/akdenizhaber.com.tr\/index.php\/wp-json\/wp\/v2\/posts\/17390","targetHints":{"allow":["GET"]}}],"collection":[{"href":"https:\/\/akdenizhaber.com.tr\/index.php\/wp-json\/wp\/v2\/posts"}],"about":[{"href":"https:\/\/akdenizhaber.com.tr\/index.php\/wp-json\/wp\/v2\/types\/post"}],"author":[{"embeddable":true,"href":"https:\/\/akdenizhaber.com.tr\/index.php\/wp-json\/wp\/v2\/users\/2"}],"replies":[{"embeddable":true,"href":"https:\/\/akdenizhaber.com.tr\/index.php\/wp-json\/wp\/v2\/comments?post=17390"}],"version-history":[{"count":0,"href":"https:\/\/akdenizhaber.com.tr\/index.php\/wp-json\/wp\/v2\/posts\/17390\/revisions"}],"wp:featuredmedia":[{"embeddable":true,"href":"https:\/\/akdenizhaber.com.tr\/index.php\/wp-json\/wp\/v2\/media\/17391"}],"wp:attachment":[{"href":"https:\/\/akdenizhaber.com.tr\/index.php\/wp-json\/wp\/v2\/media?parent=17390"}],"wp:term":[{"taxonomy":"category","embeddable":true,"href":"https:\/\/akdenizhaber.com.tr\/index.php\/wp-json\/wp\/v2\/categories?post=17390"},{"taxonomy":"post_tag","embeddable":true,"href":"https:\/\/akdenizhaber.com.tr\/index.php\/wp-json\/wp\/v2\/tags?post=17390"}],"curies":[{"name":"wp","href":"https:\/\/api.w.org\/{rel}","templated":true}]}}