{"id":17376,"date":"2023-11-04T12:34:08","date_gmt":"2023-11-04T09:34:08","guid":{"rendered":"https:\/\/akdenizhaber.com.tr\/?p=17376"},"modified":"2023-11-04T12:34:09","modified_gmt":"2023-11-04T09:34:09","slug":"ahip-baskani-av-mucahit-gundogdu-kargihan-restore-edilip-turizme-kazandirilmali","status":"publish","type":"post","link":"https:\/\/akdenizhaber.com.tr\/index.php\/2023\/11\/04\/ahip-baskani-av-mucahit-gundogdu-kargihan-restore-edilip-turizme-kazandirilmali\/","title":{"rendered":"AH\u0130P Ba\u015fkan\u0131 Av. M\u00fccahit G\u00fcndo\u011fdu; \u201cKarg\u0131han restore edilip turizme kazand\u0131r\u0131lmal\u0131!\u201d"},"content":{"rendered":"\n<p><\/p>\n\n\n\n<p>Antalya Adalet ve \u0130nsan Haklar\u0131 Platformu( AH\u0130P) Ba\u015fkan\u0131 Av. M\u00fccahit G\u00fcndo\u011fdu, Beydi\u011fin Mahallesi&#8217;nde bulunan 8 as\u0131rd\u0131r ayakta duran ve tarihi \u0130pek Yolu \u00fczerine Anadolu Sel\u00e7uklu&nbsp; Sultan\u0131 1. Alaaddin Keykubat taraf\u0131ndan 11 y\u0131l i\u00e7inde in\u015fa edilen&nbsp; &#8220;Sel\u00e7uklu \u015eaheseri &#8221; Karg\u0131han&#8217;\u0131n giri\u015f kap\u0131s\u0131nda bulunan kilit ta\u015flar\u0131n\u0131n y\u0131k\u0131lmak \u00fczere oldu\u011funu&nbsp; s\u00f6yledi.<\/p>\n\n\n\n<p>Tarihi Karg\u0131han&#8217;\u0131n restorasyonunun tarihi bir sorumluluk oldu\u011funu vurgulayan AH\u0130P Ba\u015fkan\u0131 Av. M\u00fccahit G\u00fcndo\u011fdu, bu t\u00fcr tarihi de\u011ferler ve \u00e7evrenin korunmas\u0131 ve gelecek nesillere ta\u015f\u0131nmas\u0131na Antalya Barosu \u00c7evreyi Koruma Kurulu&#8217;nda \u00f6zel \u00f6nem verdi\u011finin alt\u0131n\u0131 \u00e7izdi.<\/p>\n\n\n\n<p>AH\u0130P Ba\u015fkan\u0131 Av. M\u00fccahit G\u00fcndo\u011fdu yapt\u0131\u011f\u0131 a\u00e7\u0131klamada,&#8221; Tarihi \u0130pek Yolu \u00fczerinde Anadolu Sel\u00e7uklu Devleti d\u00f6neminde Konya&#8217;dan Antalya ve Alanya&#8217;ya( Alanya (Alaiye) Anadolu Sel\u00e7uklu Devleti&#8217;nin k\u0131\u015fl\u0131k ba\u015fkenti) ticaret ula\u015f\u0131m\u0131nda \u00fc\u00e7 b\u00fcy\u00fck kervan in\u015faa eylemi\u015f. Bunlar Toluhan G\u00fcn\u00fcm\u00fczde tamamen y\u0131k\u0131lm\u0131\u015ft\u0131r. Bir di\u011feri ise Alarahan o ise sapa sa\u011flam ayaktad\u0131r. Bir di\u011feri ise Manavgat s\u0131n\u0131rlar\u0131 i\u00e7inde Beydi\u011fin Mahallesinde bulunan 8 as\u0131rd\u0131r ayakta duran Karg\u0131hand\u0131r. Karg\u0131han\u0131 di\u011fer hanlardan ay\u0131ran en \u00f6nemli \u00f6zelli\u011fi ise o d\u00f6nem estetik Sel\u00e7uklu mimarisine g\u00f6re yap\u0131lan tek ki\u015filik misafir a\u011f\u0131rlama odalar\u0131, hana gelen misafirin handa at\u0131n\u0131n ba\u011fland\u0131\u011f\u0131 yer, yemek yeme alanlar\u0131 ile han\u0131m 100 metre \u00f6tesinde bulunan s\u0131cak, so\u011fuk, \u0131l\u0131k su sistemli hamam\u0131.&#8221; dedi.<\/p>\n\n\n\n<p>300 bin yatak kapasitesi ile konaklamada T\u00fcrkiye turizminin en b\u00fcy\u00fck turizm destinasyonu olan Manavgat-Side&#8217;de turizmcilerin bir araya gelerek Karg\u0131han&#8217;\u0131 restore ettirerek farkl\u0131 bir konseptte turizme kazand\u0131r\u0131lmas\u0131 gerekti\u011finin alt\u0131n\u0131 \u00e7izen Av. M\u00fccahit G\u00fcndogdu konu\u015fmas\u0131n\u0131 \u015fu s\u00f6zlerle tamamlad\u0131:&#8221;&nbsp; Demir Kap\u0131 T\u00fcnelleri a\u00e7\u0131ld\u0131ktan sonra Antalya-Manavgat-Ta\u015fa\u011f\u0131l Konya Yolu yakla\u015f\u0131k 90 kilometre k\u0131sald\u0131. B\u00f6ylece Antalya-Konya,Konya-Antalya aras\u0131 \u0130\u00e7 Anadolu&#8217;ya \u0130\u00e7 Anadolu&#8217;dan Antalya&#8217;ya turist ta\u015f\u0131mac\u0131l\u0131\u011f\u0131na ba\u011fl\u0131 turist hareketlili\u011fi olu\u015ftu. Karg\u0131han&#8217;\u0131n \u00f6n giri\u015f kap\u0131s\u0131 kilit ta\u015flar\u0131 y\u0131k\u0131lmadan tarihi han acilen turizme kazand\u0131r\u0131lmal\u0131. Yar\u0131n ge\u00e7 olabilir?&#8221;<\/p>\n\n\n\n<p>haber \/ Abdurrahman B\u00fcy\u00fckkeskin<\/p>\n","protected":false},"excerpt":{"rendered":"<p>Antalya Adalet ve \u0130nsan Haklar\u0131 Platformu( AH\u0130P) Ba\u015fkan\u0131 Av. M\u00fccahit G\u00fcndo\u011fdu, Beydi\u011fin Mahallesi&#8217;nde bulunan 8 as\u0131rd\u0131r ayakta duran ve tarihi \u0130pek Yolu \u00fczerine Anadolu Sel\u00e7uklu&nbsp; <a href=\"https:\/\/akdenizhaber.com.tr\/index.php\/2023\/11\/04\/ahip-baskani-av-mucahit-gundogdu-kargihan-restore-edilip-turizme-kazandirilmali\/\" class=\"read-more-link\">[more&#8230;]<\/a><\/p>\n","protected":false},"author":2,"featured_media":17377,"comment_status":"open","ping_status":"open","sticky":false,"template":"","format":"standard","meta":{"footnotes":""},"categories":[2],"tags":[],"class_list":["post-17376","post","type-post","status-publish","format-standard","has-post-thumbnail","hentry","category-gundem"],"_links":{"self":[{"href":"https:\/\/akdenizhaber.com.tr\/index.php\/wp-json\/wp\/v2\/posts\/17376","targetHints":{"allow":["GET"]}}],"collection":[{"href":"https:\/\/akdenizhaber.com.tr\/index.php\/wp-json\/wp\/v2\/posts"}],"about":[{"href":"https:\/\/akdenizhaber.com.tr\/index.php\/wp-json\/wp\/v2\/types\/post"}],"author":[{"embeddable":true,"href":"https:\/\/akdenizhaber.com.tr\/index.php\/wp-json\/wp\/v2\/users\/2"}],"replies":[{"embeddable":true,"href":"https:\/\/akdenizhaber.com.tr\/index.php\/wp-json\/wp\/v2\/comments?post=17376"}],"version-history":[{"count":0,"href":"https:\/\/akdenizhaber.com.tr\/index.php\/wp-json\/wp\/v2\/posts\/17376\/revisions"}],"wp:featuredmedia":[{"embeddable":true,"href":"https:\/\/akdenizhaber.com.tr\/index.php\/wp-json\/wp\/v2\/media\/17377"}],"wp:attachment":[{"href":"https:\/\/akdenizhaber.com.tr\/index.php\/wp-json\/wp\/v2\/media?parent=17376"}],"wp:term":[{"taxonomy":"category","embeddable":true,"href":"https:\/\/akdenizhaber.com.tr\/index.php\/wp-json\/wp\/v2\/categories?post=17376"},{"taxonomy":"post_tag","embeddable":true,"href":"https:\/\/akdenizhaber.com.tr\/index.php\/wp-json\/wp\/v2\/tags?post=17376"}],"curies":[{"name":"wp","href":"https:\/\/api.w.org\/{rel}","templated":true}]}}