{"id":17351,"date":"2023-11-03T14:05:31","date_gmt":"2023-11-03T11:05:31","guid":{"rendered":"https:\/\/akdenizhaber.com.tr\/?p=17351"},"modified":"2023-11-03T14:05:31","modified_gmt":"2023-11-03T11:05:31","slug":"is-insani-citciden-egitime-dev-destek","status":"publish","type":"post","link":"https:\/\/akdenizhaber.com.tr\/index.php\/2023\/11\/03\/is-insani-citciden-egitime-dev-destek\/","title":{"rendered":"\u0130\u015f \u0130nsan\u0131 \u00c7itci\u2019den E\u011fitime Dev Destek!"},"content":{"rendered":"\n<p><\/p>\n\n\n\n<p>Manavgat \u0130l\u00e7e Milli E\u011fitim M\u00fcd\u00fcrl\u00fc\u011f\u00fc taraf\u0131ndan T\u00fcrkiye Cumhuriyeti\u00b4nin kurulu\u015funun 100\u00b4\u00fcnc\u00fc y\u0131l\u0131 nedeniyle d\u00fczenlenen \u2018100. y\u0131lda 100 \u00f6\u011frenciye 100 \u00f6d\u00fcl\u2019 temal\u0131 yar\u0131\u015fmada e\u011fitim g\u00f6n\u00fcll\u00fcs\u00fc hay\u0131rsever i\u015f insan\u0131 Salih \u00c7itci, 25 \u00f6\u011frenciye alt\u0131n, 75 \u00f6\u011frenciye 1000\u2019er lira hediye \u00e7eki da\u011f\u0131tt\u0131.<\/p>\n\n\n\n<p>SAL\u0130H \u00c7\u0130TC\u0130\u2019DEN CUMHUR\u0130YET\u0130N 100. YILIINDA 100 \u00d6\u011eRENC\u0130YE 100 \u00d6D\u00dcL<\/p>\n\n\n\n<p>Manavgat \u0130l\u00e7e Milli E\u011fitim M\u00fcd\u00fcrl\u00fc\u011f\u00fc taraf\u0131ndan hay\u0131rsever i\u015f insan\u0131 Salih \u00c7itci\u2019nin sponsorlu\u011fun da T\u00fcrkiye Cumhuriyeti\u00b4nin kurulu\u015funun 100\u00b4\u00fcnc\u00fc y\u0131l\u0131 nedeniyle, 100 \u00f6\u011frenciye 100 \u00f6d\u00fcl slogan\u0131yla, \u00b4Cumhuriyet\u00b4in 100\u00b4nc\u00fc Y\u0131l\u0131 Destan\u0131\u00b4 adl\u0131 yar\u0131\u015fma d\u00fczenlendi. \u0130lkokul \u00f6\u011frencileri resim, ortaokul \u00f6\u011frencileri \u015fiir ve lise \u00f6\u011frencileri kompozisyonlar\u0131yla yar\u0131\u015fmaya kat\u0131ld\u0131. Yar\u0131\u015fmalara toplamda 52 bin \u00f6\u011frenci i\u015ftirak etti.<\/p>\n\n\n\n<p>25 \u00d6\u011eRENC\u0130YE ALTIN, 75 \u00d6\u011eRENC\u0130YE 1000\u00b4ER L\u0130RA HED\u0130YE \u00c7EK\u0130<\/p>\n\n\n\n<p>Yar\u0131\u015fma sonras\u0131 resim dal\u0131nda 34, \u015fiir dal\u0131nda 33 ve kompozisyon dal\u0131nda 33 \u00f6\u011frenciye d\u00fczenlenen t\u00f6renle \u00e7e\u015fitli hediyeler verildi. Kategorilerinde birinci olan \u00f6\u011frencilere yar\u0131m, ikincilere \u00e7eyrek, \u00fc\u00e7\u00fcnc\u00fc, d\u00f6rd\u00fcnc\u00fc, be\u015finci, alt\u0131nc\u0131, yedinci ve sekizinci \u00f6\u011frencilere gram alt\u0131n hediye edildi. Di\u011fer \u00f6\u011frencilerin tamam\u0131na 1000 liral\u0131k hediye \u00e7eki verildi.<\/p>\n\n\n\n<p>Y\u00dcZYILLIK \u00c7INARIMIZ CUMHUR\u0130YET\u0130\u2019N G\u00d6LGES\u0130NDE B\u00dcY\u00dcMEYE DEVAM ED\u0130YORUZ<\/p>\n\n\n\n<p>\u00d6d\u00fcl t\u00f6reninde gen\u00e7lere seslenen i\u015f insan\u0131 Salih \u00c7itci, Cumhuriyeti\u2019n g\u00f6lgesinde birlik ve beraberlik i\u00e7erisinde daha \u00e7ok \u00e7al\u0131\u015farak, T\u00fcrkiye Cumhuriyeti\u2019nin kalk\u0131nmas\u0131na katk\u0131 sa\u011flamaya devam edeceklerini kaydetti.<\/p>\n\n\n\n<p>Salih \u00c7itci, \u201c29 Ekim 1923\u2019te, Gazi Mustafa Kemal Atat\u00fcrk\u2019\u00fcn \u00f6nderli\u011finde destans\u0131 bir kurtulu\u015f m\u00fccadelesinin ard\u0131ndan \u00e7ok zor \u015fartlar alt\u0131nda kurulan Cumhuriyetimizi, sonsuza dek ya\u015fatabilmek i\u00e7in her vatan evlad\u0131na b\u00fcy\u00fck bir sorumluluk d\u00fc\u015fmektedir. Hi\u00e7 \u015f\u00fcphe yok ki, istiklalimizin ve istikbalimizin sembol\u00fc olan Cumhuriyetimizi korumak ve gelecek nesillere aktarmak noktas\u0131nda milletimizin her ferdi ayn\u0131 ruh ve kararl\u0131l\u0131\u011fa sahiptir. Biz i\u015f insanlar\u0131 olarak, y\u00fczy\u0131ll\u0131k bir \u00e7\u0131nar olan T\u00fcrkiye Cumhuriyeti\u2019nin g\u00f6lgesinde g\u00fc\u00e7l\u00fc bir gelecek i\u00e7in birlik ve beraberlik i\u00e7erisinde daha \u00e7ok \u00e7al\u0131\u015farak, daha \u00e7ok \u00fcreterek ve \u00fclkemizin kalk\u0131nmas\u0131na katk\u0131 sa\u011flayarak \u00fczerimize d\u00fc\u015fen g\u00f6revi yapmaya devam edece\u011fiz\u201d<\/p>\n\n\n\n<p>YA\u015eASIN CUMHUR\u0130YET. BA\u015eLASIN T\u00dcRK\u0130YE Y\u00dcZYILI!<\/p>\n\n\n\n<p>Etkinlikle ilgili gazetecilere a\u00e7\u0131klamalarda bulunan hay\u0131rsever i\u015f insan\u0131 ama\u00e7lar\u0131n\u0131n Cumhuriyete sahip \u00e7\u0131kacak olan gen\u00e7leri motive etmek ve cesaretlendirmek oldu\u011funu belirtti.<\/p>\n\n\n\n<p>Salih \u00c7itci, \u201cBu etkinlikte amac\u0131m\u0131z, Gazi Mustafa Kemal Atat\u00fcrk\u2019\u00fcn gen\u00e7lerimize emanet etti\u011fi Cumhuriyetimize sahip \u00e7\u0131kacak ve yeni y\u00fcz y\u0131llara ta\u015f\u0131yacak olan evlatlar\u0131m\u0131z\u0131 bir nebzede olsa motive edebilmek. Bu bilin\u00e7le bu etkinli\u011fi d\u00fczenledik. Manavgat\u2019ta 52 bin \u00f6\u011frencimizi bu etkinli\u011fe dahil ettik. \u0130l\u00e7e Milli E\u011fitim M\u00fcd\u00fcrl\u00fc\u011f\u00fcm\u00fcz ve Kaymakaml\u0131\u011f\u0131m\u0131z ile birlikte 10 g\u00fcn \u00e7al\u0131\u015ft\u0131k. \u2018100. Y\u0131lda 100 \u00f6\u011frenciye 100 \u00f6d\u00fcl\u2019 mottosuyla anlaml\u0131 bir tema olu\u015fturduk. \u0130lk 25 \u00f6\u011frenciye alt\u0131n di\u011ferlerine hediye \u00e7eki verdik.&nbsp; Cumhuriyetimiz ile ilgili bir dokunu\u015f yapmak istedik. Ya\u015fas\u0131n Cumhuriyet. Ba\u015flas\u0131n T\u00fcrkiye Y\u00fczy\u0131l\u0131 \u201c ifadelerini kulland\u0131<\/p>\n\n\n\n<p>\u00d6\u011eRENC\u0130LERE \u00d6D\u00dcLLER\u0130 KEND\u0130 EL\u0130YLE DA\u011eITTI<\/p>\n\n\n\n<p>Nam\u0131k Karamanc\u0131 Fen Lisesi\u00b4nde d\u00fczenlenen t\u00f6rende e\u011fitim g\u00f6n\u00fcll\u00fcs\u00fc Salih \u00c7itci e\u015fiyle birlikte dereceye giren \u00f6\u011frencilerin \u00f6d\u00fcllerini kendi elleriyle da\u011f\u0131tt\u0131. \u00d6\u011frencilerle k\u0131sa sohbetler ger\u00e7ekle\u015ftiren ve ba\u015far\u0131lar\u0131ndan dolay\u0131 tebrik eden \u00c7ift\u00e7i, gen\u00e7lerden Cumhuriyete sahip \u00e7\u0131kmalar\u0131n\u0131 istedi.<\/p>\n\n\n\n<p>E\u011e\u0130T\u0130M CAM\u0130ASINDAN \u00c7\u0130TC\u0130\u2019YE TE\u015eEKK\u00dcR<\/p>\n\n\n\n<p>Hay\u0131rsever i\u015f insan\u0131 Salih \u00c7itci\u2019 ye e\u011fitime verdi\u011fi destekten dolay\u0131 te\u015fekk\u00fcr eden \u0130l\u00e7e Milli E\u011fitim M\u00fcd\u00fcr\u00fc Fatih T\u00fcrk\u00f6z, kendisine plaket takdim etti.<\/p>\n\n\n\n<p>\u0130l\u00e7e Milli E\u011fitim M\u00fcd\u00fcr\u00fc Fatih T\u00fcrk\u00f6z&nbsp; \u201cBu etkinli\u011fe \u00e7ok k\u0131ymetli hay\u0131rseverimiz \u00c7ift\u00e7io\u011flu Gurup Y\u00f6netim Kurulu Ba\u015fkan\u0131 Salih \u00c7itci beyefendi sponsor oldu. Ciddi anlamda da \u00f6d\u00fcller noktas\u0131nda bize yard\u0131mc\u0131 oldu. Salih beye e\u011fitim camiam\u0131z ad\u0131na g\u00f6n\u00fclden te\u015fekk\u00fcr ediyorum \u201c dedi.<\/p>\n\n\n\n<p>T\u00f6rende \u00f6d\u00fcllerine kavu\u015fan \u00f6\u011frenciler T\u00fcrkiye Cumhuriyeti\u2019nin 100. kurulu\u015f y\u0131l d\u00f6n\u00fcm\u00fcn de ald\u0131klar\u0131 \u00f6d\u00fcllerin kendilerini motive ettiklerini belirterek hay\u0131rsever i\u015f insan\u0131 Salih \u00c7itci\u2019 ye te\u015fekk\u00fcr etti.<\/p>\n\n\n\n<p>(Haber Merkezi)<\/p>\n","protected":false},"excerpt":{"rendered":"<p>Manavgat \u0130l\u00e7e Milli E\u011fitim M\u00fcd\u00fcrl\u00fc\u011f\u00fc taraf\u0131ndan T\u00fcrkiye Cumhuriyeti\u00b4nin kurulu\u015funun 100\u00b4\u00fcnc\u00fc y\u0131l\u0131 nedeniyle d\u00fczenlenen \u2018100. y\u0131lda 100 \u00f6\u011frenciye 100 \u00f6d\u00fcl\u2019 temal\u0131 yar\u0131\u015fmada e\u011fitim g\u00f6n\u00fcll\u00fcs\u00fc hay\u0131rsever i\u015f <a href=\"https:\/\/akdenizhaber.com.tr\/index.php\/2023\/11\/03\/is-insani-citciden-egitime-dev-destek\/\" class=\"read-more-link\">[more&#8230;]<\/a><\/p>\n","protected":false},"author":2,"featured_media":17352,"comment_status":"open","ping_status":"open","sticky":false,"template":"","format":"standard","meta":{"footnotes":""},"categories":[2],"tags":[],"class_list":["post-17351","post","type-post","status-publish","format-standard","has-post-thumbnail","hentry","category-gundem"],"_links":{"self":[{"href":"https:\/\/akdenizhaber.com.tr\/index.php\/wp-json\/wp\/v2\/posts\/17351","targetHints":{"allow":["GET"]}}],"collection":[{"href":"https:\/\/akdenizhaber.com.tr\/index.php\/wp-json\/wp\/v2\/posts"}],"about":[{"href":"https:\/\/akdenizhaber.com.tr\/index.php\/wp-json\/wp\/v2\/types\/post"}],"author":[{"embeddable":true,"href":"https:\/\/akdenizhaber.com.tr\/index.php\/wp-json\/wp\/v2\/users\/2"}],"replies":[{"embeddable":true,"href":"https:\/\/akdenizhaber.com.tr\/index.php\/wp-json\/wp\/v2\/comments?post=17351"}],"version-history":[{"count":0,"href":"https:\/\/akdenizhaber.com.tr\/index.php\/wp-json\/wp\/v2\/posts\/17351\/revisions"}],"wp:featuredmedia":[{"embeddable":true,"href":"https:\/\/akdenizhaber.com.tr\/index.php\/wp-json\/wp\/v2\/media\/17352"}],"wp:attachment":[{"href":"https:\/\/akdenizhaber.com.tr\/index.php\/wp-json\/wp\/v2\/media?parent=17351"}],"wp:term":[{"taxonomy":"category","embeddable":true,"href":"https:\/\/akdenizhaber.com.tr\/index.php\/wp-json\/wp\/v2\/categories?post=17351"},{"taxonomy":"post_tag","embeddable":true,"href":"https:\/\/akdenizhaber.com.tr\/index.php\/wp-json\/wp\/v2\/tags?post=17351"}],"curies":[{"name":"wp","href":"https:\/\/api.w.org\/{rel}","templated":true}]}}