{"id":17340,"date":"2023-11-03T13:57:42","date_gmt":"2023-11-03T10:57:42","guid":{"rendered":"https:\/\/akdenizhaber.com.tr\/?p=17340"},"modified":"2023-11-03T13:57:43","modified_gmt":"2023-11-03T10:57:43","slug":"ozgur-filistin-kermesi-duzenlendi","status":"publish","type":"post","link":"https:\/\/akdenizhaber.com.tr\/index.php\/2023\/11\/03\/ozgur-filistin-kermesi-duzenlendi\/","title":{"rendered":"\u00d6zg\u00fcr Filistin Kermesi D\u00fczenlendi"},"content":{"rendered":"\n<p><\/p>\n\n\n\n<p>Zalim \u0130srail\u2019in, bombal\u0131 sald\u0131r\u0131lar\u0131 sonucu y\u00fczlerce Filistinli karde\u015flerimiz evlerini ve hayatlar\u0131na kaybetti.<\/p>\n\n\n\n<p>Y\u0131llard\u0131r \u00e7etin bir imtihan i\u00e7erisinde olan Filistinli karde\u015flerimiz, bulundu\u011fu zor \u015fartlara ra\u011fmen hayat m\u00fccadelesini s\u00fcrd\u00fcr\u00fcyor.<\/p>\n\n\n\n<p>Kar\u015f\u0131l\u0131kl\u0131 \u00e7at\u0131\u015fmalar\u0131n ya\u015fand\u0131\u011f\u0131 bu g\u00fcnlerde y\u00fczlerce \u00f6l\u00fc, binlerce yaral\u0131 var, \u00fclke genelinde oldu\u011fu gibi il\u00e7emizde de Filistin\u2019e destekler son h\u0131z\u0131yla devam ediyor.<\/p>\n\n\n\n<p>Y\u00fcr\u00fcy\u00fc\u015f ve toplu g\u00f6sterilerin yan\u0131 s\u0131ra bug\u00fcn Cumhuriyet Meydan\u0131 yan\u0131ndaki alanda Sabah 09.00 itibariyle Filistin\u2019e destek program\u0131 kapsam\u0131nda kermes d\u00fczenlenecek.<\/p>\n\n\n\n<p>Manavgat Kud\u00fcs platformunca organize edilen Filistin\u2019e destek program\u0131 sabah 09.00\u2019daki kermesle ba\u015flay\u0131p, ak\u015fam saat 20.00\u2019de ise ayn\u0131 meydanda Filistin resim sergisi ve Filistin tan\u0131t\u0131m s\u00f6yle\u015fisi d\u00fczenlenecek.<\/p>\n\n\n\n<p>Manavgat Kud\u00fcs platformu yetkilileri kermesten elde edecekleri gelirleri Kud\u00fcs\u2019teki karde\u015flerimize ula\u015ft\u0131racaklar\u0131n\u0131 ve bu konuda duyarl\u0131 Manavgat halk\u0131n\u0131n kermes destek vermelerini isteyerek herkesi davet ettiklerini s\u00f6ylediler.<\/p>\n\n\n\n<p>(Haber Merkezi)<\/p>\n","protected":false},"excerpt":{"rendered":"<p>Zalim \u0130srail\u2019in, bombal\u0131 sald\u0131r\u0131lar\u0131 sonucu y\u00fczlerce Filistinli karde\u015flerimiz evlerini ve hayatlar\u0131na kaybetti. Y\u0131llard\u0131r \u00e7etin bir imtihan i\u00e7erisinde olan Filistinli karde\u015flerimiz, bulundu\u011fu zor \u015fartlara ra\u011fmen hayat <a href=\"https:\/\/akdenizhaber.com.tr\/index.php\/2023\/11\/03\/ozgur-filistin-kermesi-duzenlendi\/\" class=\"read-more-link\">[more&#8230;]<\/a><\/p>\n","protected":false},"author":2,"featured_media":17341,"comment_status":"open","ping_status":"open","sticky":false,"template":"","format":"standard","meta":{"footnotes":""},"categories":[2],"tags":[],"class_list":["post-17340","post","type-post","status-publish","format-standard","has-post-thumbnail","hentry","category-gundem"],"_links":{"self":[{"href":"https:\/\/akdenizhaber.com.tr\/index.php\/wp-json\/wp\/v2\/posts\/17340","targetHints":{"allow":["GET"]}}],"collection":[{"href":"https:\/\/akdenizhaber.com.tr\/index.php\/wp-json\/wp\/v2\/posts"}],"about":[{"href":"https:\/\/akdenizhaber.com.tr\/index.php\/wp-json\/wp\/v2\/types\/post"}],"author":[{"embeddable":true,"href":"https:\/\/akdenizhaber.com.tr\/index.php\/wp-json\/wp\/v2\/users\/2"}],"replies":[{"embeddable":true,"href":"https:\/\/akdenizhaber.com.tr\/index.php\/wp-json\/wp\/v2\/comments?post=17340"}],"version-history":[{"count":0,"href":"https:\/\/akdenizhaber.com.tr\/index.php\/wp-json\/wp\/v2\/posts\/17340\/revisions"}],"wp:featuredmedia":[{"embeddable":true,"href":"https:\/\/akdenizhaber.com.tr\/index.php\/wp-json\/wp\/v2\/media\/17341"}],"wp:attachment":[{"href":"https:\/\/akdenizhaber.com.tr\/index.php\/wp-json\/wp\/v2\/media?parent=17340"}],"wp:term":[{"taxonomy":"category","embeddable":true,"href":"https:\/\/akdenizhaber.com.tr\/index.php\/wp-json\/wp\/v2\/categories?post=17340"},{"taxonomy":"post_tag","embeddable":true,"href":"https:\/\/akdenizhaber.com.tr\/index.php\/wp-json\/wp\/v2\/tags?post=17340"}],"curies":[{"name":"wp","href":"https:\/\/api.w.org\/{rel}","templated":true}]}}