{"id":17337,"date":"2023-11-03T13:22:19","date_gmt":"2023-11-03T10:22:19","guid":{"rendered":"https:\/\/akdenizhaber.com.tr\/?p=17337"},"modified":"2023-11-03T13:22:21","modified_gmt":"2023-11-03T10:22:21","slug":"ahip-baskani-av-mucahit-gundogdu-can-atalay-serbest-birakilmalidir","status":"publish","type":"post","link":"https:\/\/akdenizhaber.com.tr\/index.php\/2023\/11\/03\/ahip-baskani-av-mucahit-gundogdu-can-atalay-serbest-birakilmalidir\/","title":{"rendered":"AH\u0130P Ba\u015fkan\u0131 Av. M\u00fccahit G\u00fcndo\u011fdu; \u201cCan Atalay Serbest B\u0131rak\u0131lmal\u0131d\u0131r\u201d"},"content":{"rendered":"\n<p><\/p>\n\n\n\n<p>Adalet ve \u0130nsan Haklar\u0131 Platformu(AH\u0130P) Ba\u015fkan\u0131 Av. M\u00fccahit G\u00fcndo\u011fdu, T\u00fcrkiye \u0130\u015f\u00e7i Partisi( T\u0130P) Hatay Milletvekili Av. \u015eerafettin Can Atalay hakk\u0131nda Anayasa Mahkemesi(AYM)&#8217;nin \u00fcyelerinin oy birli\u011fi ile hak ihlali var.<\/p>\n\n\n\n<p>Acil tahliye edilmesi demesine ra\u011fmen halen tahliye edilmemesinin utan\u00e7 verici bir durum oldu\u011funu s\u00f6yledi. AH\u0130P Ba\u015fkan\u0131 Av. M\u00fccahit G\u00fcndo\u011fdu,&#8221; AYM karar\u0131 sonras\u0131 acilen T\u0130P Hatay Milletvekili Av. \u015eerafettin Can Atalay tahliye edilmesi gerekir. Bu durum T\u00fcrk yarg\u0131s\u0131 ad\u0131na utan\u00e7 verici bir durum. Yarg\u0131n\u0131n en \u00fcst kurumu AYM&#8217;dir. Yarg\u0131tay de\u011fildir. Bunu savunmak cehaletin daniskas\u0131d\u0131r. Daha 2 ay \u00f6ncesine kadar iktidar sivil anayasadan dem vuruyordu.&nbsp; D\u00fcnyan\u0131n en demokratik anayasas\u0131n\u0131 haz\u0131rlasan\u0131z bile&nbsp; uymad\u0131ktan sonra hi\u00e7 bir anlam\u0131 yok.!Acil tahliye edilmelidir.&nbsp; T\u0130P Hatay Milletvekili Can Atalay ivedikle Silivri (Marmara) Cezaevinde tutsakt\u0131r.Adalet Bakanl\u0131\u011f\u0131 ve Hakimler Savc\u0131lar Y\u00fcksek Kurulu(HSYK) ve HSYK&#8217;ya ba\u015fkanl\u0131k eden Adalet Bakan\u0131 Y\u0131lmaz Tun\u00e7&nbsp; tahliyesini engellemede<\/p>\n\n\n\n<p>Anayasal su\u00e7 i\u015flemektedir.&#8221;dedi.<\/p>\n\n\n\n<p>Haber\/ Abdurrahman B\u00fcy\u00fckkeskin<\/p>\n","protected":false},"excerpt":{"rendered":"<p>Adalet ve \u0130nsan Haklar\u0131 Platformu(AH\u0130P) Ba\u015fkan\u0131 Av. M\u00fccahit G\u00fcndo\u011fdu, T\u00fcrkiye \u0130\u015f\u00e7i Partisi( T\u0130P) Hatay Milletvekili Av. \u015eerafettin Can Atalay hakk\u0131nda Anayasa Mahkemesi(AYM)&#8217;nin \u00fcyelerinin oy birli\u011fi <a href=\"https:\/\/akdenizhaber.com.tr\/index.php\/2023\/11\/03\/ahip-baskani-av-mucahit-gundogdu-can-atalay-serbest-birakilmalidir\/\" class=\"read-more-link\">[more&#8230;]<\/a><\/p>\n","protected":false},"author":2,"featured_media":17338,"comment_status":"open","ping_status":"open","sticky":false,"template":"","format":"standard","meta":{"footnotes":""},"categories":[2],"tags":[],"class_list":["post-17337","post","type-post","status-publish","format-standard","has-post-thumbnail","hentry","category-gundem"],"_links":{"self":[{"href":"https:\/\/akdenizhaber.com.tr\/index.php\/wp-json\/wp\/v2\/posts\/17337","targetHints":{"allow":["GET"]}}],"collection":[{"href":"https:\/\/akdenizhaber.com.tr\/index.php\/wp-json\/wp\/v2\/posts"}],"about":[{"href":"https:\/\/akdenizhaber.com.tr\/index.php\/wp-json\/wp\/v2\/types\/post"}],"author":[{"embeddable":true,"href":"https:\/\/akdenizhaber.com.tr\/index.php\/wp-json\/wp\/v2\/users\/2"}],"replies":[{"embeddable":true,"href":"https:\/\/akdenizhaber.com.tr\/index.php\/wp-json\/wp\/v2\/comments?post=17337"}],"version-history":[{"count":0,"href":"https:\/\/akdenizhaber.com.tr\/index.php\/wp-json\/wp\/v2\/posts\/17337\/revisions"}],"wp:featuredmedia":[{"embeddable":true,"href":"https:\/\/akdenizhaber.com.tr\/index.php\/wp-json\/wp\/v2\/media\/17338"}],"wp:attachment":[{"href":"https:\/\/akdenizhaber.com.tr\/index.php\/wp-json\/wp\/v2\/media?parent=17337"}],"wp:term":[{"taxonomy":"category","embeddable":true,"href":"https:\/\/akdenizhaber.com.tr\/index.php\/wp-json\/wp\/v2\/categories?post=17337"},{"taxonomy":"post_tag","embeddable":true,"href":"https:\/\/akdenizhaber.com.tr\/index.php\/wp-json\/wp\/v2\/tags?post=17337"}],"curies":[{"name":"wp","href":"https:\/\/api.w.org\/{rel}","templated":true}]}}