{"id":17328,"date":"2023-11-03T13:16:27","date_gmt":"2023-11-03T10:16:27","guid":{"rendered":"https:\/\/akdenizhaber.com.tr\/?p=17328"},"modified":"2023-11-03T13:16:27","modified_gmt":"2023-11-03T10:16:27","slug":"tasci-100-yilda-tarihe-imza-atti","status":"publish","type":"post","link":"https:\/\/akdenizhaber.com.tr\/index.php\/2023\/11\/03\/tasci-100-yilda-tarihe-imza-atti\/","title":{"rendered":"Ta\u015f\u00e7\u0131 100. Y\u0131lda tarihe \u0130mza Att\u0131"},"content":{"rendered":"\n<p><\/p>\n\n\n\n<p>25 ya\u015f\u0131nda ya\u011fl\u0131 g\u00fcre\u015fe ba\u015flad\u0131; ismini Cumhuriyet tarihine ismini alt\u0131n harflerle yazd\u0131rd\u0131!<\/p>\n\n\n\n<p>29 Ekim Cumhuriyet Bayram\u0131&#8217;nda Cumhuriyetin 100&#8217;nc\u00fc y\u0131l d\u00f6n\u00fcm\u00fc co\u015fku ile kutlanmaya devam ederken, T\u00fcrkiye&#8217;nin ya\u015fayan efsanesi 65 ya\u015f\u0131ndaki Ahmet Ta\u015f\u00e7\u0131\u2019da , ya\u011fl\u0131 g\u00fcre\u015fte elde etti\u011fi ba\u015far\u0131larla Cumhuriyetin 100 y\u0131ll\u0131k d\u00f6neminde ismini spor tarihine &#8220;alt\u0131n&#8221; harflerle yazd\u0131rman\u0131n hakl\u0131&nbsp; gururunu ya\u015f\u0131yor.<\/p>\n\n\n\n<p>Cumhuriyet tarihi s\u00fcresince K\u0131rkp\u0131nar&#8217;da \u00fc\u00e7 defa \u00fcste \u00fcste alt\u0131n kemeri alarak kemerin ebedi sahibi olan \u00fc\u00e7 b\u00fcy\u00fck ba\u015fpehlivan&nbsp;bulunuyor. Bunlar ise Karam\u00fcrselli Ayd\u0131n Demir, Denizlili H\u00fcseyin \u00c7okal ile 8 defa \u00fcst \u00fcste birinci&nbsp; olan ve bir defa da ayr\u0131 bir y\u0131lda birinci olan 9&nbsp; K\u0131rkp\u0131nar&#8217;da alt\u0131n kemeri alan efsane ba\u015fpehlivan ise Karam\u00fcrselli Ahmet Ta\u015f\u00e7\u0131 yer al\u0131yor. 25 ya\u015f\u0131nda ya\u011fl\u0131 pehlivan g\u00fcre\u015fine ba\u015flayan&nbsp; 65 ya\u015f\u0131ndaki&nbsp; Ahmet Ta\u015f\u00e7\u0131 K\u0131rkp\u0131nar da iki defa \u00fc\u00e7 y\u0131l \u00fcst&nbsp; \u00fcste&nbsp; alt\u0131n kemerin&nbsp; ebedi sahibi olan ba\u015fpehlivan unvan\u0131na sahip.&nbsp;<\/p>\n\n\n\n<p>25 YA\u015eINDA YA\u011eLI G\u00dcRE\u015eE BA\u015eLADI \u0130K\u0130 DEFA ALTIN KEMER\u0130 EBED\u0130 SAH\u0130B\u0130 OLDU, \u0130SM\u0130N\u0130 CUMHUR\u0130YET TAR\u0130H\u0130NE ALTIN HARFLERLE&nbsp; YAZDIRDI!<\/p>\n\n\n\n<p>Ya\u011fl\u0131 g\u00fcre\u015fin sonucu her y\u0131l merakla beklenen, T\u00fcrk&#8217;\u00fcn er meydan\u0131 Tarihi K\u0131rkp\u0131nar Ya\u011fl\u0131 G\u00fcre\u015flerinde alt\u0131n kemer sahibi olmak, her ba\u015fpehlivan\u0131n r\u00fcyas\u0131. Tarihi K\u0131rkp\u0131nar Ya\u011fl\u0131 G\u00fcre\u015flerinde alt\u0131n kemerin ebedi sahibi olanlar\u0131n say\u0131s\u0131 ise bir elin parmaklar\u0131n\u0131 ge\u00e7miyor. \u00dcst \u00fcste 3 kez ba\u015fpehlivan olmay\u0131 gerektiren alt\u0131n kemerin ebedi sahibi olma kural\u0131n\u0131 Ordulu Mustafa B\u00fck 1966, 1967, 1968&#8217;de, Karam\u00fcrselli Ayd\u0131n Demir 1976, 1977, 1978&#8217;de, Denizlili H\u00fcseyin \u00c7okal 1982, 1983, 1984&#8217;te, Karam\u00fcrselli Ahmet Ta\u015f\u00e7\u0131 1990, 1991, 1992 ve 1995, 1996, 1997&#8217;de yerine getirdi. Ebedi alt\u0131n kemerin son sahibi Ta\u015f\u00e7\u0131, Tarihi K\u0131rkp\u0131nar Ya\u011fl\u0131 G\u00fcre\u015fleri&#8217;nde elde etti\u011fi 9 ba\u015fpehlivanl\u0131k lada Cumhuriyet d\u00f6nemi rekorunu elinde bulunduruyor.<\/p>\n\n\n\n<p>AHMET TA\u015e\u00c7I; CUMHUR\u0130YET TAR\u0130H\u0130NDE \u0130K\u0130&nbsp;DEFA&nbsp; KIRKPINAR&#8217;DA ALTIN KEMER\u0130N&nbsp;EBED\u0130 SAH\u0130B\u0130 OLMAK GURUR VER\u0130C\u0130!<\/p>\n\n\n\n<p>Ahmet Ta\u015f\u00e7\u0131, g\u00fcre\u015f\u00e7ilerin 25 ya\u015f\u0131, kariyerinin sonlar\u0131 olarak g\u00f6rd\u00fc\u011f\u00fc bir zamanda ya\u011fl\u0131 g\u00fcre\u015fe ba\u015flad\u0131\u011f\u0131n\u0131 s\u00f6yl\u00fcyor. O d\u00f6nemde lastik fabrikas\u0131nda \u00e7al\u0131\u015ft\u0131\u011f\u0131n\u0131 ve kendisine 25 ya\u015f\u0131ndan sonra pehlivan olunamayaca\u011f\u0131n\u0131n s\u00f6ylendi\u011fini aktaran Ta\u015f\u00e7\u0131, ustas\u0131 Kadir Birlik&#8217;in yan\u0131nda g\u00fcre\u015fe ba\u015flad\u0131\u011f\u0131n\u0131, azim ve h\u0131rsla \u00e7al\u0131\u015f\u0131ld\u0131\u011f\u0131nda her \u015feyin ba\u015far\u0131 bildi\u011fini herkese g\u00f6sterdi\u011fini kaydetti. Ta\u015f\u00e7\u0131, Tarihi K\u0131rkp\u0131nar Ya\u011fl\u0131 G\u00fcre\u015fleri&#8217;nde g\u00fcre\u015fmenin b\u00fcy\u00fck gurur ve onur oldu\u011funu dile getirerek, &#8220;K\u0131rkp\u0131nar&#8217;da 9 birincilikle Cumhuriyet d\u00f6nemi rekorunu k\u0131rd\u0131m. Bu sonu\u00e7larla b\u00fct\u00fcn otoriteleri \u015fa\u015f\u0131rtm\u0131\u015f oluyoruz. 25 ya\u015f\u0131nda ya\u011fl\u0131 g\u00fcre\u015fe ba\u015flay\u0131p da b\u00f6yle bir sonu\u00e7 almak ger\u00e7ekten kolay de\u011fil. Bunun arkas\u0131nda b\u00fcy\u00fck azim, \u00e7al\u0131\u015fma ve destek var. Bu ba\u015far\u0131lar bana b\u00fcy\u00fck bir mutluluk veriyor \u00e7\u00fcnk\u00fc tarihe isminizi yazd\u0131r\u0131yorsunuz ve ata sporu ya\u011fl\u0131 g\u00fcre\u015fte iz b\u0131rakmak ayr\u0131 bir mutluluk. Bu, her insan\u0131n i\u015finde ba\u015far\u0131l\u0131 olmak arzusu ve iste\u011fidir. Herkes de bunu ba\u015faram\u0131yor. Bunlar\u0131 ba\u015farm\u0131\u015f ki\u015fi olarak mutlu ve gururluyum.&#8221; diye konu\u015ftu.<\/p>\n\n\n\n<p>K\u0131rkp\u0131nar&#8217;da \u015fampiyon olan ba\u015fpehlivan\u0131n her zaman ebedi kemeri almay\u0131 d\u00fc\u015f\u00fcn\u00fcp ona g\u00f6re \u00e7al\u0131\u015fmas\u0131 gerekti\u011fine i\u015faret eden Ta\u015f\u00e7\u0131, zirveye \u00e7\u0131kan ba\u015fpehlivan\u0131n g\u00fcc\u00fcn\u00fc artt\u0131rarak devam ettirmesinin sporcunun elinde oldu\u011funu, gen\u00e7 ya\u015fta elde edilen ba\u015far\u0131lar\u0131n s\u00fcrd\u00fcr\u00fclememesinin de sporcuyla alakal\u0131 oldu\u011funu ifade etti.<\/p>\n\n\n\n<p>Haber \/ Abdurrahman B\u00fcy\u00fckkeskin<\/p>\n","protected":false},"excerpt":{"rendered":"<p>25 ya\u015f\u0131nda ya\u011fl\u0131 g\u00fcre\u015fe ba\u015flad\u0131; ismini Cumhuriyet tarihine ismini alt\u0131n harflerle yazd\u0131rd\u0131! 29 Ekim Cumhuriyet Bayram\u0131&#8217;nda Cumhuriyetin 100&#8217;nc\u00fc y\u0131l d\u00f6n\u00fcm\u00fc co\u015fku ile kutlanmaya devam ederken, <a href=\"https:\/\/akdenizhaber.com.tr\/index.php\/2023\/11\/03\/tasci-100-yilda-tarihe-imza-atti\/\" class=\"read-more-link\">[more&#8230;]<\/a><\/p>\n","protected":false},"author":2,"featured_media":17329,"comment_status":"open","ping_status":"open","sticky":false,"template":"","format":"standard","meta":{"footnotes":""},"categories":[2],"tags":[],"class_list":["post-17328","post","type-post","status-publish","format-standard","has-post-thumbnail","hentry","category-gundem"],"_links":{"self":[{"href":"https:\/\/akdenizhaber.com.tr\/index.php\/wp-json\/wp\/v2\/posts\/17328","targetHints":{"allow":["GET"]}}],"collection":[{"href":"https:\/\/akdenizhaber.com.tr\/index.php\/wp-json\/wp\/v2\/posts"}],"about":[{"href":"https:\/\/akdenizhaber.com.tr\/index.php\/wp-json\/wp\/v2\/types\/post"}],"author":[{"embeddable":true,"href":"https:\/\/akdenizhaber.com.tr\/index.php\/wp-json\/wp\/v2\/users\/2"}],"replies":[{"embeddable":true,"href":"https:\/\/akdenizhaber.com.tr\/index.php\/wp-json\/wp\/v2\/comments?post=17328"}],"version-history":[{"count":0,"href":"https:\/\/akdenizhaber.com.tr\/index.php\/wp-json\/wp\/v2\/posts\/17328\/revisions"}],"wp:featuredmedia":[{"embeddable":true,"href":"https:\/\/akdenizhaber.com.tr\/index.php\/wp-json\/wp\/v2\/media\/17329"}],"wp:attachment":[{"href":"https:\/\/akdenizhaber.com.tr\/index.php\/wp-json\/wp\/v2\/media?parent=17328"}],"wp:term":[{"taxonomy":"category","embeddable":true,"href":"https:\/\/akdenizhaber.com.tr\/index.php\/wp-json\/wp\/v2\/categories?post=17328"},{"taxonomy":"post_tag","embeddable":true,"href":"https:\/\/akdenizhaber.com.tr\/index.php\/wp-json\/wp\/v2\/tags?post=17328"}],"curies":[{"name":"wp","href":"https:\/\/api.w.org\/{rel}","templated":true}]}}