{"id":17298,"date":"2023-11-02T14:18:59","date_gmt":"2023-11-02T11:18:59","guid":{"rendered":"https:\/\/akdenizhaber.com.tr\/?p=17298"},"modified":"2023-11-02T14:19:00","modified_gmt":"2023-11-02T11:19:00","slug":"cumhuriyetin-100-yil-kutlama-etkinlikleri-kapsaminda-yapilan-yarismalarda-derece-alanlar-odullendirildi","status":"publish","type":"post","link":"https:\/\/akdenizhaber.com.tr\/index.php\/2023\/11\/02\/cumhuriyetin-100-yil-kutlama-etkinlikleri-kapsaminda-yapilan-yarismalarda-derece-alanlar-odullendirildi\/","title":{"rendered":"Cumhuriyetin 100.y\u0131l kutlama etkinlikleri kapsam\u0131nda yap\u0131lan yar\u0131\u015fmalarda                           DERECE ALANLAR \u00d6D\u00dcLLEND\u0130R\u0130LD\u0130"},"content":{"rendered":"\n<p> <\/p>\n\n\n\n<p><\/p>\n\n\n\n<p><\/p>\n\n\n\n<p>29 Ekim Cumhuriyet Bayram\u0131\u2019n\u0131n 100. Y\u0131ld\u00f6n\u00fcm\u00fc kutlamalar\u0131 kapsam\u0131nda Resmi ve \u00d6zel \u0130lk okullar aras\u0131 resim,\u00a0resmi ve \u00f6zel ortaokullar ve \u0130mam Hatip Okullar\u0131 aras\u0131nda \u015fiir ve Lise \u00f6\u011frencileri aras\u0131nda Kompozisyon yar\u0131\u015fmalar\u0131 d\u00fczenlendi. Kat\u0131lan eserler Milli E\u011fitim M\u00fcd\u00fcrl\u00fc\u011f\u00fcnce olu\u015fturulan komisyonda de\u011ferlendirildi ve dereceye giren \u00f6\u011frenciler \u00f6d\u00fcllendirildi.<\/p>\n\n\n\n<p>Yar\u0131\u015fma sonunda resim dal\u0131nda&nbsp; 1. Duru Sena Y\u0131ld\u0131z (Atat\u00fcrk \u0130lkokulu), 2. Leyla Neara (60.Y\u0131l \u0130lkokulu), 3. Fatma Evra Eren (Atat\u00fcrk \u0130lkokulu), 4. Melisa Y\u0131ld\u0131r\u0131m (Maya Manavgat \u0130lkokulu) 5. \u015eimal Bade \u00c7al\u0131\u015fkan (\u00c7olakl\u0131 \u0130lkokulku)<\/p>\n\n\n\n<p>\u015eiir dal\u0131nda 1. Fatma Ersoy (75. Y\u0131l Cumhuriyet O.), 2. Elvin Ta\u015f (\u00d6zel Manavgat Bah\u00e7e\u015fehir O.), 3. Ay\u015fe H\u00fcmeyra (\u015eehit U\u011fur Y\u0131ld\u0131z H.O.), 4. Ay\u015fe Nil Kabaday\u0131 (Atat\u00fcrk O.), 5. Nilda Demircan (Hac\u0131 \u015eayeste&amp;Mustafa G. O.)<\/p>\n\n\n\n<p>Kompozisyon Dal\u0131nda; 1. Azra \u00c7etin (Manavgat Lisesi), 2. Ayberk Acar (Iraz D\u00fcriye Duran A. lisesi), 3. Cem Erhan Apayd\u0131n(Manavgat Lisesi), 4. Sinem Tolan (Nam\u0131k Karamanc\u0131 F.L.), 5. Melisa Avc\u0131 (Nam\u0131k Karamanc\u0131 Fen. L.)<\/p>\n\n\n\n<p>Dereceye giren \u00f6\u011frencilerden her dalda 1.nci olanlara Yar\u0131m Alt\u0131n, 2. Ve 3. Olanlara \u00c7eyrek Alt\u0131n, 4. Ve 5..ncilere&nbsp; Gram alt\u0131n hediye edilerek \u00f6d\u00fcllendirildi. Ayr\u0131ca Resim dal\u0131nda 29 ki\u015fiye 1.000 TL\u2019lik, \u015eiir ve Kompozisyon dallar\u0131nda da 28 ki\u015fiye 1000 er liral\u0131k hediye \u00e7eki da\u011f\u0131t\u0131ld\u0131.<\/p>\n\n\n\n<p>\u00d6te yandan Manavgat \u00c7a\u011flayan \u0130lk\u00f6\u011fretim okulu \u00d6\u011frencisi Azra Mina \u00d6z, resim dal\u0131nda T\u00fcrkiye 2.ncili\u011fini elde etti.<\/p>\n\n\n\n<p>(Haber Merkezi)<\/p>\n","protected":false},"excerpt":{"rendered":"<p>29 Ekim Cumhuriyet Bayram\u0131\u2019n\u0131n 100. Y\u0131ld\u00f6n\u00fcm\u00fc kutlamalar\u0131 kapsam\u0131nda Resmi ve \u00d6zel \u0130lk okullar aras\u0131 resim,\u00a0resmi ve \u00f6zel ortaokullar ve \u0130mam Hatip Okullar\u0131 aras\u0131nda \u015fiir ve <a href=\"https:\/\/akdenizhaber.com.tr\/index.php\/2023\/11\/02\/cumhuriyetin-100-yil-kutlama-etkinlikleri-kapsaminda-yapilan-yarismalarda-derece-alanlar-odullendirildi\/\" class=\"read-more-link\">[more&#8230;]<\/a><\/p>\n","protected":false},"author":2,"featured_media":17299,"comment_status":"open","ping_status":"open","sticky":false,"template":"","format":"standard","meta":{"footnotes":""},"categories":[2],"tags":[],"class_list":["post-17298","post","type-post","status-publish","format-standard","has-post-thumbnail","hentry","category-gundem"],"_links":{"self":[{"href":"https:\/\/akdenizhaber.com.tr\/index.php\/wp-json\/wp\/v2\/posts\/17298","targetHints":{"allow":["GET"]}}],"collection":[{"href":"https:\/\/akdenizhaber.com.tr\/index.php\/wp-json\/wp\/v2\/posts"}],"about":[{"href":"https:\/\/akdenizhaber.com.tr\/index.php\/wp-json\/wp\/v2\/types\/post"}],"author":[{"embeddable":true,"href":"https:\/\/akdenizhaber.com.tr\/index.php\/wp-json\/wp\/v2\/users\/2"}],"replies":[{"embeddable":true,"href":"https:\/\/akdenizhaber.com.tr\/index.php\/wp-json\/wp\/v2\/comments?post=17298"}],"version-history":[{"count":0,"href":"https:\/\/akdenizhaber.com.tr\/index.php\/wp-json\/wp\/v2\/posts\/17298\/revisions"}],"wp:featuredmedia":[{"embeddable":true,"href":"https:\/\/akdenizhaber.com.tr\/index.php\/wp-json\/wp\/v2\/media\/17299"}],"wp:attachment":[{"href":"https:\/\/akdenizhaber.com.tr\/index.php\/wp-json\/wp\/v2\/media?parent=17298"}],"wp:term":[{"taxonomy":"category","embeddable":true,"href":"https:\/\/akdenizhaber.com.tr\/index.php\/wp-json\/wp\/v2\/categories?post=17298"},{"taxonomy":"post_tag","embeddable":true,"href":"https:\/\/akdenizhaber.com.tr\/index.php\/wp-json\/wp\/v2\/tags?post=17298"}],"curies":[{"name":"wp","href":"https:\/\/api.w.org\/{rel}","templated":true}]}}