{"id":17295,"date":"2023-11-02T14:17:56","date_gmt":"2023-11-02T11:17:56","guid":{"rendered":"https:\/\/akdenizhaber.com.tr\/?p=17295"},"modified":"2023-11-02T14:17:57","modified_gmt":"2023-11-02T11:17:57","slug":"kocatepeden-bozyaziya-yuruyen-aday-adayi-av-hamdi-mersin-iyi-partiden-bozyaziya-talip","status":"publish","type":"post","link":"https:\/\/akdenizhaber.com.tr\/index.php\/2023\/11\/02\/kocatepeden-bozyaziya-yuruyen-aday-adayi-av-hamdi-mersin-iyi-partiden-bozyaziya-talip\/","title":{"rendered":"Kocatepe\u2019den Bozyaz\u0131\u2019ya y\u00fcr\u00fcyen Aday aday\u0131 Av. Hamdi Mersin \u0130Y\u0130 Parti\u2019den Bozyaz\u0131\u2019ya talip"},"content":{"rendered":"\n<p><\/p>\n\n\n\n<p>2024 y\u0131l\u0131 Mart ay\u0131nda yap\u0131lacak yerel se\u00e7imler yakla\u015ft\u0131k\u00e7a siyasi hareketlenmeler ve heyecanda ba\u015flad\u0131. Mersin ili Bozyaz\u0131 il\u00e7esi Belediye Ba\u015fkanl\u0131\u011f\u0131na adayl\u0131k ba\u015fvurusunu Avukat Hamdi Mersin \u00fclke genlinde bir ilke imza atarak<\/p>\n\n\n\n<p>Afyon Kocatepe\u2019de taaruz kutlamalar\u0131nda aday adayl\u0131\u011f\u0131n\u0131 a\u00e7\u0131klayarak g\u00fcndeme gelmi\u015fti.<\/p>\n\n\n\n<p>Kurtulu\u015f Sava\u015f\u0131nda 26 A\u011fustos\u2019ta Afyon Kocatepe\u2019de Atat\u00fcrk\u2019\u00fcn komutas\u0131nda ba\u015flat\u0131lan B\u00fcy\u00fck Taarruzun ve Alparslan\u2019\u0131n Malazgirt Meydan Muharebesini kazand\u0131\u011f\u0131 26 A\u011fustos 1071 y\u0131l\u0131n\u0131n y\u0131ld\u00f6n\u00fcm\u00fcnde Afyon Kocatepe\u2019de \u0130Y\u0130 Parti taraf\u0131ndan bir kurultay d\u00fczenlendi. Kurultaya \u0130Y\u0130 Parti Lideri Meral AK\u015eENER de kat\u0131ld\u0131.&nbsp; O g\u00fcnlerde binlerce ara\u00e7la \u0130Y\u0130 Partililer Afyon Kocatepe\u2019ye ak\u0131n ederek muhte\u015fem bir kutlama ortaya \u00e7\u0131km\u0131\u015ft\u0131.<\/p>\n\n\n\n<p>Avukat Hamdi Mersin\u2019in adayl\u0131k ba\u015fvurusunun al\u0131\u015f\u0131lagelmi\u015fin \u00f6tesinde olmas\u0131 \u00fclke genelinde g\u00fcndeme oturmu\u015f, a\u00e7\u0131klamas\u0131n\u0131n hemen ard\u0131ndan Av. Hamdi Mersin kollar\u0131 s\u0131vayarak memleketinde \u00e7al\u0131\u015fmalar\u0131n\u0131 devam ettiriyor.<\/p>\n\n\n\n<p>&nbsp;\u201cKOCATEPE\u2019DEN BA\u015eLAMAK<\/p>\n\n\n\n<p>Av. Hamdi Mersin, aday adayl\u0131\u011f\u0131 ba\u015fvurusunun Kocatepe\u2019de yapmas\u0131n\u0131n ba\u015fl\u0131ca nedeninin dedesinin o g\u00fcnk\u00fc kahramanlar aras\u0131nda yer almas\u0131ndan dolay\u0131 oldu\u011funu ifade ederek konuyla ilgili \u015f\u00f6yle konu\u015ftu;<\/p>\n\n\n\n<p>\u201cAnne taraf\u0131ndan dedem \u201cTat Ali\u201d lakapl\u0131 Ali Can, Atat\u00fcrk\u2019\u00fcm\u00fcz\u00fcn Ba\u015fkumandanl\u0131\u011f\u0131nda ger\u00e7ekle\u015fen B\u00fcy\u00fck Taarruz ve Dumlup\u0131nar Meydan Sava\u015f\u0131\u2019na kat\u0131lm\u0131\u015f, kolundan vurulmas\u0131na ra\u011fmen d\u00fc\u015fman\u0131n pe\u015finden birli\u011fiyle \u0130zmir\u2019e kadar gitmi\u015ftir. Allah onlardan raz\u0131 olsun, makamlar\u0131n\u0131 Cennet eylesin.&nbsp;<\/p>\n\n\n\n<p>26 A\u011fustos 2023 g\u00fcn\u00fc \u0130Y\u0130 partinin Afyon Kocatepe bulu\u015fmas\u0131nday\u0131m. \u00d6yle bir dedenin torunu olmak, beni ta\u015f\u0131n alt\u0131na elimi koymaya zorlad\u0131. Meral AK\u015eENER Han\u0131mefendi\u2019nin, \u00fclkesi i\u00e7in yurtta\u015flar\u0131m\u0131z\u0131 g\u00f6reve \u00e7a\u011fr\u0131s\u0131na cevaben ben de \u0130Y\u0130 Parti il\u00e7e y\u00f6netimine BOZYAZI BELED\u0130YE BA\u015eKAN ADAY ADAYI olarak ba\u015fvurumu g\u00f6nl\u00fcm\u00fczde b\u00fcy\u00fck anlamlar ifade eden makamlardan en b\u00fcy\u00fck makamlar aras\u0131nda yer alan AFYON KOCATEPE\u2019DE yapmaya karar verdim. \u0130l\u00e7e ba\u015fkan\u0131m\u0131z Ali DURU Beyefendi\u2019nin rahats\u0131zl\u0131\u011f\u0131 nedeniyle Kocatepe\u2019de bulunamamas\u0131 kendisi kadar bizi de \u00fczd\u00fc. \u0130l\u00e7e Sekreteri Say\u0131n Davut KESER Beyefendi\u2019ye dilek\u00e7emi ve bu mek\u00e2nlarda gazi olan dedemden de s\u00f6z etti\u011fim SIRLAR DA\u011eININ MELEKLER\u0130 kitab\u0131m\u0131 sundum.<\/p>\n\n\n\n<p>Bu konuda, sosyal medyada, di\u011fer ileti\u015fim kanallar\u0131nda, parti de\u011ferlendirme kurullar\u0131nda herhangi bir siyasi parti g\u00f6zetmeksizin arkada\u015flar\u0131m\u0131n, dostlar\u0131m\u0131n ve hem\u015ferilerimin deste\u011fini bekliyor, g\u00f6zetiyorum. Hay\u0131rl\u0131s\u0131 ne ise o olsun.\u201d<\/p>\n\n\n\n<p>Hamdi Mersin,aday adayl\u0131\u011f\u0131n\u0131 a\u00e7\u0131klad\u0131ktan sonraki zaman dilimi i\u00e7ersinde gece-g\u00fcnd\u00fcz Bozyaz\u0131\u2019da \u00e7al\u0131\u015fmalar\u0131n\u0131 s\u00fcrd\u00fcrerek \u201cBozyaz\u0131 i\u00e7in ne gerekiyorsa yapaca\u011f\u0131m\u201d diyerek s\u00f6zlerini tamamlad\u0131<\/p>\n\n\n\n<p>HAMD\u0130 MERS\u0130N K\u0130MD\u0130R?<\/p>\n\n\n\n<p>12 Ocak 1958 Tarihinde Anamur\u2019da do\u011fdu. \u00d6\u011frenim hayat\u0131n\u0131 T\u00fcrkiye\u2019nin de\u011fi\u015fik illerinde s\u00fcrd\u00fcrd\u00fc. Gaziantep \u0130lk\u00f6\u011fretmen Okulunda ba\u015flad\u0131\u011f\u0131 orta \u00f6\u011frenimini Manisa Demirci\u2019de tamamlad\u0131. Bal\u0131kesir Necati E\u011fitim Enstit\u00fcs\u00fcn\u00fc bitirerek Sosyal Bilgiler \u00d6\u011fretmeni oldu. Hem devlet okullar\u0131nda, hem de \u00f6zel dershanelerde otuz y\u0131la yak\u0131n \u00f6\u011fretmenlik yapt\u0131. \u0130kinci \u00dcniversite olarak Anakara \u00dcniversitesi Hukuk Fak\u00fcltesini bitirdi. Evli, 1 erkek 3 k\u0131z 4 \u00e7ocuk babas\u0131d\u0131r.<\/p>\n\n\n\n<p>Hamdi Mersin e\u011fitimci bir yazard\u0131r. Birinci Yol, Ak \u00dclke Kral\u0131 Ci\u015fein, Saray\u0131n S\u0131rp Gelini, \u00c7\u0131\u011fl\u0131k ve S\u0131rlar Da\u011f\u0131n\u0131n Melekleri adl\u0131 eserleri yay\u0131mland\u0131.<\/p>\n\n\n\n<p>Saray\u0131n S\u0131rp Gelini eseri ile \u0130LESAM-AK\u00c7A\u011e 2016 Roman Yar\u0131\u015fmas\u0131 birincilik \u00f6d\u00fcl\u00fcn\u00fc ald\u0131. Halen Antalya Barosu\u2019na kay\u0131tl\u0131 serbest avukat olarak \u00e7al\u0131\u015fmaktad\u0131r.<\/p>\n\n\n\n<p>(Haber Merkezi)<\/p>\n","protected":false},"excerpt":{"rendered":"<p>2024 y\u0131l\u0131 Mart ay\u0131nda yap\u0131lacak yerel se\u00e7imler yakla\u015ft\u0131k\u00e7a siyasi hareketlenmeler ve heyecanda ba\u015flad\u0131. Mersin ili Bozyaz\u0131 il\u00e7esi Belediye Ba\u015fkanl\u0131\u011f\u0131na adayl\u0131k ba\u015fvurusunu Avukat Hamdi Mersin \u00fclke <a href=\"https:\/\/akdenizhaber.com.tr\/index.php\/2023\/11\/02\/kocatepeden-bozyaziya-yuruyen-aday-adayi-av-hamdi-mersin-iyi-partiden-bozyaziya-talip\/\" class=\"read-more-link\">[more&#8230;]<\/a><\/p>\n","protected":false},"author":2,"featured_media":17296,"comment_status":"open","ping_status":"open","sticky":false,"template":"","format":"standard","meta":{"footnotes":""},"categories":[2],"tags":[],"class_list":["post-17295","post","type-post","status-publish","format-standard","has-post-thumbnail","hentry","category-gundem"],"_links":{"self":[{"href":"https:\/\/akdenizhaber.com.tr\/index.php\/wp-json\/wp\/v2\/posts\/17295","targetHints":{"allow":["GET"]}}],"collection":[{"href":"https:\/\/akdenizhaber.com.tr\/index.php\/wp-json\/wp\/v2\/posts"}],"about":[{"href":"https:\/\/akdenizhaber.com.tr\/index.php\/wp-json\/wp\/v2\/types\/post"}],"author":[{"embeddable":true,"href":"https:\/\/akdenizhaber.com.tr\/index.php\/wp-json\/wp\/v2\/users\/2"}],"replies":[{"embeddable":true,"href":"https:\/\/akdenizhaber.com.tr\/index.php\/wp-json\/wp\/v2\/comments?post=17295"}],"version-history":[{"count":0,"href":"https:\/\/akdenizhaber.com.tr\/index.php\/wp-json\/wp\/v2\/posts\/17295\/revisions"}],"wp:featuredmedia":[{"embeddable":true,"href":"https:\/\/akdenizhaber.com.tr\/index.php\/wp-json\/wp\/v2\/media\/17296"}],"wp:attachment":[{"href":"https:\/\/akdenizhaber.com.tr\/index.php\/wp-json\/wp\/v2\/media?parent=17295"}],"wp:term":[{"taxonomy":"category","embeddable":true,"href":"https:\/\/akdenizhaber.com.tr\/index.php\/wp-json\/wp\/v2\/categories?post=17295"},{"taxonomy":"post_tag","embeddable":true,"href":"https:\/\/akdenizhaber.com.tr\/index.php\/wp-json\/wp\/v2\/tags?post=17295"}],"curies":[{"name":"wp","href":"https:\/\/api.w.org\/{rel}","templated":true}]}}