{"id":17268,"date":"2023-11-01T13:26:37","date_gmt":"2023-11-01T10:26:37","guid":{"rendered":"https:\/\/akdenizhaber.com.tr\/?p=17268"},"modified":"2023-11-01T13:26:38","modified_gmt":"2023-11-01T10:26:38","slug":"chp-antalya-milletvekili-aliye-cosar-cumhuriyet-ogretmenleri-yalniz-degildir","status":"publish","type":"post","link":"https:\/\/akdenizhaber.com.tr\/index.php\/2023\/11\/01\/chp-antalya-milletvekili-aliye-cosar-cumhuriyet-ogretmenleri-yalniz-degildir\/","title":{"rendered":"CHP Antalya Milletvekili Aliye Co\u015far; \u201cCumhuriyet \u00d6\u011fretmenleri Yaln\u0131z De\u011fildir\u201d"},"content":{"rendered":"\n<p><\/p>\n\n\n\n<p>CHP Antalya Milletvekili Aliye Co\u015far, Cumhuriyet Bayram\u0131 t\u00f6reninde yapt\u0131\u011f\u0131 konu\u015fma sonras\u0131 g\u00f6z alt\u0131na al\u0131nan Emine \u00f6\u011fretmen hakk\u0131nda yapt\u0131\u011f\u0131 bas\u0131n a\u00e7\u0131klamas\u0131nda ge\u00e7ti\u011fimiz g\u00fcnlerde g\u00f6z alt\u0131na al\u0131nan Emine \u00f6\u011fretmenin yaln\u0131z olmad\u0131\u011f\u0131n\u0131 belirterek yan\u0131nda olduklar\u0131n\u0131 s\u00f6yledi.<\/p>\n\n\n\n<p>CHP Antalya milletvekili Aliye Co\u015far \u015fu Cumhuriyet bayram\u0131nda yapt\u0131\u011f\u0131 konu\u015fmas\u0131nda \u015fu g\u00f6r\u00fc\u015flere yer verdi.<\/p>\n\n\n\n<p>&nbsp;\u201cAntalya\u2019da 29 Ekim Cumhuriyet Bayram\u0131 t\u00f6renlerinde yapt\u0131\u011f\u0131 konu\u015fma sonras\u0131 g\u00f6zalt\u0131na al\u0131nan Emine \u00f6\u011fretmenimizin yapt\u0131\u011f\u0131 konu\u015fma noktas\u0131ndan, virg\u00fcl\u00fcne kadar do\u011frudur. Bir cumhuriyet \u00f6\u011fretmeninin, T\u00fcrkiye Cumhuriyeti\u2019ni, cumhuriyet de\u011ferlerini, Atat\u00fcrk devrimlerini savunmas\u0131ndan daha do\u011fal bir \u015fey olamaz, as\u0131l aksini d\u00fc\u015f\u00fcnmek bu \u00fclkeye yap\u0131lacak en b\u00fcy\u00fck k\u00f6t\u00fcl\u00fckt\u00fcr.<\/p>\n\n\n\n<p>Cumhuriyetimizin 100\u2019\u00fcnc\u00fc y\u0131l\u0131n\u0131 kutlad\u0131\u011f\u0131m\u0131z bu g\u00fcnlerde, tarikat ve cemaatlere e\u011fitim sistemimizi teslim eden, yarg\u0131y\u0131 bask\u0131 ve talimat alt\u0131na alan, millet iradesini yok sayarak cezaevlerinde tutan, fikri h\u00fcr vicdan\u0131 h\u00fcr vatanda\u015flar\u0131n ifade \u00f6zg\u00fcrl\u00fc\u011f\u00fcne g\u00f6z alt\u0131n\u0131 reva g\u00f6ren AKP zihniyetinin T\u00fcrkiye Y\u00fczy\u0131l\u0131, istibdat y\u00f6netimidir.<\/p>\n\n\n\n<p>Cumhuriyet kazan\u0131mlar\u0131n\u0131n her g\u00fcn yok edilmek istendi\u011fi karanl\u0131k g\u00fcnlerden ge\u00e7mekteyiz.<\/p>\n\n\n\n<p>Cumhuriyet de\u011ferleri ile hesapla\u015fma derdindeki AKP zihniyeti, Cumhuriyet ayd\u0131nlanmas\u0131n\u0131n \u00f6n\u00fcndeki ge\u00e7ici bir sisten farkl\u0131 de\u011fildir, bu karanl\u0131k sis, cumhuriyet \u00f6\u011fretmenlerimizin ve onlar\u0131n yeti\u015ftirdi\u011fi gen\u00e7ler sayesinde da\u011f\u0131lacakt\u0131r.<\/p>\n\n\n\n<p>Emine \u00f6\u011fretmenimize kar\u015f\u0131 g\u00f6z alt\u0131 i\u015flemi yapan kollu\u011fun bas\u0131n a\u00e7\u0131klamas\u0131 da adeta bir faciad\u0131r. \u201cBir \u015fahs\u0131 yakalad\u0131klar\u0131n\u0131\u201d a\u00e7\u0131klad\u0131klar\u0131n\u0131 bas\u0131n a\u00e7\u0131klamas\u0131 metninde yer veren Emniyet, sanki bir ka\u00e7ak, bir devlet d\u00fc\u015fman\u0131 yakalam\u0131\u015f edas\u0131na b\u00fcr\u00fcnm\u00fc\u015ft\u00fcr, kolluk e\u011fer birilerini yakalamak istiyorsa her g\u00fcn sosyal medyada T\u00fcrkiye Cumhuriyeti\u2019ne, Cumhuriyet de\u011ferlerine, Atat\u00fcrk\u2019e hakaret eden yozla\u015fm\u0131\u015f zihniyete sahip ki\u015fileri yakalayabilir.<\/p>\n\n\n\n<p>AKP\u2019nin yaratt\u0131\u011f\u0131 bu karanl\u0131ktan elbette Cumhuriyet bilimle, sanatla, hukukla, demokrasiyle, \u00e7a\u011fda\u015f ve laik e\u011fitimle \u00e7\u0131kacak ve ilelebet ya\u015fayacakt\u0131r\u201d dedi.<\/p>\n\n\n\n<p>(Haber Merkezi)<\/p>\n","protected":false},"excerpt":{"rendered":"<p>CHP Antalya Milletvekili Aliye Co\u015far, Cumhuriyet Bayram\u0131 t\u00f6reninde yapt\u0131\u011f\u0131 konu\u015fma sonras\u0131 g\u00f6z alt\u0131na al\u0131nan Emine \u00f6\u011fretmen hakk\u0131nda yapt\u0131\u011f\u0131 bas\u0131n a\u00e7\u0131klamas\u0131nda ge\u00e7ti\u011fimiz g\u00fcnlerde g\u00f6z alt\u0131na al\u0131nan <a href=\"https:\/\/akdenizhaber.com.tr\/index.php\/2023\/11\/01\/chp-antalya-milletvekili-aliye-cosar-cumhuriyet-ogretmenleri-yalniz-degildir\/\" class=\"read-more-link\">[more&#8230;]<\/a><\/p>\n","protected":false},"author":2,"featured_media":17269,"comment_status":"open","ping_status":"open","sticky":false,"template":"","format":"standard","meta":{"footnotes":""},"categories":[2],"tags":[],"class_list":["post-17268","post","type-post","status-publish","format-standard","has-post-thumbnail","hentry","category-gundem"],"_links":{"self":[{"href":"https:\/\/akdenizhaber.com.tr\/index.php\/wp-json\/wp\/v2\/posts\/17268","targetHints":{"allow":["GET"]}}],"collection":[{"href":"https:\/\/akdenizhaber.com.tr\/index.php\/wp-json\/wp\/v2\/posts"}],"about":[{"href":"https:\/\/akdenizhaber.com.tr\/index.php\/wp-json\/wp\/v2\/types\/post"}],"author":[{"embeddable":true,"href":"https:\/\/akdenizhaber.com.tr\/index.php\/wp-json\/wp\/v2\/users\/2"}],"replies":[{"embeddable":true,"href":"https:\/\/akdenizhaber.com.tr\/index.php\/wp-json\/wp\/v2\/comments?post=17268"}],"version-history":[{"count":0,"href":"https:\/\/akdenizhaber.com.tr\/index.php\/wp-json\/wp\/v2\/posts\/17268\/revisions"}],"wp:featuredmedia":[{"embeddable":true,"href":"https:\/\/akdenizhaber.com.tr\/index.php\/wp-json\/wp\/v2\/media\/17269"}],"wp:attachment":[{"href":"https:\/\/akdenizhaber.com.tr\/index.php\/wp-json\/wp\/v2\/media?parent=17268"}],"wp:term":[{"taxonomy":"category","embeddable":true,"href":"https:\/\/akdenizhaber.com.tr\/index.php\/wp-json\/wp\/v2\/categories?post=17268"},{"taxonomy":"post_tag","embeddable":true,"href":"https:\/\/akdenizhaber.com.tr\/index.php\/wp-json\/wp\/v2\/tags?post=17268"}],"curies":[{"name":"wp","href":"https:\/\/api.w.org\/{rel}","templated":true}]}}