{"id":17218,"date":"2023-10-31T12:29:14","date_gmt":"2023-10-31T09:29:14","guid":{"rendered":"https:\/\/akdenizhaber.com.tr\/?p=17218"},"modified":"2023-10-31T12:29:14","modified_gmt":"2023-10-31T09:29:14","slug":"cumhuriyet-cocuklari-100-yasinda","status":"publish","type":"post","link":"https:\/\/akdenizhaber.com.tr\/index.php\/2023\/10\/31\/cumhuriyet-cocuklari-100-yasinda\/","title":{"rendered":"Cumhuriyet \u00c7ocuklar\u0131 100 ya\u015f\u0131nda"},"content":{"rendered":"\n<p><\/p>\n\n\n\n<p>Konyaalt\u0131 Belediyesi kre\u015flerinde e\u011fitim g\u00f6ren minik \u00f6\u011frencilerin yapt\u0131\u011f\u0131 resimlerden olu\u015fan ve belediye hizmet binas\u0131nda a\u00e7\u0131lan \u2018Cumhuriyet \u00c7ocuklar\u0131 100 Ya\u015f\u0131nda\u2019 sergisi, pazar g\u00fcn\u00fcne kadar ziyarete a\u00e7\u0131k olacak.<\/p>\n\n\n\n<p>Konyaalt\u0131 Belediyesi kre\u015flerinde e\u011fitim g\u00f6ren minik \u00f6\u011frencilerin el eme\u011fiyle yapt\u0131klar\u0131 resimlerden olu\u015fan \u2018Cumhuriyet \u00c7ocuklar\u0131 100 Ya\u015f\u0131nda\u2019 sergisi belediye hizmet binas\u0131nda a\u00e7\u0131ld\u0131. A\u00e7\u0131l\u0131\u015fa Konyaalt\u0131 Belediye Ba\u015fkan Yard\u0131mc\u0131s\u0131 Tu\u011fba Erke Bostan, birim m\u00fcd\u00fcrleri, \u00e7al\u0131\u015fanlar ve Konyaalt\u0131 Belediyesi\u2019ne ait kre\u015flerde e\u011fitim g\u00f6ren minik \u00f6\u011frenciler kat\u0131ld\u0131.<\/p>\n\n\n\n<p>E\u011e\u0130T\u0130M-\u00d6\u011eRET\u0130ME DE\u011eER VER\u0130YORUZ<\/p>\n\n\n\n<p>A\u00e7\u0131l\u0131\u015fta konu\u015fan Konyaalt\u0131 Belediyesi Ba\u015fkan Yard\u0131mc\u0131s\u0131 Tu\u011fba Erke Bostan, Konyaalt\u0131 Belediyesi olarak e\u011fitim ve \u00f6\u011fretime de\u011fer verdiklerini s\u00f6yledi. Bostan \u00e7ocuklara y\u00f6nelik, \u2018\u2019Biz Atat\u00fcrk\u2019\u00fcn \u0131\u015f\u0131\u011f\u0131nda ve a\u00e7t\u0131\u011f\u0131 yolda y\u00fcr\u00fcyen bir nesil istiyoruz. Onlarda sizlersiniz \u00e7ocuklar. \u00c7\u00fcnk\u00fc Mustafa Kemal Atat\u00fcrk bu \u00fclkeyi sizlere emanet etti. Bug\u00fcn Cumhuriyet\u2019in 100\u2019\u00fcnc\u00fc y\u0131l kutlamalar\u0131 kapsam\u0131nda en k\u0131ymetli sergilerinden birisinin a\u00e7\u0131l\u0131\u015f\u0131n\u0131 ger\u00e7ekle\u015ftirece\u011fiz. Hepinize \u00e7ok te\u015fekk\u00fcr ederim\u2019\u2019 dedi.<\/p>\n\n\n\n<p>PAZAR G\u00dcN\u00dcNE KADAR A\u00c7IK<\/p>\n\n\n\n<p>Bostan\u2019\u0131n konu\u015fmas\u0131n\u0131n ard\u0131ndan minik bir \u00f6\u011frenci elinde Cumhuriyet Gazetesi ile \u2018Yaz\u0131yor! Cumhuriyet\u2019in ilan\u0131 yaz\u0131yor\u2019 \u015feklinde slogan att\u0131. Ard\u0131ndan iki minik \u00f6\u011frenci Cumhuriyet \u015fiiri okudu. Daha sonra Cumhuriyet \u00c7ocuklar\u0131 100 Ya\u015f\u0131nda adl\u0131 Sergi\u2019nin a\u00e7\u0131l\u0131\u015f\u0131 ger\u00e7ekle\u015ftirildi. Bostan ve \u00f6\u011frenciler sergiyi gezdi. Sergi, pazar g\u00fcn\u00fcne kadar Konyaalt\u0131 Belediyesi hizmet binas\u0131nda a\u00e7\u0131k kalacak.<\/p>\n\n\n\n<p>Konyaalt\u0131 Belediyesi \/ B\u00fclten<\/p>\n","protected":false},"excerpt":{"rendered":"<p>Konyaalt\u0131 Belediyesi kre\u015flerinde e\u011fitim g\u00f6ren minik \u00f6\u011frencilerin yapt\u0131\u011f\u0131 resimlerden olu\u015fan ve belediye hizmet binas\u0131nda a\u00e7\u0131lan \u2018Cumhuriyet \u00c7ocuklar\u0131 100 Ya\u015f\u0131nda\u2019 sergisi, pazar g\u00fcn\u00fcne kadar ziyarete a\u00e7\u0131k <a href=\"https:\/\/akdenizhaber.com.tr\/index.php\/2023\/10\/31\/cumhuriyet-cocuklari-100-yasinda\/\" class=\"read-more-link\">[more&#8230;]<\/a><\/p>\n","protected":false},"author":2,"featured_media":17219,"comment_status":"open","ping_status":"open","sticky":false,"template":"","format":"standard","meta":{"footnotes":""},"categories":[2],"tags":[],"class_list":["post-17218","post","type-post","status-publish","format-standard","has-post-thumbnail","hentry","category-gundem"],"_links":{"self":[{"href":"https:\/\/akdenizhaber.com.tr\/index.php\/wp-json\/wp\/v2\/posts\/17218","targetHints":{"allow":["GET"]}}],"collection":[{"href":"https:\/\/akdenizhaber.com.tr\/index.php\/wp-json\/wp\/v2\/posts"}],"about":[{"href":"https:\/\/akdenizhaber.com.tr\/index.php\/wp-json\/wp\/v2\/types\/post"}],"author":[{"embeddable":true,"href":"https:\/\/akdenizhaber.com.tr\/index.php\/wp-json\/wp\/v2\/users\/2"}],"replies":[{"embeddable":true,"href":"https:\/\/akdenizhaber.com.tr\/index.php\/wp-json\/wp\/v2\/comments?post=17218"}],"version-history":[{"count":0,"href":"https:\/\/akdenizhaber.com.tr\/index.php\/wp-json\/wp\/v2\/posts\/17218\/revisions"}],"wp:featuredmedia":[{"embeddable":true,"href":"https:\/\/akdenizhaber.com.tr\/index.php\/wp-json\/wp\/v2\/media\/17219"}],"wp:attachment":[{"href":"https:\/\/akdenizhaber.com.tr\/index.php\/wp-json\/wp\/v2\/media?parent=17218"}],"wp:term":[{"taxonomy":"category","embeddable":true,"href":"https:\/\/akdenizhaber.com.tr\/index.php\/wp-json\/wp\/v2\/categories?post=17218"},{"taxonomy":"post_tag","embeddable":true,"href":"https:\/\/akdenizhaber.com.tr\/index.php\/wp-json\/wp\/v2\/tags?post=17218"}],"curies":[{"name":"wp","href":"https:\/\/api.w.org\/{rel}","templated":true}]}}