{"id":17215,"date":"2023-10-31T12:28:44","date_gmt":"2023-10-31T09:28:44","guid":{"rendered":"https:\/\/akdenizhaber.com.tr\/?p=17215"},"modified":"2023-10-31T12:28:45","modified_gmt":"2023-10-31T09:28:45","slug":"antalyanin-genclerine-bir-armagan","status":"publish","type":"post","link":"https:\/\/akdenizhaber.com.tr\/index.php\/2023\/10\/31\/antalyanin-genclerine-bir-armagan\/","title":{"rendered":"Antalya\u2019n\u0131n Gen\u00e7lerine Bir Arma\u011fan"},"content":{"rendered":"\n<p><\/p>\n\n\n\n<p>Kepez Belediyesi\u2019nin 22 k\u00fct\u00fcphane projesinin amiral gemisi olan Akdeniz\u2019in en b\u00fcy\u00fck k\u00fct\u00fcphanesi Antalya K\u00fct\u00fcphanesi hizmete girdi.<\/p>\n\n\n\n<p>Kepez Belediyesi, Cumhuriyetin 100. Y\u0131l\u0131n\u0131 ve 22 k\u00fct\u00fcphane projesini Antalya k\u00fct\u00fcphanesi ile ta\u00e7land\u0131rd\u0131. Akdeniz\u2019in en b\u00fcy\u00fck k\u00fct\u00fcphanesi Antalya K\u00fct\u00fcphanesi, 29 Ekim Cumhuriyet Bayram\u0131\u2019nda hizmete girdi. Kepez Belediye Ba\u015fkan\u0131 Hakan T\u00fct\u00fcnc\u00fc, Antalya K\u00fct\u00fcphanesi\u2019nin kap\u0131 a\u00e7\u0131l\u0131\u015f\u0131na e\u015fi Dr. Ay\u015fe T\u00fct\u00fcnc\u00fc ve k\u0131z\u0131 Zeynep ile beraber k\u0131rm\u0131z\u0131 renkli 1950\u2019li y\u0131llara ait Chevrolet ara\u00e7la geldi. Antalya K\u00fct\u00fcphanesinin kap\u0131 a\u00e7\u0131l\u0131\u015f\u0131na Kepez Kaymakam\u0131 Nusret \u015eahin, AK Parti Antalya Milletvekilleri Mustafa K\u00f6se, \u0130brahim Ethem Ta\u015f, AK Parti \u0130l Ba\u015fkan\u0131 Ali \u00c7etin, AK Parti ve MHP il\u00e7e Ba\u015fkanlar\u0131, AESOB Ba\u015fkan\u0131 Adl\u0131han Dere kat\u0131ld\u0131. Antalya K\u00fct\u00fcphanesi\u2019nin kap\u0131 a\u00e7\u0131l\u0131\u015f\u0131nda konu\u015fan Ba\u015fkan T\u00fct\u00fcnc\u00fc, \u201cCumhuriyetimizin 100. Y\u0131l\u0131 kutlu olsun. Cumhuriyetimizin kurucusu Gazi Mustafa Kemal Atat\u00fcrk\u2019\u00fc, milli m\u00fccadelemizin \u00f6l\u00fcms\u00fcz kahramanlar\u0131n\u0131 mazisi insanl\u0131k tarihi kadar eski olan milletimizin b\u00fct\u00fcn \u015fahsiyetlerini, b\u00fcy\u00fcklerini h\u00fcrmetle minnetle \u015f\u00fckranla yad ediyorum. Mekanlar\u0131 cennet olsun. Allah onlardan raz\u0131 olsun\u201c dedi.&nbsp;<\/p>\n\n\n\n<p>KEPEZ\u2019E 22 K\u00dcT\u00dcPHANE<\/p>\n\n\n\n<p>K\u00fct\u00fcphaneler \u015fehri Kepez mottosuyla \u00e7\u0131kt\u0131klar\u0131 yolda Antalya K\u00fct\u00fcphanesi\u2019nin kap\u0131lar\u0131n\u0131 a\u00e7t\u0131klar\u0131n\u0131 belirten Kepez Belediye Ba\u015fkan\u0131 Hakan T\u00fct\u00fcnc\u00fc, \u201cBizim inanc\u0131m\u0131z\u0131n ilk emri \u2018Oku\u2019dur. Tarih boyunca zirvede oldu\u011fumuz y\u00fczy\u0131llar boyunca hep \u00fczerinde durdu\u011fumuz bilgiye sahip olmakt\u0131r. Sahip oldu\u011fumuz bilgiyle yepyeni ufuklar a\u00e7makt\u0131r. Bizde atalar\u0131m\u0131z\u0131n yolundan giderek kalplerimizin g\u00f6n\u00fcllerimizin milli birlik ve beraberlik ortam\u0131nda bir araya geldi\u011fi milli bayramlar\u0131 da bir vesile k\u0131larak bu tip kal\u0131c\u0131 eserleri, bilgi \u00fcreten, bilgi dokuyan, bilgiye \u00f6\u011frenmeye y\u00f6nelik \u00e7al\u0131\u015fmalarla ta\u00e7land\u0131rmak istedik. Kepez\u2019de d\u00f6nemlerimizde 22 k\u00fct\u00fcphane kurduk. G\u00f6reve geldi\u011fimizde Kepez\u2019de hi\u00e7 k\u00fct\u00fcphane yoktu. Bug\u00fcn 22 k\u00fct\u00fcphane e\u015fsiz bir koleksiyon niteli\u011finde kitab\u0131 olan bir belediye olman\u0131n mutlulu\u011funu ya\u015f\u0131yoruz. Bu k\u00fct\u00fcphane bizden \u00e7ok daha fazla ya\u015fayacak. T\u00fcrk irfan\u0131na, k\u00fclt\u00fcr\u00fcne, medeniyetine, bilimine y\u00f6n verecek birbirinden de\u011ferli eserlerin bulundu\u011fu bir k\u00fct\u00fcphane\u2026 1 milyon kitap kapasitesi, ayn\u0131 anda 2 bin 500 ki\u015finin ders \u00e7al\u0131\u015faca\u011f\u0131 bir k\u00fct\u00fcphane olmas\u0131 yan\u0131nda 350 ki\u015filik anfi salonunu, k\u00fclt\u00fcr salonu, sergi salonu, k\u00fclt\u00fcr sanat programlar\u0131n\u0131n haz\u0131rlanaca\u011f\u0131 \u00e7ok \u015f\u0131k bir televizyon st\u00fcdyosu ile a\u00e7\u0131k teraslar\u0131yla bir k\u00fct\u00fcphane olman\u0131n \u00e7ok \u00f6tesinde hayat\u0131n merkezi olacak \u00e7ok \u00f6zel bir k\u00fclt\u00fcr sanat yap\u0131s\u0131\u2026 Milli bir bayram\u0131m\u0131zda, T\u00fcrkiye Cumhuriyeti\u2019nin 100. y\u0131l d\u00f6n\u00fcm\u00fcnde bu sebeple buraya topland\u0131k. \u201cdiye konu\u015ftu.<\/p>\n\n\n\n<p>D\u00fcnyada k\u00fct\u00fcphanelerin y\u00fczde 60 oran\u0131nda ders \u00e7al\u0131\u015fmak i\u00e7in kullan\u0131ld\u0131\u011f\u0131 ama k\u00fct\u00fcphanelerin insanl\u0131\u011f\u0131n bilgilerini, ilimlerini, medeniyet miras\u0131n\u0131 muhafaza eden derin dondurucu oldu\u011funu da s\u00f6zlerine ekledi.<\/p>\n\n\n\n<p>\u201cNe mutlu ki T\u00fcrkiye Cumhuriyeti 100. Y\u0131l\u0131na, Cumhurba\u015fkan\u0131m\u0131z Say\u0131n Recep Tayyip Erdo\u011fan\u2019\u0131n \u00f6nderli\u011finde harika bir bilim ve teknoloji seferberli\u011fi ile k\u00fct\u00fcphaneler okuma, \u00f6\u011frenme a\u015fk\u0131yla girdi. \u201c diyerek s\u00f6zlerini s\u00fcrd\u00fcren Ba\u015fkan T\u00fct\u00fcnc\u00fc, \u201c\u0130n\u015fallah ikinci 100. y\u0131l T\u00fcrk b\u00fcy\u00fcklerimizin ifade etti\u011fi gibi Adriyatik\u2019ten \u00c7in Seddi\u2019ne kadar T\u00fcrk\u2019\u00fcn asr\u0131 olacak. Bizim asr\u0131m\u0131z olacak. O hayalin hedefi k\u00fct\u00fcphaneler olacak, bilim ve teknoloji merkezleri olacak, bizde bunlar\u0131 in\u015fa ediyoruz. Cumhuriyetimizin 100. Y\u0131l\u0131nda Antalya\u2019m\u0131za, gen\u00e7lerimize, gelece\u011fimize, Antalya\u2019m\u0131za, Aziz milletimize bir arma\u011fan b\u0131rak\u0131yoruz.&nbsp; \u201cdedi.<\/p>\n\n\n\n<p>T\u00dcRK\u0130YE\u2019N\u0130N YEN\u0130 Y\u00dcZYILI<\/p>\n\n\n\n<p>K\u00fclt\u00fcr ve sanat, bilim ve teknoloji olmak \u00fczere medeniyetin iki temel \u00fczerinde kurulu oldu\u011funu hat\u0131rlatan Ba\u015fkan T\u00fct\u00fcnc\u00fc, \u201cBiz T\u00fcrkiye\u2019nin yeni y\u00fczy\u0131l\u0131n\u0131, T\u00fcrkiye y\u00fczy\u0131l\u0131n\u0131 b\u00f6yle hayal ediyoruz. Bilimsel bilginin yol g\u00f6stericili\u011finde, k\u00fclt\u00fcr ve sanat\u0131n zarafetinde kalpleri bulu\u015fturan ikliminde T\u00fcrkiye\u2019yi gelecek hedeflerinde bulu\u015fturmak bizim neslimize, bizim ku\u015fa\u011f\u0131m\u0131za nasip olacak.\u201ddiye konu\u015ftu.<\/p>\n\n\n\n<p>Ba\u015fkan T\u00fct\u00fcnc\u00fc, konu\u015fmas\u0131 s\u0131ras\u0131nda Antalya K\u00fct\u00fcphanesi\u2019nin bulundu\u011fu G\u00fclveren Mahallesi\u2019nin eski G\u00fclveren olmad\u0131\u011f\u0131n\u0131, Kepez\u2019in de eski Kepez olmad\u0131\u011f\u0131n\u0131 da hat\u0131rlatt\u0131.<\/p>\n\n\n\n<p>Kepez Belediye Ba\u015fkan\u0131 Hakan T\u00fct\u00fcnc\u00fc k\u00fct\u00fcphanenin kurulu\u015funa eme\u011fi ge\u00e7en meclis \u00fcyeleri, b\u00fcrokratlar, mimar, m\u00fchendis, y\u00fcklenici firma ve belediye personellerine te\u015fekk\u00fcr etti. Ba\u015fkan T\u00fct\u00fcnc\u00fc, k\u00fct\u00fcphane projesini hediye eden karde\u015fi mimar Hacer Okutan\u2019a da te\u015fekk\u00fcrlerini sundu. Kepez Belediye Ba\u015fkan\u0131 Hakan T\u00fct\u00fcnc\u00fc, \u201cI\u015f\u0131klar\u0131 hi\u00e7 s\u00f6nmemek \u00fczere Antalya k\u00fct\u00fcphanesi a\u00e7\u0131lm\u0131\u015ft\u0131r. Antalya\u2019ya, gen\u00e7lerimize, T\u00fcrkiye y\u00fczy\u0131l\u0131na, 100 y\u0131l\u0131m\u0131za hay\u0131rl\u0131 olsun.\u201ddedi.<\/p>\n\n\n\n<p>ANTALYA\u2019NIN M\u0130LLET K\u00dcT\u00dcPHANES\u0130<\/p>\n\n\n\n<p>Antalya K\u00fct\u00fcphanesinin a\u00e7\u0131l\u0131\u015f\u0131n\u0131n kendilerini \u00e7ok mutlu etti\u011fini dile getiren AK Parti Antalya Milletvekili Mustafa K\u00f6se de, \u201c Bu gibi eserleri meydana getirirken ortaya bir hayal koyuyorsunuz. O hayalinizi ger\u00e7e\u011fe d\u00f6n\u00fc\u015ft\u00fcrmek i\u00e7in bir \u00e7al\u0131\u015fma ortaya koyuyorsunuz. Ve o eserler emek emek \u00e7al\u0131\u015fma sonucunda geliyor. Hayal etti\u011fi i\u00e7in \u00f6nce Hakan Ba\u015fkan\u0131m\u0131za, o hayali ger\u00e7ekle\u015ftirmek i\u00e7in \u00e7al\u0131\u015fan ekibine te\u015fekk\u00fcr ediyorum. Kepez\u2019de hi\u00e7 k\u00fct\u00fcphanemiz yoktu, Hakan ba\u015fkan bir iyilik ba\u015flatt\u0131. Birinci k\u00fct\u00fcphane derken, bug\u00fcn 22\u2019nci k\u00fct\u00fcphaneyi Antalya K\u00fct\u00fcphanesiyle ta\u00e7land\u0131rm\u0131\u015f oldu. \u015e\u00f6yle bir bakt\u0131m; Ger\u00e7ekten Antalya\u2019ya \u00e7ok yak\u0131\u015ft\u0131. Hakan Ba\u015fkan\u0131m\u0131za \u00e7ok yak\u0131\u015ft\u0131. Eme\u011fi ge\u00e7en herkese \u00e7ok yak\u0131\u015ft\u0131. Buras\u0131 Antalya\u2019n\u0131n Millet K\u00fct\u00fcphanesi olmu\u015ftur. Hay\u0131rl\u0131 u\u011furlu olsun \u201c dedi.<\/p>\n\n\n\n<p>\u00c7EV\u0130K\u2019TEN K\u00dcT\u00dcPHANELER TAR\u0130H\u0130<\/p>\n\n\n\n<p>Konu\u015fmalar\u0131n ard\u0131ndan konuklar Kepez \u00c7ocuk ve Gen\u00e7lik Senfoni Orkestras\u0131n\u0131n muhte\u015fem konseriyle Antalya K\u00fct\u00fcphanesini gezdi. Kepez Belediye Ba\u015fkan\u0131 Hakan T\u00fct\u00fcnc\u00fc ve beraberindeki heyet Antalya K\u00fct\u00fcphanesi\u2019nin k\u00fclt\u00fcr salonunda d\u00fczenlenen Prof. Dr. Nevzat \u00c7evik\u2019in, k\u00fct\u00fcphaneler tarihi anlat\u0131m\u0131n\u0131 dinledi. &nbsp;1 milyon kitap kapasitesiyle 365 g\u00fcn 24 saat kesintisiz hizmet sunacak ve ayn\u0131 anda 2 bin 500 ki\u015finin istifade edece\u011fi Antalya K\u00fct\u00fcphanesi kap\u0131lar\u0131n\u0131n a\u00e7\u0131l\u0131\u015f\u0131n\u0131n hemen ard\u0131ndan kitapseverlerle doldu.<\/p>\n\n\n\n<p>Kepez Belediyesi \/ B\u00fclten<\/p>\n","protected":false},"excerpt":{"rendered":"<p>Kepez Belediyesi\u2019nin 22 k\u00fct\u00fcphane projesinin amiral gemisi olan Akdeniz\u2019in en b\u00fcy\u00fck k\u00fct\u00fcphanesi Antalya K\u00fct\u00fcphanesi hizmete girdi. Kepez Belediyesi, Cumhuriyetin 100. Y\u0131l\u0131n\u0131 ve 22 k\u00fct\u00fcphane projesini <a href=\"https:\/\/akdenizhaber.com.tr\/index.php\/2023\/10\/31\/antalyanin-genclerine-bir-armagan\/\" class=\"read-more-link\">[more&#8230;]<\/a><\/p>\n","protected":false},"author":2,"featured_media":17216,"comment_status":"open","ping_status":"open","sticky":false,"template":"","format":"standard","meta":{"footnotes":""},"categories":[2],"tags":[],"class_list":["post-17215","post","type-post","status-publish","format-standard","has-post-thumbnail","hentry","category-gundem"],"_links":{"self":[{"href":"https:\/\/akdenizhaber.com.tr\/index.php\/wp-json\/wp\/v2\/posts\/17215","targetHints":{"allow":["GET"]}}],"collection":[{"href":"https:\/\/akdenizhaber.com.tr\/index.php\/wp-json\/wp\/v2\/posts"}],"about":[{"href":"https:\/\/akdenizhaber.com.tr\/index.php\/wp-json\/wp\/v2\/types\/post"}],"author":[{"embeddable":true,"href":"https:\/\/akdenizhaber.com.tr\/index.php\/wp-json\/wp\/v2\/users\/2"}],"replies":[{"embeddable":true,"href":"https:\/\/akdenizhaber.com.tr\/index.php\/wp-json\/wp\/v2\/comments?post=17215"}],"version-history":[{"count":0,"href":"https:\/\/akdenizhaber.com.tr\/index.php\/wp-json\/wp\/v2\/posts\/17215\/revisions"}],"wp:featuredmedia":[{"embeddable":true,"href":"https:\/\/akdenizhaber.com.tr\/index.php\/wp-json\/wp\/v2\/media\/17216"}],"wp:attachment":[{"href":"https:\/\/akdenizhaber.com.tr\/index.php\/wp-json\/wp\/v2\/media?parent=17215"}],"wp:term":[{"taxonomy":"category","embeddable":true,"href":"https:\/\/akdenizhaber.com.tr\/index.php\/wp-json\/wp\/v2\/categories?post=17215"},{"taxonomy":"post_tag","embeddable":true,"href":"https:\/\/akdenizhaber.com.tr\/index.php\/wp-json\/wp\/v2\/tags?post=17215"}],"curies":[{"name":"wp","href":"https:\/\/api.w.org\/{rel}","templated":true}]}}