{"id":17202,"date":"2023-10-30T14:32:00","date_gmt":"2023-10-30T11:32:00","guid":{"rendered":"https:\/\/akdenizhaber.com.tr\/?p=17202"},"modified":"2023-10-30T14:38:56","modified_gmt":"2023-10-30T11:38:56","slug":"manavgatta-fener-alayi","status":"publish","type":"post","link":"https:\/\/akdenizhaber.com.tr\/index.php\/2023\/10\/30\/manavgatta-fener-alayi\/","title":{"rendered":"Manavgat&#8217;ta Fener Alay\u0131"},"content":{"rendered":"\n<p>Olmaz b\u00f6yle bir \u015fey, bu ne sevgi bu ne co\u015fku, binlerle de\u011fil 10 binlerle de\u011fil, yaz\u0131m\u0131 okuyan abart\u0131yorum sanacak. Manavgat&#8217;\u0131n tamam\u0131 fener alay\u0131ndayd\u0131 yani 100 binlerle meydandayd\u0131. Atat\u00fcrk&#8217;\u00fcn askerleriyiz sloganlar\u0131 ile korteje i\u015ftirak ediyorlard\u0131. Kortejin bir ucu eski devlet hastanesinde \u00f6teki ucu Atat\u00fcrk k\u00fclt\u00fcr Merkezinin \u00f6n\u00fcnde Kortejin ge\u00e7i\u015fi sadece bir noktada bekledi\u011finde 45 dakika belki daha fazla s\u00fcrd\u00fc.<br>Yabanc\u0131 \u00fclkelerden gelen misafirlerimizde, Kortejde yerini alm\u0131\u015flard\u0131 b\u00f6ylesine anlaml\u0131 g\u00fcne renk veriyorlard\u0131 \u0131\u015f\u0131k tutuyorlard\u0131. Ben 35 y\u0131ld\u0131r Manavgat&#8217;ta ya\u015f\u0131yorum \u00f6ylesine kat\u0131l\u0131m\u0131n \u00e7ok oldu\u011fu bir kutlama g\u00f6rmedim. Atalar\u0131m\u0131z\u0131n dedi\u011fi gibi T\u00fcrk milleti zekidir \u00e7al\u0131\u015fkand\u0131r. Devletin b\u00fct\u00fcn tersaneleri ele ge\u00e7irilmi\u015f olsa ordular\u0131 da\u011f\u0131lm\u0131\u015f olsa bile i\u015fte bu ahval ve \u015ferait i\u00e7inde muhta\u00e7 oldu\u011fun kudret damarlar\u0131ndaki asil kanda mevcuttur.<br>T\u00fcrkiye Cumhuriyeti ilelebet payidar kalacakt\u0131r. &#8216;NE MUTLU T\u00dcRK\u00dcM D\u0130YENE&#8217;<br>&#8216;B\u0130R T\u00dcRK C\u0130HANA BEDELD\u0130R&#8217;<br>Korteje kat\u0131lan yerli, yabanc\u0131, genci, ya\u015fl\u0131s\u0131, bayan\u0131, erke\u011fi hepsine kalemimle te\u015fekk\u00fcrlerimi sunar\u0131m.<\/p>\n\n\n\n<p>ERCAN G\u00dcM\u00dc\u015e<\/p>\n","protected":false},"excerpt":{"rendered":"<p>Olmaz b\u00f6yle bir \u015fey, bu ne sevgi bu ne co\u015fku, binlerle de\u011fil 10 binlerle de\u011fil, yaz\u0131m\u0131 okuyan abart\u0131yorum sanacak. Manavgat&#8217;\u0131n tamam\u0131 fener alay\u0131ndayd\u0131 yani 100 <a href=\"https:\/\/akdenizhaber.com.tr\/index.php\/2023\/10\/30\/manavgatta-fener-alayi\/\" class=\"read-more-link\">[more&#8230;]<\/a><\/p>\n","protected":false},"author":2,"featured_media":17203,"comment_status":"open","ping_status":"open","sticky":false,"template":"","format":"standard","meta":{"footnotes":""},"categories":[2],"tags":[],"class_list":["post-17202","post","type-post","status-publish","format-standard","has-post-thumbnail","hentry","category-gundem"],"_links":{"self":[{"href":"https:\/\/akdenizhaber.com.tr\/index.php\/wp-json\/wp\/v2\/posts\/17202","targetHints":{"allow":["GET"]}}],"collection":[{"href":"https:\/\/akdenizhaber.com.tr\/index.php\/wp-json\/wp\/v2\/posts"}],"about":[{"href":"https:\/\/akdenizhaber.com.tr\/index.php\/wp-json\/wp\/v2\/types\/post"}],"author":[{"embeddable":true,"href":"https:\/\/akdenizhaber.com.tr\/index.php\/wp-json\/wp\/v2\/users\/2"}],"replies":[{"embeddable":true,"href":"https:\/\/akdenizhaber.com.tr\/index.php\/wp-json\/wp\/v2\/comments?post=17202"}],"version-history":[{"count":0,"href":"https:\/\/akdenizhaber.com.tr\/index.php\/wp-json\/wp\/v2\/posts\/17202\/revisions"}],"wp:featuredmedia":[{"embeddable":true,"href":"https:\/\/akdenizhaber.com.tr\/index.php\/wp-json\/wp\/v2\/media\/17203"}],"wp:attachment":[{"href":"https:\/\/akdenizhaber.com.tr\/index.php\/wp-json\/wp\/v2\/media?parent=17202"}],"wp:term":[{"taxonomy":"category","embeddable":true,"href":"https:\/\/akdenizhaber.com.tr\/index.php\/wp-json\/wp\/v2\/categories?post=17202"},{"taxonomy":"post_tag","embeddable":true,"href":"https:\/\/akdenizhaber.com.tr\/index.php\/wp-json\/wp\/v2\/tags?post=17202"}],"curies":[{"name":"wp","href":"https:\/\/api.w.org\/{rel}","templated":true}]}}