{"id":17179,"date":"2023-10-30T14:27:32","date_gmt":"2023-10-30T11:27:32","guid":{"rendered":"https:\/\/akdenizhaber.com.tr\/?p=17179"},"modified":"2023-10-30T14:27:32","modified_gmt":"2023-10-30T11:27:32","slug":"demrede-edip-akbayram-ruzgari","status":"publish","type":"post","link":"https:\/\/akdenizhaber.com.tr\/index.php\/2023\/10\/30\/demrede-edip-akbayram-ruzgari\/","title":{"rendered":"Demre\u2019de Edip Akbayram R\u00fczgar\u0131"},"content":{"rendered":"\n<p><\/p>\n\n\n\n<p>Demre&#8217;de Cumhuriyetin 100. Y\u0131l\u0131 ve Cumhuriyet Bayram\u0131, B\u00fcy\u00fck\u015fehir Belediyesi\u2019nin d\u00fczenledi\u011fi Edip Akbayram konseri ile b\u00fcy\u00fck bir co\u015fku ve heyecanla kar\u015f\u0131land\u0131. Daima Gazi Mustafa Kemal Atat\u00fcrk\u2019\u00fcn izinden gideceklerini vurgulayan Ba\u015fkan Muhittin B\u00f6cek, \u201cBu topraklarda \u00e7ift\u00e7i \u00e7ocu\u011fu Muhittin, Antalya B\u00fcy\u00fck\u015fehir Belediye Ba\u015fkan\u0131 olabiliyorsa, bu topraklardan \u00e7\u0131kan bir kad\u0131n, Demre Belediye Ba\u015fkan\u0131 olabiliyorsa bunun ad\u0131 cumhuriyettir\u201d dedi.<\/p>\n\n\n\n<p>Antalya B\u00fcy\u00fck\u015fehir Belediyesi Cumhuriyetin 100. Y\u0131l\u0131n\u0131 dolu dolu kutluyor. Demre il\u00e7esi B\u00fcy\u00fck\u015fehir Belediyesi\u2019nin Cumhuriyetin 100. Y\u0131l\u0131 Kutlamalar\u0131 kapsam\u0131nda 4. Demre Kekova Festivali\u2019nde d\u00fczenledi\u011fi Edip Akbayram konseri ile unutulmaz bir gece ya\u015fad\u0131. Konsere Antalya B\u00fcy\u00fck\u015fehir Belediye Ba\u015fkan\u0131 Muhittin B\u00f6cek, Demre Belediye Ba\u015fkan\u0131 G\u00fcls\u00fcm Cengiz, Finike Belediye Ba\u015fkan\u0131 Mustafa Geyik\u00e7i ile binlerce vatanda\u015f kat\u0131ld\u0131.<\/p>\n\n\n\n<p>ATAMIZIN \u0130Z\u0130NDEN G\u0130DECE\u011e\u0130Z<\/p>\n\n\n\n<p>Antalya B\u00fcy\u00fck\u015fehir Belediye Ba\u015fkan\u0131 Muhittin B\u00f6cek, yapt\u0131\u011f\u0131 konu\u015fmada daima Gazi Mustafa Kemal Atat\u00fcrk\u2019\u00fcn izinden gideceklerini vurgulayarak, \u201cBilimin, sanat\u0131n ve k\u00fclt\u00fcr\u00fcn \u0131\u015f\u0131\u011f\u0131nda bar\u0131\u015f\u0131n, karde\u015fli\u011fin \u00f6zg\u00fcrl\u00fc\u011f\u00fcn ve demokrasinin h\u00fck\u00fcm s\u00fcrd\u00fc\u011f\u00fc bir \u00fclke i\u00e7in durmadan, y\u0131lmadan, yorulmadan y\u00fcr\u00fcyece\u011fimize s\u00f6z veriyorum. Bu topraklarda \u00e7ift\u00e7i \u00e7ocu\u011fu Muhittin, Antalya B\u00fcy\u00fck\u015fehir Belediye Ba\u015fkan\u0131 olabiliyorsa, bu topraklardan \u00e7\u0131kan bir kad\u0131n, Demre Belediye Ba\u015fkan\u0131 olabiliyorsa bunun ad\u0131 cumhuriyettir. Ya\u015fas\u0131n Cumhuriyet\u201d ifadelerini kulland\u0131.<\/p>\n\n\n\n<p>B\u00d6CEK\u2019E TE\u015eEKK\u00dcR<\/p>\n\n\n\n<p>Demre Belediye Ba\u015fkan\u0131 G\u00fcls\u00fcm Cengiz Antalya B\u00fcy\u00fck\u015fehir Belediye Ba\u015fkan\u0131 Muhittin B\u00f6cek\u2019in desteklerini hi\u00e7bir zaman esirgemedi\u011fini ifade ederek \u201cBizlere Cumhuriyet\u2019i kazand\u0131ran ba\u015fta Gazi Mustafa Kemal Atat\u00fcrk olmak \u00fczere t\u00fcm kahramanlar\u0131m\u0131z\u0131 rahmetle an\u0131yorum\u201d ifadelerini kulland\u0131. Ba\u015fkan Muhittin B\u00f6cek ve Ba\u015fkan G\u00fcls\u00fcm Cengiz, ellerindeki sahnede T\u00fcrk bayraklar\u0131n\u0131 dalgaland\u0131rarak, Demrelileri selamlad\u0131, Cumhuriyet\u2019i kutlad\u0131.<\/p>\n\n\n\n<p>UNUTULMAZ \u015eARKILARINI SESLEND\u0130RD\u0130<\/p>\n\n\n\n<p>Ard\u0131ndan sahneye \u00e7\u0131kan \u00fcnl\u00fc sanat\u00e7\u0131 Edip Akbayram, etkileyici konseri ise Demre\u2019ye unutulmaz bir gece ya\u015fatt\u0131. Demre Meydan\u0131\u2019n\u0131 dolduran binlerce vatanda\u015f ellerinde T\u00fcrk bayraklar\u0131 ile geceyi k\u0131rm\u0131z\u0131 beyaza boyad\u0131. \u00dcnl\u00fc sanat\u00e7\u0131n\u0131n dillerden d\u00fc\u015fmeyen \u015fark\u0131lar\u0131n\u0131 hep bir a\u011f\u0131zdan s\u00f6yleyen Demreliler Cumhuriyet Bayram\u0131 co\u015fkusunu zirveye ta\u015f\u0131d\u0131. Demreliler gece boyu T\u00fcrk bayraklar\u0131n\u0131 dalgaland\u0131rarak unutulmaz g\u00f6r\u00fcnt\u00fcler olu\u015fturdu.<\/p>\n\n\n\n<p>B\u00fcy\u00fck\u015fehir Belediye Ba\u015fkan\u0131 Muhittin B\u00f6cek, konserde Edip Akbayram\u2019a, B\u00fcy\u00fck\u015fehir Belediyesi taraf\u0131ndan olu\u015fturulan 100. Y\u0131l Hat\u0131ra Orman\u0131\u2019nda ad\u0131na dikilen fidan\u0131n sertifikas\u0131n\u0131 sundu.<\/p>\n\n\n\n<p>Antalya B\u00fcy\u00fck\u015fehir Belediyesi \/ B\u00fclten<\/p>\n","protected":false},"excerpt":{"rendered":"<p>Demre&#8217;de Cumhuriyetin 100. Y\u0131l\u0131 ve Cumhuriyet Bayram\u0131, B\u00fcy\u00fck\u015fehir Belediyesi\u2019nin d\u00fczenledi\u011fi Edip Akbayram konseri ile b\u00fcy\u00fck bir co\u015fku ve heyecanla kar\u015f\u0131land\u0131. Daima Gazi Mustafa Kemal Atat\u00fcrk\u2019\u00fcn <a href=\"https:\/\/akdenizhaber.com.tr\/index.php\/2023\/10\/30\/demrede-edip-akbayram-ruzgari\/\" class=\"read-more-link\">[more&#8230;]<\/a><\/p>\n","protected":false},"author":2,"featured_media":17180,"comment_status":"open","ping_status":"open","sticky":false,"template":"","format":"standard","meta":{"footnotes":""},"categories":[2],"tags":[],"class_list":["post-17179","post","type-post","status-publish","format-standard","has-post-thumbnail","hentry","category-gundem"],"_links":{"self":[{"href":"https:\/\/akdenizhaber.com.tr\/index.php\/wp-json\/wp\/v2\/posts\/17179","targetHints":{"allow":["GET"]}}],"collection":[{"href":"https:\/\/akdenizhaber.com.tr\/index.php\/wp-json\/wp\/v2\/posts"}],"about":[{"href":"https:\/\/akdenizhaber.com.tr\/index.php\/wp-json\/wp\/v2\/types\/post"}],"author":[{"embeddable":true,"href":"https:\/\/akdenizhaber.com.tr\/index.php\/wp-json\/wp\/v2\/users\/2"}],"replies":[{"embeddable":true,"href":"https:\/\/akdenizhaber.com.tr\/index.php\/wp-json\/wp\/v2\/comments?post=17179"}],"version-history":[{"count":0,"href":"https:\/\/akdenizhaber.com.tr\/index.php\/wp-json\/wp\/v2\/posts\/17179\/revisions"}],"wp:featuredmedia":[{"embeddable":true,"href":"https:\/\/akdenizhaber.com.tr\/index.php\/wp-json\/wp\/v2\/media\/17180"}],"wp:attachment":[{"href":"https:\/\/akdenizhaber.com.tr\/index.php\/wp-json\/wp\/v2\/media?parent=17179"}],"wp:term":[{"taxonomy":"category","embeddable":true,"href":"https:\/\/akdenizhaber.com.tr\/index.php\/wp-json\/wp\/v2\/categories?post=17179"},{"taxonomy":"post_tag","embeddable":true,"href":"https:\/\/akdenizhaber.com.tr\/index.php\/wp-json\/wp\/v2\/tags?post=17179"}],"curies":[{"name":"wp","href":"https:\/\/api.w.org\/{rel}","templated":true}]}}