{"id":17167,"date":"2023-10-30T14:24:21","date_gmt":"2023-10-30T11:24:21","guid":{"rendered":"https:\/\/akdenizhaber.com.tr\/?p=17167"},"modified":"2023-10-30T14:24:21","modified_gmt":"2023-10-30T11:24:21","slug":"milli-sporcu-denizde-turk-bayragi-acti-100-yil-plaketi-ile-selamladi","status":"publish","type":"post","link":"https:\/\/akdenizhaber.com.tr\/index.php\/2023\/10\/30\/milli-sporcu-denizde-turk-bayragi-acti-100-yil-plaketi-ile-selamladi\/","title":{"rendered":"Milli sporcu denizde T\u00fcrk bayra\u011f\u0131 a\u00e7t\u0131, 100. Y\u0131l plaketi ile selamlad\u0131"},"content":{"rendered":"\n<p><\/p>\n\n\n\n<p>Paletsiz de\u011fi\u015fken a\u011f\u0131rl\u0131k kategorisinde 106 metre ile d\u00fcnya rekorunu k\u0131ran mili sporcu Sahika Erc\u00fcmen, Antalya B\u00fcy\u00fck\u015fehir Belediyesi\u2019nin ev sahipli\u011finde Cumhuriyet\u2019in 100. Y\u0131l\u0131\u2019na \u00f6zel g\u00f6steri dal\u0131\u015f\u0131 ger\u00e7ekle\u015ftirdi. Milli sporcu \u015eahika Erc\u00fcmen, deniz \u00fczerinde T\u00fcrk bayra\u011f\u0131 a\u00e7arak, 100. Y\u0131l plaketi ile kendini izleyen seyircileri selamlad\u0131.<\/p>\n\n\n\n<p>Antalya B\u00fcy\u00fck\u015fehir Belediyesi T\u00fcrkiye Cumhuriyeti\u2019nin 100. Y\u0131l\u0131n\u0131 b\u00fcy\u00fck bir co\u015fku ile kutluyor. Ge\u00e7ti\u011fimiz g\u00fcnlerde paletsiz de\u011fi\u015fken a\u011f\u0131rl\u0131k kategorisinde 106 metre ile d\u00fcnya rekorunu k\u0131ran Mili sporcu Sahika Erc\u00fcmen, . Cumhuriyet kutlamalar\u0131 etkinlikleri kapsam\u0131nda Antalya B\u00fcy\u00fck\u015fehir Belediyesi\u2019nin ev sahipli\u011finde g\u00f6steri dal\u0131\u015f\u0131 ger\u00e7ekle\u015ftirdi. Milli sporcu \u015eahika Erc\u00fcmen\u2019in Konyaalt\u0131 Sahili 1 Nolu Ekda\u011f Plaj\u0131 a\u00e7\u0131klar\u0131nda ger\u00e7ekle\u015ftirdi\u011fi g\u00f6steri dal\u0131\u015f\u0131n\u0131 Antalya B\u00fcy\u00fck\u015fehir Belediye Ba\u015fkan\u0131 Muhittin B\u00f6cek, Saadet Partisi Antalya Milletvekili \u015eerafettin K\u0131l\u0131\u00e7 ve sahil k\u0131y\u0131s\u0131ndan \u00e7ok say\u0131da vatanda\u015f izledi.<\/p>\n\n\n\n<p>T\u00dcRK BAYRA\u011eI \u0130LE POZ VERD\u0130<\/p>\n\n\n\n<p>Milli sporcu \u015eahika Erc\u00fcmen\u2019e dal\u0131\u015f s\u0131ras\u0131nda bir\u00e7ok dalg\u0131\u00e7 da e\u015flik etti. \u015eahika Erc\u00fcmen, g\u00f6steri dal\u0131\u015f\u0131nda T\u00fcrk bayra\u011f\u0131 a\u00e7arak kendini izleyenleri selamlad\u0131. Erc\u00fcmen ayr\u0131ca, 100\u2019\u00fcnc\u00fc y\u0131la \u00f6zel haz\u0131rlanan plaket ile su alt\u0131nda poz verdi. \u015eahika Erc\u00fcmen daha sonra kendine e\u015flik eden dalg\u0131\u00e7larla birlikte denizde T\u00fcrk bayra\u011f\u0131 ve Atat\u00fcrk posteri a\u00e7t\u0131. Y\u00fczerek sahile ula\u015fan \u015eahika Erc\u00fcmen kendini izleyen ve destekleyen vatanda\u015flarla bir araya geldi. Antalyal\u0131lar \u015eahika Erc\u00fcmen\u2019e yo\u011fun ilgi g\u00f6sterdi.<\/p>\n\n\n\n<p>BUG\u00dcN BURADAYSAK ATAMIZA BOR\u00c7LUYUZ<\/p>\n\n\n\n<p>Milli sporcu \u015eahika Erc\u00fcmen\u2019in g\u00f6steri dal\u0131\u015f\u0131n\u0131 izleyen Antalya B\u00fcy\u00fck\u015fehir Belediye Ba\u015fkan\u0131 Muhittin B\u00f6cek, \u015eahika Erc\u00fcmen\u2019in T\u00fcrk kad\u0131n\u0131n g\u00fcc\u00fcn\u00fc ba\u015far\u0131s\u0131n\u0131 g\u00f6sterdi\u011fini ifade ederek, \u201c11 d\u00fcnya rekoru k\u0131rm\u0131\u015f \u015eahika karde\u015fimize b\u00f6yle \u00f6zel bir g\u00fcnde Antalya\u2019da oldu\u011fu i\u00e7in \u00e7ok te\u015fekk\u00fcr ederim. Bug\u00fcn buradaysak her \u015feyi Atam\u0131za bor\u00e7luyuz. Cumhuriyetimize bor\u00e7luyuz. Cumhuriyet demek, \u2018\u00f6zg\u00fcrl\u00fck, ba\u011f\u0131ms\u0131zl\u0131k, birlik beraberlik\u2019 demek. Biz de Cumhuriyet\u2019in y\u00fcz\u00fc Antalya diyoruz. Atam\u0131z\u0131n \u201cHi\u00e7 \u015f\u00fcphesiz ki d\u00fcnyan\u0131n en g\u00fczel yeri Antalya\u201d dedi\u011fi gibi g\u00fczel Antalya\u2019m\u0131zdan t\u00fcm vatanda\u015flar\u0131m\u0131z\u0131n Cumhuriyet Bayram\u0131n\u0131 kutluyoruz. Atam\u0131z\u0131n yolunda ayn\u0131 azim ve kararl\u0131l\u0131kla y\u00fcr\u00fcmeye devam edece\u011fiz\u201d dedi.<\/p>\n\n\n\n<p>DUYGULARIM TAR\u0130FS\u0130Z<\/p>\n\n\n\n<p>G\u00f6steri dal\u0131\u015f\u0131 sonras\u0131nda bas\u0131n mensuplar\u0131na a\u00e7\u0131klamalarda bulunan \u015eahika Erc\u00fcmen ise \u201cCumhuriyeti\u2019mizin 100\u2019\u00fcnc\u00fc y\u0131l\u0131na hitaben Antalya\u2019ya gelmeden bir d\u00fcnya rekoru k\u0131rd\u0131k. \u00d6nce 100 metreye hem kad\u0131n hem erkeklerde inen ilk olan sporcu olduk. Sonras\u0131nda 106 metre ile d\u00fcnya rekoru k\u0131rd\u0131k. Cumhuriyeti anmak i\u00e7in suyun alt\u0131nda bir plaket a\u00e7ma ve T\u00fcrk bayra\u011f\u0131 a\u00e7ma t\u00f6renimiz oldu. Bu y\u0131l herkesin oldu\u011fu gibi benim de duygular\u0131m tarifsiz. Milli sporcu olarak \u00fclkemizde uluslararas\u0131 platforma T\u00fcrk bayra\u011f\u0131n\u0131 g\u00f6ndere \u00e7ektirilmekten daha b\u00fcy\u00fck bir gurur olamaz\u201d diye konu\u015ftu.<\/p>\n\n\n\n<p>Antalya B\u00fcy\u00fck\u015fehir Belediyesi \/ B\u00fclten<\/p>\n","protected":false},"excerpt":{"rendered":"<p>Paletsiz de\u011fi\u015fken a\u011f\u0131rl\u0131k kategorisinde 106 metre ile d\u00fcnya rekorunu k\u0131ran mili sporcu Sahika Erc\u00fcmen, Antalya B\u00fcy\u00fck\u015fehir Belediyesi\u2019nin ev sahipli\u011finde Cumhuriyet\u2019in 100. Y\u0131l\u0131\u2019na \u00f6zel g\u00f6steri dal\u0131\u015f\u0131 <a href=\"https:\/\/akdenizhaber.com.tr\/index.php\/2023\/10\/30\/milli-sporcu-denizde-turk-bayragi-acti-100-yil-plaketi-ile-selamladi\/\" class=\"read-more-link\">[more&#8230;]<\/a><\/p>\n","protected":false},"author":2,"featured_media":17168,"comment_status":"open","ping_status":"open","sticky":false,"template":"","format":"standard","meta":{"footnotes":""},"categories":[2],"tags":[],"class_list":["post-17167","post","type-post","status-publish","format-standard","has-post-thumbnail","hentry","category-gundem"],"_links":{"self":[{"href":"https:\/\/akdenizhaber.com.tr\/index.php\/wp-json\/wp\/v2\/posts\/17167","targetHints":{"allow":["GET"]}}],"collection":[{"href":"https:\/\/akdenizhaber.com.tr\/index.php\/wp-json\/wp\/v2\/posts"}],"about":[{"href":"https:\/\/akdenizhaber.com.tr\/index.php\/wp-json\/wp\/v2\/types\/post"}],"author":[{"embeddable":true,"href":"https:\/\/akdenizhaber.com.tr\/index.php\/wp-json\/wp\/v2\/users\/2"}],"replies":[{"embeddable":true,"href":"https:\/\/akdenizhaber.com.tr\/index.php\/wp-json\/wp\/v2\/comments?post=17167"}],"version-history":[{"count":0,"href":"https:\/\/akdenizhaber.com.tr\/index.php\/wp-json\/wp\/v2\/posts\/17167\/revisions"}],"wp:featuredmedia":[{"embeddable":true,"href":"https:\/\/akdenizhaber.com.tr\/index.php\/wp-json\/wp\/v2\/media\/17168"}],"wp:attachment":[{"href":"https:\/\/akdenizhaber.com.tr\/index.php\/wp-json\/wp\/v2\/media?parent=17167"}],"wp:term":[{"taxonomy":"category","embeddable":true,"href":"https:\/\/akdenizhaber.com.tr\/index.php\/wp-json\/wp\/v2\/categories?post=17167"},{"taxonomy":"post_tag","embeddable":true,"href":"https:\/\/akdenizhaber.com.tr\/index.php\/wp-json\/wp\/v2\/tags?post=17167"}],"curies":[{"name":"wp","href":"https:\/\/api.w.org\/{rel}","templated":true}]}}