{"id":17157,"date":"2023-10-28T13:15:15","date_gmt":"2023-10-28T10:15:15","guid":{"rendered":"https:\/\/akdenizhaber.com.tr\/?p=17157"},"modified":"2023-10-28T13:15:16","modified_gmt":"2023-10-28T10:15:16","slug":"belediyenin-egitim-kurumlarinda-100-yil-coskusu","status":"publish","type":"post","link":"https:\/\/akdenizhaber.com.tr\/index.php\/2023\/10\/28\/belediyenin-egitim-kurumlarinda-100-yil-coskusu\/","title":{"rendered":"Belediyenin E\u011fitim Kurumlar\u0131\u2019nda 100. Y\u0131l Co\u015fkusu"},"content":{"rendered":"\n<p><\/p>\n\n\n\n<p>Manavgat Belediyesi\u2019nin e\u011fitim kurumlar\u0131 Side, \u00c7olakl\u0131, Sar\u0131lar, Ta\u015fa\u011f\u0131l Kre\u015f ve G\u00fcnd\u00fcz Bak\u0131mevi \u00f6\u011frencileri ile Il\u0131ca Meliha Ercan Engelsiz Ya\u015fam Merkezi, Manavgat Belediyesi \u00c7ocuk Korosu ve \u00c7ocuk K\u00fclt\u00fcr Merkezi \u00f6\u011frencileri, Cumhuriyet Bayram\u0131\u2019n\u0131n 100. Y\u0131l\u0131\u2019n\u0131, muhte\u015fem etkinlikler d\u00fczenleyerek kutlad\u0131.<\/p>\n\n\n\n<p>Manavgat Belediye\u2019sinin e\u011fitim kurumlar\u0131,29 Ekim Cumhuriyet Bayram\u0131\u2019n\u0131n 100. Y\u0131l\u0131\u2019n\u0131 daha co\u015fkulu bir \u015fekilde kutlamak amac\u0131yla muhte\u015fem bir etkinlik program\u0131 haz\u0131rlad\u0131. Manavgat Belediyesi\u2019ne ba\u011fl\u0131 e\u011fitim kurumlar\u0131n\u0131n organize etti\u011fi programda, \u00c7ocuk K\u00fclt\u00fcr Merkezi, Il\u0131ca Meliha Ercan Engelsiz Ya\u015fam Merkezi, Side, Sar\u0131lar, \u00c7olakl\u0131 ve Ta\u015fa\u011f\u0131l Kre\u015f ve G\u00fcnd\u00fcz Bak\u0131mevi\u2019nde e\u011fitim g\u00f6ren \u00f6\u011frenciler, \u00f6\u011fretmenleriyle birlikte Atat\u00fcrk K\u00fclt\u00fcr Merkezi\u2019nde g\u00f6steri d\u00fczenledi. \u00d6\u011fretmenleriyle birlikte ilk olarak Cumhuriyet Meydan\u0131\u2019nda toplanan y\u00fczlerce \u00e7ocuk, ellerinde T\u00fcrk Bayraklar\u0131 ile AKM\u2019ye kadar kortej d\u00fczenledi. Manavgat Belediyesi\u2019nin \u00d6zg\u00fcrl\u00fck Bandosu da Cumhuriyet mar\u015flar\u0131 ile y\u00fcr\u00fcy\u00fc\u015fe e\u015flik etti. Y\u00fcr\u00fcy\u00fc\u015fe, Manavgat Belediye Ba\u015fkan\u0131 \u015e\u00fckr\u00fc S\u00f6zen\u2019i temsilen Manavgat Belediye Ba\u015fkan Vekili B\u00fclent \u00d6zg\u00fcven, belediye ba\u015fkan yard\u0131mc\u0131lar\u0131 ve birim m\u00fcd\u00fcrleri kat\u0131ld\u0131.<\/p>\n\n\n\n<p>AKM \u00d6N\u00dc\u2019NDE B\u00dcY\u00dcK \u00c7O\u015eKU<\/p>\n\n\n\n<p>Manavgat Belediyesi\u2019nin e\u011fitim kurumlar\u0131 kortejin ard\u0131ndan Atat\u00fcrk K\u00fclt\u00fcr Merkezi\u2019ne gelerek (AKM) b\u00fcy\u00fck bir \u00f6zenle haz\u0131rlad\u0131klar\u0131 \u015fiir, dans ve halk oyunlar\u0131 g\u00f6sterilerini kent halk\u0131na sergiledi. \u00c7ocuklar ve \u00f6\u011fretmenler, g\u00fcn\u00fcn anlam\u0131na ithafen T\u00fcrk Bayra\u011f\u0131n\u0131n rengi olan k\u0131rm\u0131z\u0131- beyaz elbiseleri giydi. \u00c7ocuklar\u0131n muhte\u015fem performans\u0131, izleyenlerden b\u00fcy\u00fck alk\u0131\u015f ald\u0131. Manavgat Belediyesi\u2019nin Halk Oyunlar\u0131 ekibi zeybek oynarken, Engelsiz Ya\u015fam Merkezi, \u00c7ocuk K\u00fclt\u00fcr Merkezi ve kre\u015fler ise dans, \u015fiir ve m\u00fczik g\u00f6sterisi haz\u0131rlad\u0131.<\/p>\n\n\n\n<p>Manavgat Belediye Ba\u015fkan\u0131 \u015e\u00fckr\u00fc S\u00f6zen\u2019i temsilen konu\u015fma yapan ba\u015fkan yard\u0131mc\u0131s\u0131 Mustafa Ceylan, Cumhuriyet\u2019e sonuna kadar ba\u011fl\u0131 olduklar\u0131n\u0131 vurgulad\u0131. Ba\u015fkan yard\u0131mc\u0131s\u0131 Ceylan, \u201cSahip oldu\u011fumuz en b\u00fcy\u00fck miraslardan birisi olan Cumhuriyet\u2019imizin 100. Y\u0131l\u0131n\u0131 kutluyoruz. Cumhuriyet, bize Mustafa Kemal Atat\u00fcrk ve silah arkada\u015flar\u0131ndan emanettir. Gururluyuz. Belediye Ba\u015fkan\u0131m\u0131z Say\u0131n \u015e\u00fckr\u00fc S\u00f6zen ad\u0131na, programda eme\u011fi ge\u00e7en \u00e7ocuklar\u0131m\u0131za ve e\u011fitim kadromuza y\u00fcrekten te\u015fekk\u00fcr ediyorum\u201d dedi.<\/p>\n\n\n\n<p>Manavgat Belediyesi \/ B\u00fclten<\/p>\n","protected":false},"excerpt":{"rendered":"<p>Manavgat Belediyesi\u2019nin e\u011fitim kurumlar\u0131 Side, \u00c7olakl\u0131, Sar\u0131lar, Ta\u015fa\u011f\u0131l Kre\u015f ve G\u00fcnd\u00fcz Bak\u0131mevi \u00f6\u011frencileri ile Il\u0131ca Meliha Ercan Engelsiz Ya\u015fam Merkezi, Manavgat Belediyesi \u00c7ocuk Korosu ve <a href=\"https:\/\/akdenizhaber.com.tr\/index.php\/2023\/10\/28\/belediyenin-egitim-kurumlarinda-100-yil-coskusu\/\" class=\"read-more-link\">[more&#8230;]<\/a><\/p>\n","protected":false},"author":2,"featured_media":17158,"comment_status":"open","ping_status":"open","sticky":false,"template":"","format":"standard","meta":{"footnotes":""},"categories":[2],"tags":[],"class_list":["post-17157","post","type-post","status-publish","format-standard","has-post-thumbnail","hentry","category-gundem"],"_links":{"self":[{"href":"https:\/\/akdenizhaber.com.tr\/index.php\/wp-json\/wp\/v2\/posts\/17157","targetHints":{"allow":["GET"]}}],"collection":[{"href":"https:\/\/akdenizhaber.com.tr\/index.php\/wp-json\/wp\/v2\/posts"}],"about":[{"href":"https:\/\/akdenizhaber.com.tr\/index.php\/wp-json\/wp\/v2\/types\/post"}],"author":[{"embeddable":true,"href":"https:\/\/akdenizhaber.com.tr\/index.php\/wp-json\/wp\/v2\/users\/2"}],"replies":[{"embeddable":true,"href":"https:\/\/akdenizhaber.com.tr\/index.php\/wp-json\/wp\/v2\/comments?post=17157"}],"version-history":[{"count":0,"href":"https:\/\/akdenizhaber.com.tr\/index.php\/wp-json\/wp\/v2\/posts\/17157\/revisions"}],"wp:featuredmedia":[{"embeddable":true,"href":"https:\/\/akdenizhaber.com.tr\/index.php\/wp-json\/wp\/v2\/media\/17158"}],"wp:attachment":[{"href":"https:\/\/akdenizhaber.com.tr\/index.php\/wp-json\/wp\/v2\/media?parent=17157"}],"wp:term":[{"taxonomy":"category","embeddable":true,"href":"https:\/\/akdenizhaber.com.tr\/index.php\/wp-json\/wp\/v2\/categories?post=17157"},{"taxonomy":"post_tag","embeddable":true,"href":"https:\/\/akdenizhaber.com.tr\/index.php\/wp-json\/wp\/v2\/tags?post=17157"}],"curies":[{"name":"wp","href":"https:\/\/api.w.org\/{rel}","templated":true}]}}