{"id":17155,"date":"2023-10-28T13:14:24","date_gmt":"2023-10-28T10:14:24","guid":{"rendered":"https:\/\/akdenizhaber.com.tr\/?p=17155"},"modified":"2023-10-28T13:14:24","modified_gmt":"2023-10-28T10:14:24","slug":"bu-sevda-bitmez","status":"publish","type":"post","link":"https:\/\/akdenizhaber.com.tr\/index.php\/2023\/10\/28\/bu-sevda-bitmez\/","title":{"rendered":"BU SEVDA B\u0130TMEZ!.."},"content":{"rendered":"\n<p><\/p>\n\n\n\n<p>D\u00fcnya genelinde \u00fclkeler bir g\u00f6z at\u0131n hele bir yol..<\/p>\n\n\n\n<p>Hangi \u00fclke,hangi millet..Hangi \u00fcmmet..<\/p>\n\n\n\n<p>100. y\u0131l co\u015fkusunu ya\u015f\u0131yor dersiniz..<\/p>\n\n\n\n<p>Bence T\u00fcrk ulusunun d\u0131\u015f\u0131nda bu g\u00fczel co\u015fkuyu ya\u015fayan ikinci bir \u00fclke bulabilmek \u00e7ok zor..<\/p>\n\n\n\n<p>Ve de en \u00f6nemlisi Mustafa Kemal ATAT\u00dcRK gibi bir lidere sahip olmak i\u015fte o \u00e7ok daha zor..<\/p>\n\n\n\n<p>G\u00fczel Allah\u2019\u0131m \u00f6ylesine g\u00fczel bir lider vermi\u015f ki T\u00fcrk ulusuna hi\u00e7bir konuda tart\u0131\u015f\u0131lmayacak kadar b\u00fcy\u00fck..<\/p>\n\n\n\n<p>Hi\u00e7bir konuda tart\u0131\u015f\u0131lmayacak derecede koca y\u00fcrekli bir adam..<\/p>\n\n\n\n<p>D\u00fcnya\u2019n\u0131n imrendi\u011fi,d\u00fcnya\u2019n\u0131n k\u0131skand\u0131\u011f\u0131 lider..<\/p>\n\n\n\n<p>\u0130\u015fte bu koca y\u00fcrek bize Cumhuriyet bayram\u0131n\u0131 arma\u011fan ederken ilelebet demi\u015f..<\/p>\n\n\n\n<p>\u0130lelebet ya\u015fat\u0131n miras\u0131ma sahip \u00e7\u0131k\u0131n d\u00fc\u015f\u00fcnceleri ile b\u0131rakm\u0131\u015f..<\/p>\n\n\n\n<p>Nas\u0131l biter bu sevda..<\/p>\n\n\n\n<p>Nas\u0131l y\u00fcreklerden silinip at\u0131l\u0131r..<\/p>\n\n\n\n<p>Bamba\u015fka duygularla 100 y\u0131l sonra kuruldu\u011fu g\u00fcn gibi gencecik bir fidan gibi Cumhuriyetimiz..<\/p>\n\n\n\n<p>Bug\u00fcn bu sevda ile yan\u0131p tutu\u015fuyor y\u00fcrekler.<\/p>\n\n\n\n<p>En b\u00fcy\u00fck Cumhuriyet diye hayk\u0131r\u0131yor insanlar..<\/p>\n\n\n\n<p>Neden mi?..<\/p>\n\n\n\n<p>Nedeni gayet basit,bitmeyen bir sevdaya a\u015f\u0131k olan T\u00fcrk ulusu var..<\/p>\n\n\n\n<p>Bu sevda bitmez..Bitirilemez.<\/p>\n\n\n\n<p>Bitirilmesi de m\u00fcmk\u00fcn de\u011fil\u2026<\/p>\n\n\n\n<p>T\u00fcrkiye Cumhuriyeti Mustafa Kemal Atat\u00fcrk\u2019\u00fcn dedi\u011fi gibi ilelebet ya\u015fayacak..<\/p>\n\n\n\n<p>Bundan kimsenin ku\u015fkusu olmas\u0131n..<\/p>\n\n\n\n<p>Ge\u00e7ti\u011fimiz hafta ba\u015flayan 100. Y\u0131l kutlamalar\u0131nda buna bir kez daha \u015fahit olduk..<\/p>\n\n\n\n<p>Yer g\u00f6k,k\u0131rm\u0131z\u0131 &#8211; beyaz bayrak..<\/p>\n\n\n\n<p>Yer g\u00f6k Mustafa Kemal Atat\u00fcrk posteri ile donat\u0131ld\u0131..<\/p>\n\n\n\n<p>G\u00f6zya\u015flar\u0131n\u0131 tutamayan gen\u00e7,ya\u015fl\u0131 fark etmez b\u00f6ylesine g\u00fczel bir bayrama sahip olduklar\u0131 i\u00e7in bir kez daha gurur duydular..<\/p>\n\n\n\n<p>Bir kez daha Mustafa Kemal Atat\u00fcrk\u2019e olan sevgimiz kat kat artt\u0131..<\/p>\n\n\n\n<p>\u0130yi ki vars\u0131n Cumhuriyet..<\/p>\n\n\n\n<p>\u0130yi vars\u0131n g\u00fczel \u00fclkem T\u00fcrkiye\u2019m..<\/p>\n\n\n\n<p>Daha nice y\u00fcz y\u0131llarda gelecek nesiller bayramlar\u0131n\u0131 co\u015fkuyla ya\u015fayacak buna y\u00fcrekten inan\u0131yorum.<\/p>\n\n\n\n<p>Haydi, kal\u0131n sa\u011fl\u0131cakla.<\/p>\n\n\n\n<p>Her \u015fey y\u00fcre\u011finize g\u00f6re olsun..<\/p>\n\n\n\n<p>HOPDED\u0130K<br>ATAM..<\/p>\n\n\n\n<p>Ne senden,<\/p>\n\n\n\n<p>Ne de eserin<\/p>\n\n\n\n<p>Cumhuriyetten asla<\/p>\n\n\n\n<p>vazge\u00e7meyece\u011fiz.<\/p>\n\n\n\n<p>Bitmeyecek bu sevda!..<\/p>\n","protected":false},"excerpt":{"rendered":"<p>D\u00fcnya genelinde \u00fclkeler bir g\u00f6z at\u0131n hele bir yol.. Hangi \u00fclke,hangi millet..Hangi \u00fcmmet.. 100. y\u0131l co\u015fkusunu ya\u015f\u0131yor dersiniz.. Bence T\u00fcrk ulusunun d\u0131\u015f\u0131nda bu g\u00fczel co\u015fkuyu <a href=\"https:\/\/akdenizhaber.com.tr\/index.php\/2023\/10\/28\/bu-sevda-bitmez\/\" class=\"read-more-link\">[more&#8230;]<\/a><\/p>\n","protected":false},"author":2,"featured_media":17119,"comment_status":"open","ping_status":"open","sticky":false,"template":"","format":"standard","meta":{"footnotes":""},"categories":[2],"tags":[],"class_list":["post-17155","post","type-post","status-publish","format-standard","has-post-thumbnail","hentry","category-gundem"],"_links":{"self":[{"href":"https:\/\/akdenizhaber.com.tr\/index.php\/wp-json\/wp\/v2\/posts\/17155","targetHints":{"allow":["GET"]}}],"collection":[{"href":"https:\/\/akdenizhaber.com.tr\/index.php\/wp-json\/wp\/v2\/posts"}],"about":[{"href":"https:\/\/akdenizhaber.com.tr\/index.php\/wp-json\/wp\/v2\/types\/post"}],"author":[{"embeddable":true,"href":"https:\/\/akdenizhaber.com.tr\/index.php\/wp-json\/wp\/v2\/users\/2"}],"replies":[{"embeddable":true,"href":"https:\/\/akdenizhaber.com.tr\/index.php\/wp-json\/wp\/v2\/comments?post=17155"}],"version-history":[{"count":0,"href":"https:\/\/akdenizhaber.com.tr\/index.php\/wp-json\/wp\/v2\/posts\/17155\/revisions"}],"wp:featuredmedia":[{"embeddable":true,"href":"https:\/\/akdenizhaber.com.tr\/index.php\/wp-json\/wp\/v2\/media\/17119"}],"wp:attachment":[{"href":"https:\/\/akdenizhaber.com.tr\/index.php\/wp-json\/wp\/v2\/media?parent=17155"}],"wp:term":[{"taxonomy":"category","embeddable":true,"href":"https:\/\/akdenizhaber.com.tr\/index.php\/wp-json\/wp\/v2\/categories?post=17155"},{"taxonomy":"post_tag","embeddable":true,"href":"https:\/\/akdenizhaber.com.tr\/index.php\/wp-json\/wp\/v2\/tags?post=17155"}],"curies":[{"name":"wp","href":"https:\/\/api.w.org\/{rel}","templated":true}]}}