{"id":17147,"date":"2023-10-28T13:07:57","date_gmt":"2023-10-28T10:07:57","guid":{"rendered":"https:\/\/akdenizhaber.com.tr\/?p=17147"},"modified":"2023-10-28T13:07:57","modified_gmt":"2023-10-28T10:07:57","slug":"manavgat-ozel-fark-koleji-yonetim-kurulu-baskani-ramazan-ates-cumhuriyet-dunyanin-teminatidir","status":"publish","type":"post","link":"https:\/\/akdenizhaber.com.tr\/index.php\/2023\/10\/28\/manavgat-ozel-fark-koleji-yonetim-kurulu-baskani-ramazan-ates-cumhuriyet-dunyanin-teminatidir\/","title":{"rendered":"Manavgat \u00d6zel Fark Koleji Y\u00f6netim Kurulu Ba\u015fkan\u0131 Ramazan Ate\u015f; \u201cCUMHUR\u0130YET D\u00dcNYANIN TEM\u0130NATIDIR\u201d"},"content":{"rendered":"\n<p><\/p>\n\n\n\n<p>Manavgat&#8217;ta Cumhuriyetimizin 100. y\u0131l co\u015fkusu ba\u015flad\u0131. Kentte kutlamalar\u0131n ilk adresi Manavgat \u00d6zel Fark Anadolu Lisesi oldu. \u00d6\u011frenci ve \u00f6\u011fretmenlere seslenene Manavgat \u00d6zel Fark E\u011fitim Kurumlar\u0131 Y\u00f6netim Kurulu Ba\u015fkan\u0131 Ramazan Ate\u015f Cumhuriyetin d\u00fcnyan\u0131n g\u00fcvencesi oldu\u011funu kaydetti.<\/p>\n\n\n\n<p>MANAVGAT\u2019TA \u0130LK KUTLAMA FARK ANADOLU L\u0130SES\u0130NDE YAPILDI<\/p>\n\n\n\n<p>\u00d6zel Fark Anadolu Lisesin de Cumhuriyetimizin 100. y\u0131l kutlama etkinlikler iki g\u00fcn \u00f6nce ba\u015flad\u0131. Okulun giri\u015f salonunda d\u00fczenlenen t\u00f6rende \u015fiirler okundu, mar\u015flar s\u00f6ylendi. \u00d6\u011frencilerin d\u00fczenledi\u011fi oratoryum g\u00f6sterisi ayakta alk\u0131\u015fland\u0131. Cumhuriyetimizin 100. Y\u0131l belgesi hep birlikte izlendi.<\/p>\n\n\n\n<p>ATE\u015e; CUMHUR\u0130YET D\u00dcNYANIN TEM\u0130NATIDIR<\/p>\n\n\n\n<p>Kutlama t\u00f6reninde \u00f6\u011frenci ve \u00f6\u011fretmenlere seslenen Manavgat \u00d6zel Fark E\u011fitim Kurumlar\u0131 Y\u00f6netim Kurulu Ba\u015fkan\u0131 Ramazan Ate\u015f Cumhuriyet d\u00fcnyan\u0131n g\u00fcvencesidir dedi. Ate\u015f; \u201cMustafa Kemal\u2019in kurmu\u015f oldu\u011fu cumhuriyet d\u00fcnyan\u0131n teminat\u0131d\u0131r. Bug\u00fcn Ortado\u011fu\u2019dan gelen sesler Avrupa\u2019dan gelen sesler, asl\u0131nda T\u00fcrkiye\u2019yi sadece bir k\u00f6pr\u00fc de\u011fil, d\u00fcnyan\u0131n birle\u015ftirici, yap\u0131\u015ft\u0131r\u0131c\u0131 g\u00fcc\u00fc konumuna sokmaktad\u0131r. \u00dclkemiz bu g\u00fcc\u00fc de Mustafa Kemal Atat\u00fcrk\u2019\u00fcn kurdu\u011fu Cumhuriyet ile sa\u011flamaktad\u0131r. Cumhuriyet d\u00fcnyan\u0131n temeli ve g\u00fcvencesidir\u201d dedi.<\/p>\n\n\n\n<p>GEN\u00c7LERE G\u00dcVEN\u0130YORUZ<\/p>\n\n\n\n<p>100 y\u0131ll\u0131k Cumhuriyetimizin kazan\u0131mlar\u0131n\u0131 ve Mustafa Kemal Atat\u00fcrk\u2019\u00fcn cumhuriyeti gen\u00e7lere emanet etti\u011fini hat\u0131rlatan Ramazan Ate\u015f ve okul m\u00fcd\u00fcr\u00fc Tuba \u00d6zcan, Cumhuriyetimizi yeni y\u00fczy\u0131llara ta\u015f\u0131yacak gen\u00e7lere g\u00fcvendiklerini s\u00f6yledi.<\/p>\n\n\n\n<p>(Haber Merkezi)<\/p>\n","protected":false},"excerpt":{"rendered":"<p>Manavgat&#8217;ta Cumhuriyetimizin 100. y\u0131l co\u015fkusu ba\u015flad\u0131. Kentte kutlamalar\u0131n ilk adresi Manavgat \u00d6zel Fark Anadolu Lisesi oldu. \u00d6\u011frenci ve \u00f6\u011fretmenlere seslenene Manavgat \u00d6zel Fark E\u011fitim Kurumlar\u0131 <a href=\"https:\/\/akdenizhaber.com.tr\/index.php\/2023\/10\/28\/manavgat-ozel-fark-koleji-yonetim-kurulu-baskani-ramazan-ates-cumhuriyet-dunyanin-teminatidir\/\" class=\"read-more-link\">[more&#8230;]<\/a><\/p>\n","protected":false},"author":2,"featured_media":17148,"comment_status":"open","ping_status":"open","sticky":false,"template":"","format":"standard","meta":{"footnotes":""},"categories":[2],"tags":[],"class_list":["post-17147","post","type-post","status-publish","format-standard","has-post-thumbnail","hentry","category-gundem"],"_links":{"self":[{"href":"https:\/\/akdenizhaber.com.tr\/index.php\/wp-json\/wp\/v2\/posts\/17147","targetHints":{"allow":["GET"]}}],"collection":[{"href":"https:\/\/akdenizhaber.com.tr\/index.php\/wp-json\/wp\/v2\/posts"}],"about":[{"href":"https:\/\/akdenizhaber.com.tr\/index.php\/wp-json\/wp\/v2\/types\/post"}],"author":[{"embeddable":true,"href":"https:\/\/akdenizhaber.com.tr\/index.php\/wp-json\/wp\/v2\/users\/2"}],"replies":[{"embeddable":true,"href":"https:\/\/akdenizhaber.com.tr\/index.php\/wp-json\/wp\/v2\/comments?post=17147"}],"version-history":[{"count":0,"href":"https:\/\/akdenizhaber.com.tr\/index.php\/wp-json\/wp\/v2\/posts\/17147\/revisions"}],"wp:featuredmedia":[{"embeddable":true,"href":"https:\/\/akdenizhaber.com.tr\/index.php\/wp-json\/wp\/v2\/media\/17148"}],"wp:attachment":[{"href":"https:\/\/akdenizhaber.com.tr\/index.php\/wp-json\/wp\/v2\/media?parent=17147"}],"wp:term":[{"taxonomy":"category","embeddable":true,"href":"https:\/\/akdenizhaber.com.tr\/index.php\/wp-json\/wp\/v2\/categories?post=17147"},{"taxonomy":"post_tag","embeddable":true,"href":"https:\/\/akdenizhaber.com.tr\/index.php\/wp-json\/wp\/v2\/tags?post=17147"}],"curies":[{"name":"wp","href":"https:\/\/api.w.org\/{rel}","templated":true}]}}