{"id":17144,"date":"2023-10-28T13:07:06","date_gmt":"2023-10-28T10:07:06","guid":{"rendered":"https:\/\/akdenizhaber.com.tr\/?p=17144"},"modified":"2023-10-28T13:07:07","modified_gmt":"2023-10-28T10:07:07","slug":"bogazicinde-coskulu-100-yil-kutlamasi","status":"publish","type":"post","link":"https:\/\/akdenizhaber.com.tr\/index.php\/2023\/10\/28\/bogazicinde-coskulu-100-yil-kutlamasi\/","title":{"rendered":"Bo\u011fazi\u00e7i\u2019nde Co\u015fkulu 100. Y\u0131l Kutlamas\u0131"},"content":{"rendered":"\n<p><\/p>\n\n\n\n<p>Bo\u011fazi\u00e7i Koleji \u00d6\u011fretmen ve \u00d6\u011frencilerinin haz\u0131rlad\u0131\u011f\u0131 Cumhuriyetimiz 100 ya\u015f\u0131nda kutlama program\u0131, Cumhuriyetimizin temellerini atan ba\u015fta Ulu \u00d6nder Mustafa Kemal Atat\u00fcrk ve Silah Arkada\u015flar\u0131 an\u0131s\u0131na Sayg\u0131 Duru\u015fu ve \u0130stiklal Mar\u015f\u0131n\u0131n okunmas\u0131yla ba\u015flad\u0131.<\/p>\n\n\n\n<p>Cumhuriyetin ilk y\u0131llar\u0131 ve zorluklar\u0131 konulu oyunlar sahnelenerek, Cumhuriyet \u00f6ncesi ya\u015fananlar bir kez daha ya\u015fanm\u0131\u015f oldu.<\/p>\n\n\n\n<p>Cumhuriyetin 100. Y\u0131ld\u00f6n\u00fcm\u00fc nedeniyle g\u00fcn\u00fcn anlam ve \u00f6nemini anlatan konu\u015fma ve \u015fiirler okunarak hep birlikte \u201cYa\u015fas\u0131n Cumhuriyet\u201d sloganlar\u0131 at\u0131ld\u0131.<\/p>\n\n\n\n<p>&nbsp;Bo\u011fazi\u00e7i Koleji Kurucu M\u00fcd\u00fcr\u00fc Polat Sel\u00e7uk, \u201cHer ulusun bir kurtulu\u015f g\u00fcn\u00fc vard\u0131r. Bizim kurtulu\u015f g\u00fcn\u00fcm\u00fcz 29 Ekimdir.\u201d ifadelerini kulland\u0131. \u201c Cumhuriyet kad\u0131nd\u0131r, cumhuriyet \u00e7ocuktur, cumhuriyet erkektir \u201c diyen Polat Sel\u00e7uk, \u015funlar\u0131 s\u00f6yledi: \u201cT\u00fcrk milletinin karakterine ve adetlerine en uygun olan idare \u015fekli Cumhuriyet idaresini kuran kahraman Gazi Mustafa Kemal Atat\u00fcrk\u2019\u00fc ve silah arkada\u015flar\u0131n\u0131 Cumhuriyetimizin 100. Y\u0131l\u0131nda sayg\u0131 ve minnetle an\u0131yoruz. Co\u015fkuyla kutlad\u0131\u011f\u0131m\u0131z Cumhuriyetimizi T\u00fcrk Gen\u00e7leri ve Bo\u011fazi\u00e7i Koleji olarak ilelebet ya\u015fataca\u011f\u0131m\u0131za s\u00f6z veriyoruz\u201d<\/p>\n\n\n\n<p>(Haber Merkezi)<\/p>\n","protected":false},"excerpt":{"rendered":"<p>Bo\u011fazi\u00e7i Koleji \u00d6\u011fretmen ve \u00d6\u011frencilerinin haz\u0131rlad\u0131\u011f\u0131 Cumhuriyetimiz 100 ya\u015f\u0131nda kutlama program\u0131, Cumhuriyetimizin temellerini atan ba\u015fta Ulu \u00d6nder Mustafa Kemal Atat\u00fcrk ve Silah Arkada\u015flar\u0131 an\u0131s\u0131na Sayg\u0131 <a href=\"https:\/\/akdenizhaber.com.tr\/index.php\/2023\/10\/28\/bogazicinde-coskulu-100-yil-kutlamasi\/\" class=\"read-more-link\">[more&#8230;]<\/a><\/p>\n","protected":false},"author":2,"featured_media":17145,"comment_status":"open","ping_status":"open","sticky":false,"template":"","format":"standard","meta":{"footnotes":""},"categories":[2],"tags":[],"class_list":["post-17144","post","type-post","status-publish","format-standard","has-post-thumbnail","hentry","category-gundem"],"_links":{"self":[{"href":"https:\/\/akdenizhaber.com.tr\/index.php\/wp-json\/wp\/v2\/posts\/17144","targetHints":{"allow":["GET"]}}],"collection":[{"href":"https:\/\/akdenizhaber.com.tr\/index.php\/wp-json\/wp\/v2\/posts"}],"about":[{"href":"https:\/\/akdenizhaber.com.tr\/index.php\/wp-json\/wp\/v2\/types\/post"}],"author":[{"embeddable":true,"href":"https:\/\/akdenizhaber.com.tr\/index.php\/wp-json\/wp\/v2\/users\/2"}],"replies":[{"embeddable":true,"href":"https:\/\/akdenizhaber.com.tr\/index.php\/wp-json\/wp\/v2\/comments?post=17144"}],"version-history":[{"count":0,"href":"https:\/\/akdenizhaber.com.tr\/index.php\/wp-json\/wp\/v2\/posts\/17144\/revisions"}],"wp:featuredmedia":[{"embeddable":true,"href":"https:\/\/akdenizhaber.com.tr\/index.php\/wp-json\/wp\/v2\/media\/17145"}],"wp:attachment":[{"href":"https:\/\/akdenizhaber.com.tr\/index.php\/wp-json\/wp\/v2\/media?parent=17144"}],"wp:term":[{"taxonomy":"category","embeddable":true,"href":"https:\/\/akdenizhaber.com.tr\/index.php\/wp-json\/wp\/v2\/categories?post=17144"},{"taxonomy":"post_tag","embeddable":true,"href":"https:\/\/akdenizhaber.com.tr\/index.php\/wp-json\/wp\/v2\/tags?post=17144"}],"curies":[{"name":"wp","href":"https:\/\/api.w.org\/{rel}","templated":true}]}}