{"id":17111,"date":"2023-10-27T11:36:02","date_gmt":"2023-10-27T08:36:02","guid":{"rendered":"https:\/\/akdenizhaber.com.tr\/?p=17111"},"modified":"2023-10-27T11:36:03","modified_gmt":"2023-10-27T08:36:03","slug":"belediye-baskani-sukru-sozen-cumhuriyet-baris-ve-ozgurluk-demektir","status":"publish","type":"post","link":"https:\/\/akdenizhaber.com.tr\/index.php\/2023\/10\/27\/belediye-baskani-sukru-sozen-cumhuriyet-baris-ve-ozgurluk-demektir\/","title":{"rendered":"Belediye Ba\u015fkan\u0131 \u015e\u00fckr\u00fc S\u00f6zen; \u201cCumhuriyet bar\u0131\u015f ve \u00f6zg\u00fcrl\u00fck demektir\u201d"},"content":{"rendered":"\n<p><\/p>\n\n\n\n<p>Manavgat Belediye Ba\u015fkan\u0131 \u015e\u00fckr\u00fc S\u00f6zen, Cumhuriyetimizin 100. Y\u0131l kutlamalar\u0131 kapsam\u0131nda yaz\u0131l\u0131 bir a\u00e7\u0131klama yaparak T\u00fcrk ulusunun ve Manavgatl\u0131lar\u0131n Cumhuriyet Bayram\u0131n\u0131 kutlad\u0131.<\/p>\n\n\n\n<p>Belediye ba\u015fkan\u0131 \u015e\u00fckr\u00fc S\u00f6zen\u2019in 100. Y\u0131l bayram mesaj\u0131 aynen \u015f\u00f6yle;<\/p>\n\n\n\n<p>\u201cCumhuriyet, y\u00fcce milletimizin sars\u0131lmaz bir iradeyle elde etti\u011fi zaferin ard\u0131ndan y\u00fckselen de\u011fer olarak bizleri kucaklam\u0131\u015ft\u0131r.<\/p>\n\n\n\n<p>&nbsp;&nbsp; Gazi Mustafa Kemal Atat\u00fcrk ve silah arkada\u015flar\u0131n\u0131n g\u00fc\u00e7l\u00fckleri bir bir a\u015farak y\u00fckseltti\u011fi bu de\u011fer, bug\u00fcn milletimizin her bireyinin benimsedi\u011fi ortak bir irade olmu\u015ftur. Bu g\u00fcn \u00fclkemizde \u00f6zg\u00fcr, ba\u011f\u0131ms\u0131z, h\u00fcr bir \u015fekilde ya\u015f\u0131yorsak, bu Cumhuriyetin sayesindedir. Cumhuriyet varolu\u015f nedenimizdir ve vazge\u00e7ilmezimizdir. Bug\u00fcn tek bir \u015feye ihtiyac\u0131m\u0131z vard\u0131r. O da Cumhuriyet ruhuna sahip olmak, ona s\u0131ms\u0131k\u0131 tutunmakt\u0131r. Cumhuriyet ruhunda, umut, inan\u00e7, m\u00fccadele, vatan sevgisi, ho\u015fg\u00f6r\u00fc ve ayd\u0131nlanma vard\u0131r.<\/p>\n\n\n\n<p>Cumhuriyet Ruhu, karanl\u0131\u011fa yak\u0131lm\u0131\u015f bir me\u015fale, \u0131\u015f\u0131kt\u0131r.<\/p>\n\n\n\n<p>Yolunu kaybedenlere yol haritas\u0131, y\u00f6n\u00fcn\u00fc kaybedenlere kutup y\u0131ld\u0131z\u0131d\u0131r. Cumhuriyet bir ba\u015flang\u0131\u00e7t\u0131r, inanmakt\u0131r.<\/p>\n\n\n\n<p>Ya\u015fama \u015fekil vermektir, gelece\u011fe umutla bakmakt\u0131r.<\/p>\n\n\n\n<p>Cumhuriyet bar\u0131\u015f ve \u00f6zg\u00fcrl\u00fck demektir<\/p>\n\n\n\n<p>Cumhuriyet demokrasi demektir<\/p>\n\n\n\n<p>Cumhuriyet adalet demektir<\/p>\n\n\n\n<p>Cumhuriyet konu\u015fmak demektir. Fikir h\u00fcrriyeti demektir<\/p>\n\n\n\n<p>Cumhuriyet kad\u0131nlar\u0131m\u0131za \u00f6zg\u00fcrl\u00fckt\u00fcr<\/p>\n\n\n\n<p>Cumhuriyet birlik, beraberlik, kenetlenme demektir.<\/p>\n\n\n\n<p>Cumhuriyet gelece\u011fe umutla bakmakt\u0131r.<\/p>\n\n\n\n<p>Cumhuriyet b\u00fct\u00fcn d\u00fcnyan\u0131n kar\u015f\u0131s\u0131nda dimdik durmak, biz T\u00fcrkiye\u2019yiz demektir.<\/p>\n\n\n\n<p>Cumhuriyet varsa zorluk yoktur, Cumhuriyet\u2019e ve Atat\u00fcrk\u2019e ba\u011fl\u0131 olan bizler i\u00e7in imkans\u0131z yoktur. E\u011fer bir y\u00fcrek varsa, o y\u00fcre\u011fin i\u00e7inde vatan ve Cumhuriyet sevgisi varsa her t\u00fcrl\u00fc zorlu\u011fa g\u00f6\u011f\u00fcs gerilir.<\/p>\n\n\n\n<p>Bu anlaml\u0131 g\u00fcn, millet\u00e7e el ele kenetlenmemize, demokrasimize, b\u00f6l\u00fcnmez b\u00fct\u00fcnl\u00fc\u011f\u00fcm\u00fcze, Cumhuriyetimizin bizlere kazand\u0131rd\u0131\u011f\u0131 de\u011ferlere sahip \u00e7\u0131kmam\u0131za, vesile olmal\u0131d\u0131r.<\/p>\n\n\n\n<p>Cumhuriyet, 100 y\u0131ld\u0131r hi\u00e7 s\u00f6nmeyen bir me\u015fale gibi \u00fclkemizi ayd\u0131nlatm\u0131\u015ft\u0131r ve BU ME\u015eALE H\u0130\u00c7 B\u0130R ZAMAN S\u00d6NMEYECEKT\u0130R.<\/p>\n\n\n\n<p>&#8220;Ulu \u00d6nder Mustafa Kemal Atat\u00fcrk\u2019\u00fcn &#8220;Cumhuriyet bilhassa kimsesizlerin kimsesidir&#8221; s\u00f6z\u00fcyle felsefesini belirledi\u011fi Cumhuriyetimizin kurulu\u015funun 100. y\u0131ld\u00f6n\u00fcm\u00fc kutlu olsun.<\/p>\n\n\n\n<p>Bu duygu ve d\u00fc\u015f\u00fcncelerimle Cumhuriyetimizi bize emanet eden Ulu \u00d6nderimiz Gazi Mustafa Kemal Atat\u00fcrk\u2019\u00fc ve silah arkada\u015flar\u0131n\u0131, can\u0131ndan aziz bildi\u011fi vatan\u0131 i\u00e7in kanlar\u0131n\u0131 bu topra\u011fa d\u00f6km\u00fc\u015f \u015fehitlerimizi rahmet ve minnetle an\u0131yor, ba\u015fta Antalya ve Manavgat halk\u0131m\u0131z olmak \u00fczere t\u00fcm ulusumuzun, 29 Ekim Cumhuriyet Bayram\u0131\u2019n\u0131 y\u00fcrekten kutluyorum\u201d<\/p>\n\n\n\n<p>Manavgat Belediyesi \/ B\u00fclten<\/p>\n","protected":false},"excerpt":{"rendered":"<p>Manavgat Belediye Ba\u015fkan\u0131 \u015e\u00fckr\u00fc S\u00f6zen, Cumhuriyetimizin 100. Y\u0131l kutlamalar\u0131 kapsam\u0131nda yaz\u0131l\u0131 bir a\u00e7\u0131klama yaparak T\u00fcrk ulusunun ve Manavgatl\u0131lar\u0131n Cumhuriyet Bayram\u0131n\u0131 kutlad\u0131. Belediye ba\u015fkan\u0131 \u015e\u00fckr\u00fc S\u00f6zen\u2019in <a href=\"https:\/\/akdenizhaber.com.tr\/index.php\/2023\/10\/27\/belediye-baskani-sukru-sozen-cumhuriyet-baris-ve-ozgurluk-demektir\/\" class=\"read-more-link\">[more&#8230;]<\/a><\/p>\n","protected":false},"author":2,"featured_media":17112,"comment_status":"open","ping_status":"open","sticky":false,"template":"","format":"standard","meta":{"footnotes":""},"categories":[2],"tags":[],"class_list":["post-17111","post","type-post","status-publish","format-standard","has-post-thumbnail","hentry","category-gundem"],"_links":{"self":[{"href":"https:\/\/akdenizhaber.com.tr\/index.php\/wp-json\/wp\/v2\/posts\/17111","targetHints":{"allow":["GET"]}}],"collection":[{"href":"https:\/\/akdenizhaber.com.tr\/index.php\/wp-json\/wp\/v2\/posts"}],"about":[{"href":"https:\/\/akdenizhaber.com.tr\/index.php\/wp-json\/wp\/v2\/types\/post"}],"author":[{"embeddable":true,"href":"https:\/\/akdenizhaber.com.tr\/index.php\/wp-json\/wp\/v2\/users\/2"}],"replies":[{"embeddable":true,"href":"https:\/\/akdenizhaber.com.tr\/index.php\/wp-json\/wp\/v2\/comments?post=17111"}],"version-history":[{"count":0,"href":"https:\/\/akdenizhaber.com.tr\/index.php\/wp-json\/wp\/v2\/posts\/17111\/revisions"}],"wp:featuredmedia":[{"embeddable":true,"href":"https:\/\/akdenizhaber.com.tr\/index.php\/wp-json\/wp\/v2\/media\/17112"}],"wp:attachment":[{"href":"https:\/\/akdenizhaber.com.tr\/index.php\/wp-json\/wp\/v2\/media?parent=17111"}],"wp:term":[{"taxonomy":"category","embeddable":true,"href":"https:\/\/akdenizhaber.com.tr\/index.php\/wp-json\/wp\/v2\/categories?post=17111"},{"taxonomy":"post_tag","embeddable":true,"href":"https:\/\/akdenizhaber.com.tr\/index.php\/wp-json\/wp\/v2\/tags?post=17111"}],"curies":[{"name":"wp","href":"https:\/\/api.w.org\/{rel}","templated":true}]}}