{"id":17108,"date":"2023-10-27T11:35:22","date_gmt":"2023-10-27T08:35:22","guid":{"rendered":"https:\/\/akdenizhaber.com.tr\/?p=17108"},"modified":"2023-10-27T11:35:22","modified_gmt":"2023-10-27T08:35:22","slug":"gundogmus-belediye-baskani-mehmet-ozeren-100-yilimiz-kutlu-olsun","status":"publish","type":"post","link":"https:\/\/akdenizhaber.com.tr\/index.php\/2023\/10\/27\/gundogmus-belediye-baskani-mehmet-ozeren-100-yilimiz-kutlu-olsun\/","title":{"rendered":"G\u00fcndo\u011fmu\u015f Belediye Ba\u015fkan\u0131 Mehmet \u00d6zeren; \u201c100. Y\u0131l\u0131m\u0131z Kutlu Olsun\u201d"},"content":{"rendered":"\n<p><\/p>\n\n\n\n<p>Cumhuriyetimizin ilan\u0131n\u0131n 100. y\u0131ld\u00f6n\u00fcm\u00fc ile ilgili G\u00fcndo\u011fmu\u015f Belediye Ba\u015fkan\u0131 Mehmet \u00d6zeren bir a\u00e7\u0131klama yaparak \u201cBug\u00fcn\u00fc b\u00fcy\u00fck bir sevin\u00e7 ve gururla kutluyor, millet\u00e7e bu heyecan\u0131 payla\u015f\u0131yoruz. Aziz milletimizin, G\u00fcndo\u011fmu\u015flu hem\u015ferilerimin Bayram\u0131 kutlu olsun\u201d dedi.<br><br>Gazi Mustafa Kemal Atat\u00fcrk \u201cT\u00fcrkiye Cumhuriyeti\u201d i\u00e7in, \u201cbenim en b\u00fcy\u00fck eserim s\u00f6z\u00fcn\u00fc\u201d bo\u015funa s\u00f6ylemedi\u011fini ifade eden G\u00fcndo\u011fmu\u015f Belediye Ba\u015fkan\u0131 Mehmet \u00d6zeren,&nbsp; \u201cCumhuriyetin ilan\u0131yla birlikte \u00fclkemiz kalk\u0131nma, ilerleme, modernle\u015fme yolunda \u00e7ok \u00f6nemli ad\u0131mlar atm\u0131\u015f ve \u00e7a\u011fda\u015f d\u00fcnyan\u0131n sayg\u0131n bir \u00fcyesi haline gelmi\u015ftir. Cumhuriyetimizin 100. kurulu\u015f y\u0131ld\u00f6n\u00fcm\u00fcne de emin ad\u0131mlarla ilerlemektedir. T\u00fcrkiye, demokratik istikrar\u0131 yeniden ikame ederek, kalk\u0131nmaya refah ve huzuru derinle\u015ftirmeye devam edecektir. Bu d\u00fc\u015f\u00fcncelerle, Cumhuriyetimizin 100. kurulu\u015f y\u0131ld\u00f6n\u00fcm\u00fcn\u00fc ve 29 Ekim Cumhuriyet Bayram\u0131m\u0131z\u0131 kutluyorum. \u00d6zellikle son zamanlarda milletimizin birli\u011fine ve dirli\u011fine kasteden b\u00fct\u00fcn ter\u00f6r odaklar\u0131na, onlar\u0131n d\u00e2hili ve harici t\u00fcm destek\u00e7ilerine hi\u00e7bir \u015fekilde f\u0131rsat vermeyece\u011fimizi bir daha buradan belirtmek istiyorum. Cumhuriyetimizin 96. kurulu\u015f y\u0131ld\u00f6n\u00fcm\u00fc m\u00fcnasebetiyle, ba\u015fta Cumhuriyetimizin kurucusu Gazi Mustafa Kemal\u2019i, \u0130stiklal M\u00fccadelemizin b\u00fct\u00fcn kahramanlar\u0131n\u0131, e\u015fsiz fedak\u00e2rl\u0131klar\u0131yla milletimizin g\u00f6nl\u00fcnde \u00f6l\u00fcms\u00fczle\u015fen b\u00fct\u00fcn \u015fehit ve gazilerimizi rahmetle, \u015f\u00fckranla an\u0131yor, aziz vatanda\u015flar\u0131m\u0131z\u0131 muhabbetle selaml\u0131yorum\u201d diyerek s\u00f6zlerini tamamlad\u0131..<\/p>\n\n\n\n<p>G\u00fcndo\u011fmu\u015f Belediyesi&nbsp; \/ B\u00fclten<\/p>\n","protected":false},"excerpt":{"rendered":"<p>Cumhuriyetimizin ilan\u0131n\u0131n 100. y\u0131ld\u00f6n\u00fcm\u00fc ile ilgili G\u00fcndo\u011fmu\u015f Belediye Ba\u015fkan\u0131 Mehmet \u00d6zeren bir a\u00e7\u0131klama yaparak \u201cBug\u00fcn\u00fc b\u00fcy\u00fck bir sevin\u00e7 ve gururla kutluyor, millet\u00e7e bu heyecan\u0131 payla\u015f\u0131yoruz. <a href=\"https:\/\/akdenizhaber.com.tr\/index.php\/2023\/10\/27\/gundogmus-belediye-baskani-mehmet-ozeren-100-yilimiz-kutlu-olsun\/\" class=\"read-more-link\">[more&#8230;]<\/a><\/p>\n","protected":false},"author":2,"featured_media":17109,"comment_status":"open","ping_status":"open","sticky":false,"template":"","format":"standard","meta":{"footnotes":""},"categories":[2],"tags":[],"class_list":["post-17108","post","type-post","status-publish","format-standard","has-post-thumbnail","hentry","category-gundem"],"_links":{"self":[{"href":"https:\/\/akdenizhaber.com.tr\/index.php\/wp-json\/wp\/v2\/posts\/17108","targetHints":{"allow":["GET"]}}],"collection":[{"href":"https:\/\/akdenizhaber.com.tr\/index.php\/wp-json\/wp\/v2\/posts"}],"about":[{"href":"https:\/\/akdenizhaber.com.tr\/index.php\/wp-json\/wp\/v2\/types\/post"}],"author":[{"embeddable":true,"href":"https:\/\/akdenizhaber.com.tr\/index.php\/wp-json\/wp\/v2\/users\/2"}],"replies":[{"embeddable":true,"href":"https:\/\/akdenizhaber.com.tr\/index.php\/wp-json\/wp\/v2\/comments?post=17108"}],"version-history":[{"count":0,"href":"https:\/\/akdenizhaber.com.tr\/index.php\/wp-json\/wp\/v2\/posts\/17108\/revisions"}],"wp:featuredmedia":[{"embeddable":true,"href":"https:\/\/akdenizhaber.com.tr\/index.php\/wp-json\/wp\/v2\/media\/17109"}],"wp:attachment":[{"href":"https:\/\/akdenizhaber.com.tr\/index.php\/wp-json\/wp\/v2\/media?parent=17108"}],"wp:term":[{"taxonomy":"category","embeddable":true,"href":"https:\/\/akdenizhaber.com.tr\/index.php\/wp-json\/wp\/v2\/categories?post=17108"},{"taxonomy":"post_tag","embeddable":true,"href":"https:\/\/akdenizhaber.com.tr\/index.php\/wp-json\/wp\/v2\/tags?post=17108"}],"curies":[{"name":"wp","href":"https:\/\/api.w.org\/{rel}","templated":true}]}}