{"id":17105,"date":"2023-10-27T11:33:52","date_gmt":"2023-10-27T08:33:52","guid":{"rendered":"https:\/\/akdenizhaber.com.tr\/?p=17105"},"modified":"2023-10-27T11:33:53","modified_gmt":"2023-10-27T08:33:53","slug":"baskan-bocek-cumhuriyet-demek-bagimsizlik-demek-100-sanatci-100-eser-1001-sergisi-acildi","status":"publish","type":"post","link":"https:\/\/akdenizhaber.com.tr\/index.php\/2023\/10\/27\/baskan-bocek-cumhuriyet-demek-bagimsizlik-demek-100-sanatci-100-eser-1001-sergisi-acildi\/","title":{"rendered":"Ba\u015fkan B\u00f6cek: \u201cCumhuriyet demek ba\u011f\u0131ms\u0131zl\u0131k demek\u201d 100 sanat\u00e7\u0131 100 eser 100+1 sergisi a\u00e7\u0131ld\u0131"},"content":{"rendered":"\n<p>Antalya B\u00fcy\u00fck\u015fehir Belediye Ba\u015fkan\u0131 Muhittin B\u00f6cek, Cumhuriyet\u2019in 100. Y\u0131l kutlamalar\u0131 kapsam\u0131nda \u201cCumhuriyetin 100. Y\u0131l\u0131nda 100 Sanat\u00e7\u0131 ve 100 Eser, 100+1\u201d karma serginin a\u00e7\u0131l\u0131\u015f\u0131n\u0131 ger\u00e7ekle\u015ftirdi.<\/p>\n\n\n\n<p>Antalya B\u00fcy\u00fck\u015fehir Belediyesi Cumhuriyet\u2019in 100. Y\u0131l\u0131n\u0131 birbirinden farkl\u0131 ve anlaml\u0131 etkinliklerle kutluyor. 100 ya\u015fayan sanat\u00e7\u0131n\u0131n eserlerinin yan\u0131 s\u0131ra, merhum ressam Fikret Otyam\u2019\u0131n da bir eserinin yer ald\u0131\u011f\u0131 \u201cCumhuriyetin 100. y\u0131l\u0131nda 100 Sanat\u00e7\u0131 ve 100 Eser, 100+1\u201d&nbsp; Uluslararas\u0131 Karma Serginin a\u00e7\u0131l\u0131\u015f\u0131 B\u00fclent Ecevit K\u00fclt\u00fcr Merkezi\u2019nde ger\u00e7ekle\u015ftirildi. Serginin a\u00e7\u0131l\u0131\u015f\u0131na B\u00fcy\u00fck\u015fehir Belediye Ba\u015fkan\u0131 Muhittin B\u00f6cek, B\u00fcy\u00fck\u015fehir Belediyesi eski Ba\u015fkan\u0131 Mustafa Akayd\u0131n ve \u00e7ok say\u0131da sanatsever kat\u0131ld\u0131.<\/p>\n\n\n\n<p>B\u00dcLENT ECEV\u0130T K\u00dcLT\u00dcR MERKEZ\u0130N\u0130 TEKRARDAN CANLANDIRDIK<\/p>\n\n\n\n<p>Serginin a\u00e7\u0131l\u0131\u015f\u0131nda konu\u015fan Ba\u015fkan Muhittin B\u00f6cek, Cumhuriyet\u2019in 100. y\u0131l\u0131nda b\u00f6yle bir sergide eme\u011fi ge\u00e7en sanat\u00e7\u0131lara te\u015fekk\u00fcr ederek, \u201cG\u00f6reve geldi\u011fimiz g\u00fcn itibar\u0131yle Gazipa\u015fa\u2019dan Ka\u015f\u2019a kadar hep birlikte \u00e7al\u0131\u015f\u0131yoruz. \u00d6nceki d\u00f6nem B\u00fcy\u00fck\u015fehir Belediye Ba\u015fkan\u0131m\u0131z Mustafa Akayd\u0131n zaman\u0131nda hayata ge\u00e7irilen bu g\u00fczel k\u00fclt\u00fcr merkezini kullanmam\u0131\u015flar. \u0130\u00e7erde kablolar\u0131 s\u00f6km\u00fc\u015flerdi. Rahmetli Ecevit\u2019in ad\u0131n\u0131 alan bu g\u00fczel binam\u0131z\u0131 tekrardan Antalya\u2019m\u0131za kazand\u0131rd\u0131k. Cumhuriyet\u2019in 100\u2019\u00fcnc\u00fc y\u0131l\u0131n\u0131 t\u00fcm yurtta\u015flar\u0131m\u0131z\u0131n kat\u0131l\u0131m\u0131yla b\u00fcy\u00fck bir co\u015fku i\u00e7inde kutlayaca\u011f\u0131z\u201ddedi.<\/p>\n\n\n\n<p>SANAT\u00c7ILARIMA TE\u015eEKK\u00dcR EDER\u0130Z<\/p>\n\n\n\n<p>\u201cCumhuriyet demek \u015feref demektir, Cumhuriyet demek \u00f6zg\u00fcrl\u00fck, ba\u011f\u0131ms\u0131zl\u0131k demektir\u201d diyen Ba\u015fkan Muhittin B\u00f6cek, \u201cCumhuriyetimizin kurucusu ba\u015fta Gazi Mustafa Kemal Atat\u00fcrk olmak \u00fczere kahraman gazilerimizi, \u015fehitlerimizi rahmet ve minnetle an\u0131yorum. 100 sanat\u00e7\u0131m\u0131z\u0131n eserlerinin yer ald\u0131\u011f\u0131 bu g\u00fczel sergi 15 g\u00fcn boyunca t\u00fcm Antalyal\u0131lar\u0131m\u0131z\u0131n ziyaretine a\u00e7\u0131k olacakt\u0131r\u201d diye konu\u015ftu.<\/p>\n\n\n\n<p>Daha sonra ise Ba\u015fkan Muhittin B\u00f6cek, Mustafa Akayd\u0131n vesanat\u00e7\u0131larla birlikte \u201c100 Sanat\u00e7\u0131 ve 100 Eser, 100+1\u201d karma serginin a\u00e7\u0131l\u0131\u015f\u0131n\u0131 ger\u00e7ekle\u015ftirdi. Ba\u015fkan B\u00f6cek sergiyi gezerek eme\u011fi ge\u00e7en sanat\u00e7\u0131lara te\u015fekk\u00fcr etti.<\/p>\n\n\n\n<p>AT\u00d6LYE \u00c7ALI\u015eMALARINI \u0130NCELED\u0130<\/p>\n\n\n\n<p>Ba\u015fkan Muhittin B\u00f6cek, Karaalio\u011flu Park\u0131 i\u00e7erisinde Cumhuriyet\u2019in 100. y\u0131l\u0131 kutlamalar\u0131 kapsam\u0131nda d\u00fczenlenen resim, boyama ve ah\u015fap gibi farkl\u0131 at\u00f6lye \u00e7al\u0131\u015fmalar\u0131n\u0131n yer ald\u0131\u011f\u0131 alan\u0131 da gezdi. Ba\u015fkan B\u00f6cek, resim yapan \u00f6\u011frencileri tebrik ederek, ba\u015far\u0131lar diledi.<\/p>\n\n\n\n<p>SERG\u0130 15 KASIM KADAR A\u00c7IK KALACAK<\/p>\n\n\n\n<p>Vildan \u00d6zsoy, Beg\u00fcm Berber\u2019in K\u00fcrat\u00f6rl\u00fc\u011f\u00fcnde ve Ye\u015fim Ertan\u2019\u0131n organizat\u00f6rl\u00fc\u011f\u00fcnde ger\u00e7ekle\u015ftirilen 100 sanat\u00e7\u0131n\u0131n, resim, seramik, heykel, ebru, dijital bask\u0131, dokuma, g\u00f6rsel sanatlar ve mozaik eserlerinden olu\u015fan sergi 25 Ekim-15 Kas\u0131m tarihleri aras\u0131nda B\u00fclent Ecevit K\u00fclt\u00fcr Merkezi\u2019nde ziyarete a\u00e7\u0131k kalacak.<\/p>\n\n\n\n<p>Antalya B\u00fcy\u00fck\u015fehir BelediyeS\u0130 \/ B\u00fclten<\/p>\n","protected":false},"excerpt":{"rendered":"<p>Antalya B\u00fcy\u00fck\u015fehir Belediye Ba\u015fkan\u0131 Muhittin B\u00f6cek, Cumhuriyet\u2019in 100. Y\u0131l kutlamalar\u0131 kapsam\u0131nda \u201cCumhuriyetin 100. Y\u0131l\u0131nda 100 Sanat\u00e7\u0131 ve 100 Eser, 100+1\u201d karma serginin a\u00e7\u0131l\u0131\u015f\u0131n\u0131 ger\u00e7ekle\u015ftirdi. Antalya <a href=\"https:\/\/akdenizhaber.com.tr\/index.php\/2023\/10\/27\/baskan-bocek-cumhuriyet-demek-bagimsizlik-demek-100-sanatci-100-eser-1001-sergisi-acildi\/\" class=\"read-more-link\">[more&#8230;]<\/a><\/p>\n","protected":false},"author":2,"featured_media":17106,"comment_status":"open","ping_status":"open","sticky":false,"template":"","format":"standard","meta":{"footnotes":""},"categories":[2],"tags":[],"class_list":["post-17105","post","type-post","status-publish","format-standard","has-post-thumbnail","hentry","category-gundem"],"_links":{"self":[{"href":"https:\/\/akdenizhaber.com.tr\/index.php\/wp-json\/wp\/v2\/posts\/17105","targetHints":{"allow":["GET"]}}],"collection":[{"href":"https:\/\/akdenizhaber.com.tr\/index.php\/wp-json\/wp\/v2\/posts"}],"about":[{"href":"https:\/\/akdenizhaber.com.tr\/index.php\/wp-json\/wp\/v2\/types\/post"}],"author":[{"embeddable":true,"href":"https:\/\/akdenizhaber.com.tr\/index.php\/wp-json\/wp\/v2\/users\/2"}],"replies":[{"embeddable":true,"href":"https:\/\/akdenizhaber.com.tr\/index.php\/wp-json\/wp\/v2\/comments?post=17105"}],"version-history":[{"count":0,"href":"https:\/\/akdenizhaber.com.tr\/index.php\/wp-json\/wp\/v2\/posts\/17105\/revisions"}],"wp:featuredmedia":[{"embeddable":true,"href":"https:\/\/akdenizhaber.com.tr\/index.php\/wp-json\/wp\/v2\/media\/17106"}],"wp:attachment":[{"href":"https:\/\/akdenizhaber.com.tr\/index.php\/wp-json\/wp\/v2\/media?parent=17105"}],"wp:term":[{"taxonomy":"category","embeddable":true,"href":"https:\/\/akdenizhaber.com.tr\/index.php\/wp-json\/wp\/v2\/categories?post=17105"},{"taxonomy":"post_tag","embeddable":true,"href":"https:\/\/akdenizhaber.com.tr\/index.php\/wp-json\/wp\/v2\/tags?post=17105"}],"curies":[{"name":"wp","href":"https:\/\/api.w.org\/{rel}","templated":true}]}}