{"id":17099,"date":"2023-10-27T11:32:09","date_gmt":"2023-10-27T08:32:09","guid":{"rendered":"https:\/\/akdenizhaber.com.tr\/?p=17099"},"modified":"2023-10-27T11:32:09","modified_gmt":"2023-10-27T08:32:09","slug":"cok-guzelsin-antalya","status":"publish","type":"post","link":"https:\/\/akdenizhaber.com.tr\/index.php\/2023\/10\/27\/cok-guzelsin-antalya\/","title":{"rendered":"\u00c7ok g\u00fczelsin Antalya"},"content":{"rendered":"\n<p><\/p>\n\n\n\n<p>Antalya\u2019y\u0131 Cumhuriyet Bayram\u0131 co\u015fkusu sard\u0131. T\u00fcrkiye Cumhuriyeti\u2019nin 100. y\u0131l\u0131 kutlamalar\u0131 kapsam\u0131nda haz\u0131rl\u0131klar s\u00fcrerken, Antalya B\u00fcy\u00fck\u015fehir Belediyesi Antalya\u2019n\u0131n d\u00f6rt bir yan\u0131n\u0131 dev Atat\u00fcrk posterleri ve T\u00fcrk bayraklar\u0131 ile s\u00fcsl\u00fcyor. B\u00fcy\u00fck\u015fehir Belediyesi ayr\u0131ca 100. y\u0131la \u00f6zel bir arma\u011fan b\u0131rakmak i\u00e7in gen\u00e7ler ve vatanda\u015flar i\u00e7in haz\u0131rlatt\u0131\u011f\u0131 binlerce Nutuk kitab\u0131 ve 100 bin adet T\u00fcrk Bayra\u011f\u0131n\u0131n da\u011f\u0131t\u0131m\u0131n\u0131 ger\u00e7ekle\u015ftirildi.<\/p>\n\n\n\n<p>Antalya\u2019da Cumhuriyetin 100. y\u0131l\u0131n\u0131n co\u015fkuyla kutlanmas\u0131 i\u00e7in haz\u0131rl\u0131klar\u0131n\u0131 s\u00fcrd\u00fcren Antalya B\u00fcy\u00fck\u015fehir Belediyesi, Gazipa\u015fa\u2019dan Ka\u015f\u2019a kentin d\u00f6rt bir yan\u0131n\u0131 \u00f6zg\u00fcrl\u00fck ve ba\u011f\u0131ms\u0131zl\u0131\u011f\u0131m\u0131z\u0131n sembol\u00fc ay y\u0131ld\u0131zl\u0131 dev T\u00fcrk bayraklar\u0131 ve Atat\u00fcrk posterleriyle s\u00fcsl\u00fcyor.&nbsp;<\/p>\n\n\n\n<p>Ay y\u0131ld\u0131zl\u0131 bayraklar ve Atat\u00fcrk posterleri 100. Y\u0131l Bulvar\u0131, G\u00fcll\u00fck Caddesi, I\u015f\u0131klar Caddesi, Konyaalt\u0131 caddesi gibi ana arterlerde bulunan binalara as\u0131ld\u0131.<\/p>\n\n\n\n<p>DEV BAYRAK VE POSTERLER<\/p>\n\n\n\n<p>Dev T\u00fcrk bayraklar\u0131 ve Atat\u00fcrk posterleriyle donat\u0131lan caddeler g\u00f6renlerin g\u00f6\u011fs\u00fcn\u00fc kabart\u0131yor. B\u00fcy\u00fck\u015fehir Belediyesi ekipleri Cumhuriyet co\u015fkusunun Antalya\u2019n\u0131n d\u00f6rt bir yan\u0131nda ya\u015fanmas\u0131 i\u00e7in il\u00e7elerde de ana arterleri ve bulvarlar\u0131 bayraklarla donatt\u0131. G\u00fcnlerdir \u00e7al\u0131\u015fmalar\u0131n\u0131 s\u00fcrd\u00fcren ekiplerin \u00e7al\u0131\u015fmalar\u0131yla muhte\u015fem bir g\u00f6r\u00fcnt\u00fcye kavu\u015fan Antalya caddeleri ve meydanlar\u0131nda dalgalanan al bayraklar vatanda\u015flar taraf\u0131ndan da b\u00fcy\u00fck be\u011feni topluyor.<\/p>\n\n\n\n<p>CADDE VE SOKAKLAR I\u015eIL I\u015eIL<\/p>\n\n\n\n<p>Antalya B\u00fcy\u00fck\u015fehir Belediyesi ayn\u0131 zamanda Antalya\u2019n\u0131n ana arterleri, caddelerini ve bir\u00e7ok soka\u011f\u0131 \u0131\u015f\u0131l \u0131\u015f\u0131l yapt\u0131. Ref\u00fcjler k\u0131rm\u0131z\u0131 beyaz led \u0131\u015f\u0131klarla s\u00fcslendi. I\u015f\u0131klar Caddesi, Konyaalt\u0131 Caddesi, Atat\u00fcrk Caddesi, Y\u00fcz\u00fcnc\u00fc Y\u0131l Caddesi, Sabanc\u0131 Bulvar\u0131 ayd\u0131nlatmalar ve led \u0131\u015f\u0131klarla muhte\u015fem bir g\u00f6r\u00fcnt\u00fcye kavu\u015ftu. Merkez il\u00e7elerde 2000\u2019i a\u015fk\u0131n a\u011fa\u00e7 k\u0131rm\u0131z\u0131 beyaz \u0131\u015f\u0131klarla s\u00fcslendi.<\/p>\n\n\n\n<p>NUTUK VE 100 B\u0130N BAYRAK DA\u011eITILDI<\/p>\n\n\n\n<p>\u00d6te yandan B\u00fcy\u00fck\u015fehir Belediye Ba\u015fkan\u0131 Muhittin B\u00f6cek taraf\u0131ndan Cumhuriyetin 100. Y\u0131l co\u015fkusunu t\u00fcm Antalya\u2019ya yaymak amac\u0131yla gen\u00e7lere Gazi Mustafa Kemal Atat\u00fcrk\u2019\u00fcn en \u00f6nemli eserlerinden biri olan Nutuk Kitab\u0131 ve yan\u0131nda T\u00fcrk Bayra\u011f\u0131 hediye edildi. Belediye ekipleri taraf\u0131ndan da\u011f\u0131m\u0131 ger\u00e7ekle\u015ftirilen binlerce Nutuk kitab\u0131 ve T\u00fcrk bayra\u011f\u0131n\u0131 teslim alan Ziraat Fak\u00fcltesi \u00f6\u011frencisi \u00dcmit \u00dcner, \u201c100. Y\u0131l ad\u0131na verilebilecek en g\u00fczel ve anlaml\u0131 bir hediye olmu\u015f\u201d diyerek bu \u00f6zel hediye i\u00e7in Ba\u015fkan B\u00f6cek\u2019e te\u015fekk\u00fcr etti.<\/p>\n\n\n\n<p>100. YIL FOTO\u011eRAF \u00c7EK\u0130M ALANLARI<\/p>\n\n\n\n<p>Antalya B\u00fcy\u00fck\u015fehir Belediyesi, Cumhuriyet\u2019in kurulu\u015funun 100. y\u0131l co\u015fkusunu ya\u015fatmak i\u00e7in Antalya\u2019n\u0131n 20 noktas\u0131nda \u2018Cumhuriyet\u2019in 100. Y\u0131l\u0131 Foto\u011fraf \u00c7ekim Alan\u0131\u2019 yerle\u015ftirdi. Vatanda\u015flar Antalya\u2019n\u0131n simge yerlerine yerle\u015ftirilen foto\u011fraf \u00e7ekim alanlar\u0131nda bol bol foto\u011fraf \u00e7ektirdi.&nbsp; 100. Y\u0131l Foto\u011fraf \u00e7ekim alan\u0131na Antalyal\u0131lar\u0131n yan\u0131 s\u0131ra yerli ve yabanc\u0131 turistler de yo\u011fun ilgi g\u00f6sterdi. \u00dc\u00e7 Kap\u0131lar alan\u0131na yerle\u015ftirilen alanda yeni evlenen bir \u00e7ift ilk olarak foto\u011fraflar\u0131n\u0131 Cumhuriyet\u2019in 100. Y\u0131l\u0131 Foto\u011fraf \u00c7ekim Alan\u0131\u2019nda ger\u00e7ekle\u015ftirdi.<\/p>\n\n\n\n<p>Antalya B\u00fcy\u00fck\u015fehir Belediyesi \/ B\u00fclten<\/p>\n","protected":false},"excerpt":{"rendered":"<p>Antalya\u2019y\u0131 Cumhuriyet Bayram\u0131 co\u015fkusu sard\u0131. T\u00fcrkiye Cumhuriyeti\u2019nin 100. y\u0131l\u0131 kutlamalar\u0131 kapsam\u0131nda haz\u0131rl\u0131klar s\u00fcrerken, Antalya B\u00fcy\u00fck\u015fehir Belediyesi Antalya\u2019n\u0131n d\u00f6rt bir yan\u0131n\u0131 dev Atat\u00fcrk posterleri ve T\u00fcrk <a href=\"https:\/\/akdenizhaber.com.tr\/index.php\/2023\/10\/27\/cok-guzelsin-antalya\/\" class=\"read-more-link\">[more&#8230;]<\/a><\/p>\n","protected":false},"author":2,"featured_media":17100,"comment_status":"open","ping_status":"open","sticky":false,"template":"","format":"standard","meta":{"footnotes":""},"categories":[2],"tags":[],"class_list":["post-17099","post","type-post","status-publish","format-standard","has-post-thumbnail","hentry","category-gundem"],"_links":{"self":[{"href":"https:\/\/akdenizhaber.com.tr\/index.php\/wp-json\/wp\/v2\/posts\/17099","targetHints":{"allow":["GET"]}}],"collection":[{"href":"https:\/\/akdenizhaber.com.tr\/index.php\/wp-json\/wp\/v2\/posts"}],"about":[{"href":"https:\/\/akdenizhaber.com.tr\/index.php\/wp-json\/wp\/v2\/types\/post"}],"author":[{"embeddable":true,"href":"https:\/\/akdenizhaber.com.tr\/index.php\/wp-json\/wp\/v2\/users\/2"}],"replies":[{"embeddable":true,"href":"https:\/\/akdenizhaber.com.tr\/index.php\/wp-json\/wp\/v2\/comments?post=17099"}],"version-history":[{"count":0,"href":"https:\/\/akdenizhaber.com.tr\/index.php\/wp-json\/wp\/v2\/posts\/17099\/revisions"}],"wp:featuredmedia":[{"embeddable":true,"href":"https:\/\/akdenizhaber.com.tr\/index.php\/wp-json\/wp\/v2\/media\/17100"}],"wp:attachment":[{"href":"https:\/\/akdenizhaber.com.tr\/index.php\/wp-json\/wp\/v2\/media?parent=17099"}],"wp:term":[{"taxonomy":"category","embeddable":true,"href":"https:\/\/akdenizhaber.com.tr\/index.php\/wp-json\/wp\/v2\/categories?post=17099"},{"taxonomy":"post_tag","embeddable":true,"href":"https:\/\/akdenizhaber.com.tr\/index.php\/wp-json\/wp\/v2\/tags?post=17099"}],"curies":[{"name":"wp","href":"https:\/\/api.w.org\/{rel}","templated":true}]}}