{"id":17096,"date":"2023-10-27T11:31:15","date_gmt":"2023-10-27T08:31:15","guid":{"rendered":"https:\/\/akdenizhaber.com.tr\/?p=17096"},"modified":"2023-10-27T11:31:16","modified_gmt":"2023-10-27T08:31:16","slug":"cumhuriyet-anneyi-mutlu-eden-ziyaret","status":"publish","type":"post","link":"https:\/\/akdenizhaber.com.tr\/index.php\/2023\/10\/27\/cumhuriyet-anneyi-mutlu-eden-ziyaret\/","title":{"rendered":"Cumhuriyet Anne\u2019yi Mutlu Eden\u00a0 Ziyaret"},"content":{"rendered":"\n<p><\/p>\n\n\n\n<p>T\u00fcrkiye Cumhuriyeti\u2019nin kurulu\u015funun 100\u2019\u00fcnc\u00fc y\u0131l\u0131nda Finike Belediye Ba\u015fkan\u0131 Mustafa Geyik\u00e7i, il\u00e7ede ya\u015fayan 1919 do\u011fumlu 104 ya\u015f\u0131ndaki H\u00f6r\u00fc \u00c7obano\u011flu\u2019nu ziyaret etti. Cumhuriyetin 100\u2019\u00fcnc\u00fc y\u0131l\u0131na \u00f6zel olarak ger\u00e7ekle\u015ftirilen ziyarette Ba\u015fkan Geyik\u00e7i, H\u00f6r\u00fc teyzeye T\u00fcrk Bayra\u011f\u0131 ve Ulu \u00d6nder Gazi Mustafa Kemal Atat\u00fcrk ile Cumhuriyetin Kurucu Meclisi\u2019nin yer ald\u0131\u011f\u0131 bir foto\u011fraf\u0131 hediye etti.<\/p>\n\n\n\n<p>H\u00f6r\u00fc Teyze Cumhuriyetin bir haf\u0131zas\u0131d\u0131r<\/p>\n\n\n\n<p>Finike Belediye Ba\u015fkan\u0131 Mustafa Geyik\u00e7i, Cumhuriyetin 100\u2019\u00fcnc\u00fc y\u0131l\u0131nda Ulu \u00d6nder\u2019in Samsun\u2019a \u00e7\u0131kt\u0131\u011f\u0131 1919 tarihinde do\u011fan 104 ya\u015f\u0131ndaki H\u00f6r\u00fc \u00c7obano\u011flu\u2019nu evinde ziyaret etti. Cumhuriyet, Ulu \u00d6nder Mustafa Kemal Atat\u00fcrk ve hat\u0131ralar\u0131n konu\u015fuldu\u011fu g\u00f6r\u00fc\u015fmede Ba\u015fkan Mustafa Geyik\u00e7i ile H\u00f6r\u00fc \u00c7obano\u011flu samimi bir sohbet ger\u00e7ekle\u015ftirdi. H\u00f6r\u00fc \u00c7obano\u011flu\u2019nu sadece Finike i\u00e7in de\u011fil Antalya ve T\u00fcrkiye i\u00e7in \u00e7ok \u00f6nemli bir isim olarak nitelendiren Ba\u015fkan Mustafa Geyik\u00e7i, \u201cH\u00f6r\u00fc teyzemiz bizler i\u00e7in \u00e7ok \u00f6zeldir. Kendisi tam bir Cumhuriyet kad\u0131n\u0131. Cumhuriyetin ilk g\u00fcnlerinden bug\u00fcne gelene kadar her d\u00f6nemine \u015fahitlik etmi\u015f bir annemiz. Bizler H\u00f6r\u00fc teyzeye \u2018Cumhuriyet Anne\u2019 olarak sesleniyoruz. Kendisi Ulu \u00d6nder\u2019in kurdu\u011fu Cumhuriyetin bir haf\u0131zas\u0131\u201d \u015feklinde konu\u015ftu.<\/p>\n\n\n\n<p>Cumhuriyet Anne\u2019ye sahip oldu\u011fumuz i\u00e7in \u015fansl\u0131y\u0131z<\/p>\n\n\n\n<p>H\u00f6r\u00fc teyzenin elini \u00f6pen Ba\u015fkan Mustafa Geyik\u00e7i, \u201cBug\u00fcn Cumhuriyet Anne H\u00f6r\u00fc teyzeyi Cumhuriyetimizin 100\u2019\u00fcnc\u00fc y\u0131l\u0131 an\u0131s\u0131na ziyaret ettik. Kendisinin hem il\u00e7emiz, hem \u00fclkemiz hem de Cumhuriyetimiz i\u00e7in hay\u0131r duas\u0131n\u0131 ald\u0131k. Kendisine Allah daha sa\u011fl\u0131kl\u0131 uzun \u00f6m\u00fcrler nasip etsin. Biz Finike olarak Cumhuriyet Anne\u2019ye sahip oldu\u011fumuz i\u00e7in \u00e7ok \u015fansl\u0131y\u0131z. H\u00f6r\u00fc Teyze B\u00fcy\u00fck Atat\u00fcrk\u2019\u00fcn Samsun\u2019a \u00e7\u0131kt\u0131\u011f\u0131 1919 y\u0131l\u0131nda d\u00fcnyaya gelmi\u015f. Kendisi Cumhuriyetin kurulu\u015fundan itibaren her ana \u015fahitlik etmi\u015f bir \u00e7\u0131nar. Bizler bu \u00e7\u0131nar\u0131n g\u00f6lgesinde ve O\u2019nun anlatt\u0131\u011f\u0131 an\u0131larla bazen mutlu olduk bazen h\u00fcz\u00fcnlendik. Ata\u2019m\u0131z\u0131 yad ettik. Kendisine bizlere evini a\u00e7t\u0131\u011f\u0131 i\u00e7in te\u015fekk\u00fcr ediyorum\u201d dedi.<\/p>\n\n\n\n<p>Atat\u00fcrk\u2019\u00fc kaybetti\u011fimizde 16 ya\u015f\u0131mdayd\u0131m<\/p>\n\n\n\n<p>Ziyarette Cumhuriyetle ilgili an\u0131lar\u0131n\u0131 da anlatan H\u00f6r\u00fc teyze, Cumhuriyet\u2019in kurucusu Mustafa Kemal Atat\u00fcrk\u2019\u00fcn vefat\u0131nda 16 ya\u015f\u0131nda oldu\u011funu s\u00f6yledi. O g\u00fcn b\u00fcy\u00fck bir \u00fcz\u00fcnt\u00fc ya\u015fad\u0131klar\u0131n\u0131 ifade eden H\u00f6r\u00fc \u00c7obano\u011flu, Cumhuriyet\u2019in zorlu d\u00f6nemlerini ya\u015fad\u0131klar\u0131n\u0131 s\u00f6yledi. Cumhuriyet\u2019in ilk y\u0131llar\u0131ndaki zorluklar\u0131 anlatan H\u00f6r\u00fc teyze, yap\u0131lan ziyaretten dolay\u0131 \u00e7ok mutlu oldu\u011funu dile getirdi.<\/p>\n\n\n\n<p>Finike Belediyesi \/ B\u00fclten<\/p>\n","protected":false},"excerpt":{"rendered":"<p>T\u00fcrkiye Cumhuriyeti\u2019nin kurulu\u015funun 100\u2019\u00fcnc\u00fc y\u0131l\u0131nda Finike Belediye Ba\u015fkan\u0131 Mustafa Geyik\u00e7i, il\u00e7ede ya\u015fayan 1919 do\u011fumlu 104 ya\u015f\u0131ndaki H\u00f6r\u00fc \u00c7obano\u011flu\u2019nu ziyaret etti. Cumhuriyetin 100\u2019\u00fcnc\u00fc y\u0131l\u0131na \u00f6zel olarak <a href=\"https:\/\/akdenizhaber.com.tr\/index.php\/2023\/10\/27\/cumhuriyet-anneyi-mutlu-eden-ziyaret\/\" class=\"read-more-link\">[more&#8230;]<\/a><\/p>\n","protected":false},"author":2,"featured_media":17097,"comment_status":"open","ping_status":"open","sticky":false,"template":"","format":"standard","meta":{"footnotes":""},"categories":[2],"tags":[],"class_list":["post-17096","post","type-post","status-publish","format-standard","has-post-thumbnail","hentry","category-gundem"],"_links":{"self":[{"href":"https:\/\/akdenizhaber.com.tr\/index.php\/wp-json\/wp\/v2\/posts\/17096","targetHints":{"allow":["GET"]}}],"collection":[{"href":"https:\/\/akdenizhaber.com.tr\/index.php\/wp-json\/wp\/v2\/posts"}],"about":[{"href":"https:\/\/akdenizhaber.com.tr\/index.php\/wp-json\/wp\/v2\/types\/post"}],"author":[{"embeddable":true,"href":"https:\/\/akdenizhaber.com.tr\/index.php\/wp-json\/wp\/v2\/users\/2"}],"replies":[{"embeddable":true,"href":"https:\/\/akdenizhaber.com.tr\/index.php\/wp-json\/wp\/v2\/comments?post=17096"}],"version-history":[{"count":0,"href":"https:\/\/akdenizhaber.com.tr\/index.php\/wp-json\/wp\/v2\/posts\/17096\/revisions"}],"wp:featuredmedia":[{"embeddable":true,"href":"https:\/\/akdenizhaber.com.tr\/index.php\/wp-json\/wp\/v2\/media\/17097"}],"wp:attachment":[{"href":"https:\/\/akdenizhaber.com.tr\/index.php\/wp-json\/wp\/v2\/media?parent=17096"}],"wp:term":[{"taxonomy":"category","embeddable":true,"href":"https:\/\/akdenizhaber.com.tr\/index.php\/wp-json\/wp\/v2\/categories?post=17096"},{"taxonomy":"post_tag","embeddable":true,"href":"https:\/\/akdenizhaber.com.tr\/index.php\/wp-json\/wp\/v2\/tags?post=17096"}],"curies":[{"name":"wp","href":"https:\/\/api.w.org\/{rel}","templated":true}]}}