{"id":17093,"date":"2023-10-27T11:30:26","date_gmt":"2023-10-27T08:30:26","guid":{"rendered":"https:\/\/akdenizhaber.com.tr\/?p=17093"},"modified":"2023-10-27T11:30:26","modified_gmt":"2023-10-27T08:30:26","slug":"cumhuriyette-kadin-ve-sanat-konferansi-duzenlendi","status":"publish","type":"post","link":"https:\/\/akdenizhaber.com.tr\/index.php\/2023\/10\/27\/cumhuriyette-kadin-ve-sanat-konferansi-duzenlendi\/","title":{"rendered":"Cumhuriyet\u2019te Kad\u0131n ve Sanat Konferans\u0131 d\u00fczenlendi"},"content":{"rendered":"\n<p><\/p>\n\n\n\n<p>Akdeniz \u00dcniversitesi\u2019nde Cumhuriyetin 100. Y\u0131l\u0131nda \u201cCumhuriyet \u00d6ncesi ve Sonras\u0131nda Kad\u0131n ve Sanat\u201d Konferans\u0131 d\u00fczenlendi.<\/p>\n\n\n\n<p>Akdeniz \u00dcniversitesi G\u00fczel Sanatlar Fak\u00fcltesi taraf\u0131ndan Cumhuriyetin y\u00fcz\u00fcnc\u00fc ve G\u00fczel Sanatlar Fak\u00fcltesi\u2019nin yirmi be\u015finci kurulu\u015f y\u0131llar\u0131n\u0131 kutlamak \u00fczere \u00e7e\u015fitli sanat etkinlikleri ger\u00e7ekle\u015ftiriliyor. Atat\u00fcrk Konferans Salonu\u2019nda d\u00fczenlenen Cumhuriyet \u00d6ncesi ve Sonras\u0131nda Kad\u0131n ve Sanat Konferans\u0131\u2019na Akdeniz \u00dcniversitesi Rekt\u00f6r\u00fc Prof. Dr. \u00d6zlenen \u00d6zkan, Rekt\u00f6r Yard\u0131mc\u0131lar\u0131 Prof. Dr. G\u00fclbin Ar\u0131c\u0131, Prof. Dr. Cengiz Toker, G\u00fczel Sanatlar Fak\u00fcltesi Dekan\u0131 Prof. Dr. Sibel Pa\u015fao\u011flu, akademisyenler ve \u00f6\u011frenciler kat\u0131ld\u0131.<\/p>\n\n\n\n<p>G\u00fczel Sanatlar Fak\u00fcltesi\u2019nin 25. y\u0131l\u0131n\u0131 ve Cumhuriyet\u2019in 100. y\u0131l\u0131n\u0131 kutlaman\u0131n gururunu ya\u015fad\u0131klar\u0131n\u0131 s\u00f6yleyen G\u00fczel Sanatlar Fak\u00fcltesi Dekan\u0131 Prof. Dr. Sibel Pa\u015fao\u011flu, \u201cMinyat\u00fcr sanat\u00e7\u0131s\u0131 G\u00fcnseli Kato\u2019nun bizlerle bir araya gelmesinden dolay\u0131 mutluluk duyuyoruz. Kendisine te\u015fekk\u00fcr ediyoruz.\u201d dedi.Akdeniz \u00dcniversitesi\u2019nde olmaktan memnuniyet duydu\u011funu ve Kad\u0131n y\u00f6neticilerinin olmas\u0131ndan dolay\u0131 gurur duydu\u011funu s\u00f6yleyerek s\u00f6zlerine ba\u015flayan Minyat\u00fcr sanat\u00e7\u0131s\u0131 G\u00fcnseli Kato, Akdeniz \u00dcniversitesi ile g\u00fczel sanatlar alan\u0131nda ilerleyen zamanlarda g\u00fczel projelere imza atacaklar\u0131n\u0131n m\u00fcjdesini verdi. Minyat\u00fcr sanat\u00e7\u0131s\u0131 G\u00fcnseli Kato, kendi ya\u015fam\u0131ndan Cumhuriyet\u2019in kad\u0131n\u0131n sanatta yer alma \u00e7abalar\u0131n\u0131 dile getirdi.<\/p>\n\n\n\n<p>KADINLAR BU \u00dcLKEN\u0130N GELECE\u011e\u0130D\u0130R<\/p>\n\n\n\n<p>Sanatla ve k\u00fclt\u00fcrle tan\u0131\u015fman\u0131n \u00e7ok \u00f6nemli oldu\u011funu uzun y\u0131llar Japonya\u2019da kald\u0131\u011f\u0131 zaman zarf\u0131nda anlad\u0131\u011f\u0131n\u0131 s\u00f6yleyen Kato, \u201cCumhuriyet \u00f6ncesi denildi\u011fi zaman Osmanl\u0131 Devleti akla geliyor. Osmanl\u0131 d\u00f6neminde ve daha \u00f6ncesinde Anadolu medeniyetlerinde kad\u0131n\u0131n yeri Ana Tanr\u0131\u00e7a, kad\u0131n\u0131n yeri \u00e7ok g\u00fc\u00e7l\u00fc Anadolu\u2019da. D\u00fcnya\u2019n\u0131n hi\u00e7bir yerinde olmayan bir kad\u0131n fig\u00fcr\u00fc var bu topraklarda. Kad\u0131n olarak yapabilece\u011fimiz \u00e7ok \u015fey var. Saray k\u00fclt\u00fcr\u00fcndeki kad\u0131n ve Anadolu\u2019daki kad\u0131n farkl\u0131. Anadolu\u2019daki kad\u0131n \u00e7ok daha g\u00fc\u00e7l\u00fc. Tanzimat D\u00f6neminde yani Avrupal\u0131la\u015fma d\u00f6neminde \u015fehirli aileler \u00e7ocuklar\u0131n\u0131 Avrupa\u2019ya g\u00f6nderiyorlar. \u015eehirli olmak sanat ve k\u00fclt\u00fcrde \u00f6nemlidir. \u015eehirli \u00f6\u011fretmen olsun ki Anadolu\u2019ya \u0131\u015f\u0131k sa\u00e7s\u0131n. Anadolu\u2019daki \u00e7ocuklar \u015fehirlere gelip \u00f6\u011fretmen olduktan sonra b\u00fct\u00fcn T\u00fcrkiye\u2019ye \u0131\u015f\u0131k sa\u00e7m\u0131\u015flard\u0131r. Cumhuriyetin en \u00f6nemli taraf\u0131 da budur. Cumhuriyetin kad\u0131nlar\u0131 Anadolu\u2019dan \u015fehre gelip \u00f6\u011fretmen olmu\u015flard\u0131r. Mustafa Kemal Atat\u00fcrk\u2019\u00fcn kad\u0131nlara vermi\u015f oldu\u011fu hakla \u00fcniversitelerde okuyan kad\u0131n say\u0131s\u0131 \u00e7o\u011falm\u0131\u015ft\u0131r. D\u00fcnyan\u0131n hi\u00e7bir yerinde bu kadar \u00e7ok kad\u0131n \u00fcniversite \u00f6\u011fretmeni yoktur. Akdeniz \u00dcniversitesi bunun en g\u00fczel \u00f6rne\u011fi. Kad\u0131nlar bu \u00fclkenin gelece\u011fidir.\u201d ifadelerini kulland\u0131.Japonya\u2019da 17 y\u0131l ya\u015fad\u0131\u011f\u0131n\u0131 ve Japonya\u2019da kad\u0131nlar\u0131n bir ad\u0131m iki ad\u0131m geride oldu\u011funu ve ataerkil bir yap\u0131ya sahip oldu\u011funu s\u00f6yleyen Kato evli kald\u0131\u011f\u0131 s\u00fcre\u00e7te kad\u0131nlar\u0131n yeterince s\u00f6z hakk\u0131na sahip olmad\u0131\u011f\u0131n\u0131 ve uzun y\u0131llar s\u00f6z s\u00f6ylemeden ve sevgisini g\u00f6stermeden ya\u015fad\u0131\u011f\u0131n\u0131 ifade etti.<\/p>\n\n\n\n<p>B\u0130Z B\u0130R \u015eEYLER\u0130N KOPYASINI YAPARAK Y\u00dcR\u00dcYORUZ<\/p>\n\n\n\n<p>Kato, \u201cGelene\u011fe ne gerek var, biz Avrupal\u0131y\u0131z, biz Avrupa sanat\u0131 \u00fczerine \u00e7al\u0131\u015fmal\u0131y\u0131z deniyor. Ve her \u015fey Avrupa \u00fczerine, bat\u0131 \u00fczerine \u00e7al\u0131\u015f\u0131l\u0131yor bu da bizim kompleksimiz tabi ki. Bat\u0131 durdu Amerika durdu. Do\u011fu\u2019ya bak\u0131yor, \u00c7in\u2019den etkileniyor, Hindistan\u2019dan etkileniyor, \u0130ran\u2019dan esinleniyor edebiyattan ve her konuda y\u0131llard\u0131r do\u011fu k\u00fclt\u00fcr\u00fcnden esinleniyor. 20. y\u00fczy\u0131l\u0131n yeni gelene\u011fi ile yeni eserler \u00fcretmek bunu \u0130ran, Suriye, Irak, M\u0131s\u0131r yap\u0131yor. Ortado\u011fulu sanat\u00e7\u0131lar Avrupa\u2019ya ka\u00e7m\u0131\u015f. Bizden \u00e7\u0131km\u0131yor \u00e7\u00fcnk\u00fc biz hep bat\u0131l\u0131 olmak istemi\u015fiz. Biz bir \u015feylerin kopyas\u0131n\u0131 yaparak y\u00fcr\u00fcyoruz.\u201d \u015feklinde konu\u015ftu.<\/p>\n\n\n\n<p>ATAT\u00dcRK OLMASAYDI T\u00dcRK\u0130YE B\u00d6YLE OLMAZDI<\/p>\n\n\n\n<p>Her sanat\u00e7\u0131n\u0131n ve sanat\u0131n de\u011fi\u015fimi ve d\u00f6n\u00fc\u015f\u00fcm\u00fc oldu\u011funu ayn\u0131 \u015feyin 40 sene yap\u0131lmayaca\u011f\u0131n\u0131 s\u00f6yleyen Kato, \u201cGeleneksel sanatta da bir \u015feyin tekrar\u0131n\u0131 yapmay\u0131n. Tekrar\u0131n\u0131 \u00f6\u011frenmek i\u00e7in yap\u0131n \u00f6\u011frenin ama ba\u015fka \u015feylere ge\u00e7in. Cumhuriyet b\u00f6yle bir \u015fey, cumhuriyet o fakirlik d\u00f6neminde tren raylar\u0131n\u0131 yapm\u0131\u015f Anadolu\u2019ya trenler g\u00f6ndermi\u015f. \u00d6\u011fretmenler yeti\u015ftirmi\u015f, parayla da ilgili de\u011fil vizyonla ilgili Mustafa Kemal Atat\u00fcrk\u2019\u00fcn vizyonu yok kimsede. O olmasayd\u0131 T\u00fcrkiye b\u00f6yle olmazd\u0131. E\u011fitim ve vizyon \u00e7ok \u00f6nemli. Vizyonumuzu geli\u015ftirmek i\u00e7in elimizden geleni yapaca\u011f\u0131z. B\u00fct\u00fcn disiplinler i\u00e7in s\u00f6yl\u00fcyorum.\u201d dedi.<\/p>\n\n\n\n<p>T\u00f6renin sonunda Minyat\u00fcr sanat\u00e7\u0131s\u0131 G\u00fcnseli Kato\u2019ya Akdeniz \u00dcniversitesi Rekt\u00f6r\u00fc Prof. Dr. \u00d6zlenen \u00d6zkan taraf\u0131ndan \u00e7i\u00e7ek ve plaket takdimi ger\u00e7ekle\u015ftirildi.<\/p>\n\n\n\n<p>Akdeniz \u00dcniversitesi Rekt\u00f6rl\u00fc\u011f\u00fc \/ B\u00fclten<\/p>\n","protected":false},"excerpt":{"rendered":"<p>Akdeniz \u00dcniversitesi\u2019nde Cumhuriyetin 100. Y\u0131l\u0131nda \u201cCumhuriyet \u00d6ncesi ve Sonras\u0131nda Kad\u0131n ve Sanat\u201d Konferans\u0131 d\u00fczenlendi. Akdeniz \u00dcniversitesi G\u00fczel Sanatlar Fak\u00fcltesi taraf\u0131ndan Cumhuriyetin y\u00fcz\u00fcnc\u00fc ve G\u00fczel Sanatlar <a href=\"https:\/\/akdenizhaber.com.tr\/index.php\/2023\/10\/27\/cumhuriyette-kadin-ve-sanat-konferansi-duzenlendi\/\" class=\"read-more-link\">[more&#8230;]<\/a><\/p>\n","protected":false},"author":2,"featured_media":17094,"comment_status":"open","ping_status":"open","sticky":false,"template":"","format":"standard","meta":{"footnotes":""},"categories":[2],"tags":[],"class_list":["post-17093","post","type-post","status-publish","format-standard","has-post-thumbnail","hentry","category-gundem"],"_links":{"self":[{"href":"https:\/\/akdenizhaber.com.tr\/index.php\/wp-json\/wp\/v2\/posts\/17093","targetHints":{"allow":["GET"]}}],"collection":[{"href":"https:\/\/akdenizhaber.com.tr\/index.php\/wp-json\/wp\/v2\/posts"}],"about":[{"href":"https:\/\/akdenizhaber.com.tr\/index.php\/wp-json\/wp\/v2\/types\/post"}],"author":[{"embeddable":true,"href":"https:\/\/akdenizhaber.com.tr\/index.php\/wp-json\/wp\/v2\/users\/2"}],"replies":[{"embeddable":true,"href":"https:\/\/akdenizhaber.com.tr\/index.php\/wp-json\/wp\/v2\/comments?post=17093"}],"version-history":[{"count":0,"href":"https:\/\/akdenizhaber.com.tr\/index.php\/wp-json\/wp\/v2\/posts\/17093\/revisions"}],"wp:featuredmedia":[{"embeddable":true,"href":"https:\/\/akdenizhaber.com.tr\/index.php\/wp-json\/wp\/v2\/media\/17094"}],"wp:attachment":[{"href":"https:\/\/akdenizhaber.com.tr\/index.php\/wp-json\/wp\/v2\/media?parent=17093"}],"wp:term":[{"taxonomy":"category","embeddable":true,"href":"https:\/\/akdenizhaber.com.tr\/index.php\/wp-json\/wp\/v2\/categories?post=17093"},{"taxonomy":"post_tag","embeddable":true,"href":"https:\/\/akdenizhaber.com.tr\/index.php\/wp-json\/wp\/v2\/tags?post=17093"}],"curies":[{"name":"wp","href":"https:\/\/api.w.org\/{rel}","templated":true}]}}