{"id":17074,"date":"2023-10-26T14:32:52","date_gmt":"2023-10-26T11:32:52","guid":{"rendered":"https:\/\/akdenizhaber.com.tr\/?p=17074"},"modified":"2023-10-26T14:32:53","modified_gmt":"2023-10-26T11:32:53","slug":"manavgat-ilce-saglik-muduru-mustafa-er-unutmayalim-ki-inmeden-daha-gucluyuz","status":"publish","type":"post","link":"https:\/\/akdenizhaber.com.tr\/index.php\/2023\/10\/26\/manavgat-ilce-saglik-muduru-mustafa-er-unutmayalim-ki-inmeden-daha-gucluyuz\/","title":{"rendered":"Manavgat \u0130l\u00e7e Sa\u011fl\u0131k m\u00fcd\u00fcr\u00fc Mustafa Er; \u201cUnutmayal\u0131m ki \u0130nmeden Daha G\u00fc\u00e7l\u00fcy\u00fcz!\u201d"},"content":{"rendered":"\n<p><\/p>\n\n\n\n<p>Manavgat \u0130l\u00e7e Sa\u011fl\u0131k m\u00fcd\u00fcr\u00fc Mustafa Er,29 Ekim D\u00fcnya inme g\u00fcn\u00fc nedeniyle yaz\u0131l\u0131 bi,r bas\u0131n a\u00e7\u0131klamas\u0131 yapt\u0131.<\/p>\n\n\n\n<p>\u0130nme hastal\u0131\u011f\u0131ndan \u00f6nce doktora ba\u015fvurman\u0131n en iyi yol oldu\u011funa dikkat \u00e7eken il\u00e7e sa\u011fl\u0131k m\u00fcd\u00fcr\u00fc Mustafa Er konuyla ilgili \u015fu a\u00e7\u0131klamada bulundu.<\/p>\n\n\n\n<p>\u201c\u0130nme, beyin damar hastal\u0131klar\u0131 grubunda yer alan, beyin damarlar\u0131nda t\u0131kan\u0131kl\u0131k ya da beyinde kanama ile ortaya \u00e7\u0131kan bir hastal\u0131kt\u0131r. D\u00fcnya Sa\u011fl\u0131k Te\u015fkilat\u0131 verilerine g\u00f6re beyin damar hastal\u0131klar\u0131 (serebrovask\u00fcler hastal\u0131klar) d\u00fcnyada en fazla fonksiyon kayb\u0131na neden olan, ya\u015fam kalitesini olumsuz etkileyen ve \u00f6l\u00fcm nedeni olarak ikinci s\u0131rada yer alan hastal\u0131k grubudur.<\/p>\n\n\n\n<p>D\u00fcnya \u0130nme Te\u015fkilat\u0131 verilerine g\u00f6re; d\u00fcnya genelinde 101 milyon ki\u015fi inme sonras\u0131 geli\u015fen fel\u00e7 ile ya\u015fam\u0131n\u0131 s\u00fcrd\u00fcrmekte, her y\u0131l ortalama 12 milyon ki\u015fiye ilk kez inme tan\u0131s\u0131 konmakta ve 6,5 milyon ki\u015fi inme nedeni ile kaybedilmektedir. Ayr\u0131ca, 25 ya\u015f \u00fczeri her 4 ki\u015fiden 1\u2019inin hayatlar\u0131n\u0131n herhangi bir d\u00f6neminde inme ile kar\u015f\u0131 kar\u015f\u0131ya kalaca\u011f\u0131 \u00f6ng\u00f6r\u00fclmektedir.<\/p>\n\n\n\n<p>T\u00fcrkiye \u0130statistik Kurumu 2022 y\u0131l\u0131 \u00f6l\u00fcm ve \u00f6l\u00fcm nedeni istatistiklerine g\u00f6re, \u00fclkemizde, \u00f6l\u00fcmlerin %42,3&#8217;\u00fcn\u00fcn iskemik kalp hastal\u0131klar\u0131ndan, %23,5&#8217;inin di\u011fer kalp hastal\u0131klar\u0131ndan, %19,2&#8217;sinin beyin damar (serebrovask\u00fcler) hastal\u0131klardan kaynaklanmaktad\u0131r.<\/p>\n\n\n\n<p>Ciddiyeti ve artan g\u00f6r\u00fclme s\u0131kl\u0131\u011f\u0131 sebebiyle \u00f6nemli bir halk sa\u011fl\u0131\u011f\u0131 sorunu olan inme hastal\u0131\u011f\u0131na dikkat \u00e7ekmek i\u00e7in her y\u0131l\u0131n 29 Ekim g\u00fcn\u00fc \u201cD\u00fcnya \u0130nme G\u00fcn\u00fc\u201d olarak belirlenmi\u015ftir.\u0130lk kez 2006 y\u0131l\u0131nda D\u00fcnya \u0130nme Te\u015fkilat\u0131 \u00f6nderli\u011finde \u00e7e\u015fitli faaliyetler d\u00fczenlenen bug\u00fcn\u00fcn amac\u0131 \u201c\u0130nme \u00d6nlenebilir ve Tedavi Edilebilir Bir Hastal\u0131kt\u0131r\u201d ana ekseninde olu\u015fturulan tema ile, toplumsal bilgi d\u00fczeyini ve fark\u0131ndal\u0131\u011f\u0131 artt\u0131rmakt\u0131r. Buna istinaden 2023 y\u0131l\u0131n\u0131n temas\u0131 inmenin \u00f6nlenmesi ve belirtileri hakk\u0131nda daha fazla bilgi sahibi olunmas\u0131 ve hayatlar\u0131n kurutulabilece\u011finden yola \u00e7\u0131k\u0131larak\u201c \u0130nmeden Daha G\u00fc\u00e7l\u00fcy\u00fcz (GreaterThanStroke)\u201d olarak belirlenmi\u015ftir.<\/p>\n\n\n\n<p>\u0130nmenin risk fakt\u00f6rleri aras\u0131nda sa\u011fl\u0131ks\u0131z beslenme, fiziksel hareketsizlik, alkol kullan\u0131m\u0131, t\u00fct\u00fcn kullan\u0131m\u0131, hava kirlili\u011fi, y\u00fcksek tansiyon, y\u00fcksek kolesterol, obezite ve diyabetin bulundu\u011fu; aile ge\u00e7mi\u015fi, stres, etnik k\u00f6ken, cinsiyet ve ya\u015f fakt\u00f6rlerinin beyin damar hastal\u0131klar\u0131 ve inmenin geli\u015fmesini etkiledi\u011fi g\u00f6r\u00fclmektedir. Dolay\u0131s\u0131yla risk fakt\u00f6rleriyle m\u00fccadele etmek beyin damar hastal\u0131klar\u0131 ve inmeden korunmada ya da ilerlemesini durdurmada birincil korunma y\u00f6ntemidir. Yap\u0131lan ara\u015ft\u0131rmalar g\u00f6stermektedir ki inme, risk fakt\u00f6rleri ile m\u00fccadele etmek ve yap\u0131lacak ufak ya\u015fam tarz\u0131 de\u011fi\u015fiklikleri ile %90 oran\u0131nda \u00f6nlenebilmektedir.<\/p>\n\n\n\n<p>Bunun yan\u0131 s\u0131ra beyin damar hastal\u0131klar\u0131 ve inmenin erken te\u015fhisi, etkili tedavisi ve izlenmesi yoluyla s\u00f6z konusu hastal\u0131klar\u0131n ilerlemesinin durdurulmas\u0131 ve bu hastal\u0131klara ba\u011fl\u0131 yeni hastal\u0131k olu\u015fmas\u0131n\u0131 engellemesi en \u00f6nemli m\u00fccadele basamaklar\u0131ndan biridir.&nbsp;<\/p>\n\n\n\n<p>Bakanl\u0131\u011f\u0131m\u0131z, konunun \u00f6nemine binaen, ilgili taraflar\u0131n katk\u0131 ve kat\u0131l\u0131mlar\u0131yla \u201cT\u00fcrkiye Kalp ve Damar Hastal\u0131klar\u0131 \u00d6nleme ve Kontrol Program\u0131n\u0131 (2021-2026)\u201dhaz\u0131rlam\u0131\u015f olup bu program kapsam\u0131nda inme hakk\u0131nda toplumsal fark\u0131ndal\u0131\u011f\u0131, erken tan\u0131 ve tedavi standartlar\u0131n\u0131 olu\u015fturarak hastal\u0131k y\u00fck\u00fcn\u00fc azaltmak amac\u0131yla \u00e7e\u015fitli faaliyetler y\u00fcr\u00fctmektedir.<\/p>\n\n\n\n<p>Bu ama\u00e7la \u201cBirinci Basamak Sa\u011fl\u0131k Hizmetlerine Y\u00f6nelik Beyin Damar Hastal\u0131klar\u0131 ve \u0130nme \u0130\u00e7in \u0130zlem K\u0131lavuzu\u201d haz\u0131rlanm\u0131\u015f, birinci basamak sa\u011fl\u0131k hizmet sunucular\u0131n\u0131n kronik hastal\u0131klar\u0131n erken te\u015fhisi, etkili tedavisi ve izlemlerinde daha etkin y\u00fcr\u00fctmeleri i\u00e7in haz\u0131rlanan Hastal\u0131k Y\u00f6netimi Platformu (HYP) uygulamas\u0131 kapsam\u0131nda \u201c\u0130nme \u0130zlem K\u0131lavuzu\u201d mod\u00fcl\u00fc geli\u015ftirilmi\u015ftir.<\/p>\n\n\n\n<p>\u0130nmeden korunmak i\u00e7in;<\/p>\n\n\n\n<p>Aile hekiminize ba\u015fvurun!<\/p>\n\n\n\n<p>Risk de\u011ferlendirmenizi yapt\u0131r\u0131n!<\/p>\n\n\n\n<p>Sa\u011fl\u0131kl\u0131 beslenin!<\/p>\n\n\n\n<p>Hareket edin!<\/p>\n\n\n\n<p>Sigaradan uzak durun!<\/p>\n\n\n\n<p>Unutmayal\u0131m ki \u0130nmeden Daha G\u00fc\u00e7l\u00fcy\u00fcz!\u201d<br>(Haber Merkezi)<\/p>\n","protected":false},"excerpt":{"rendered":"<p>Manavgat \u0130l\u00e7e Sa\u011fl\u0131k m\u00fcd\u00fcr\u00fc Mustafa Er,29 Ekim D\u00fcnya inme g\u00fcn\u00fc nedeniyle yaz\u0131l\u0131 bi,r bas\u0131n a\u00e7\u0131klamas\u0131 yapt\u0131. \u0130nme hastal\u0131\u011f\u0131ndan \u00f6nce doktora ba\u015fvurman\u0131n en iyi yol oldu\u011funa <a href=\"https:\/\/akdenizhaber.com.tr\/index.php\/2023\/10\/26\/manavgat-ilce-saglik-muduru-mustafa-er-unutmayalim-ki-inmeden-daha-gucluyuz\/\" class=\"read-more-link\">[more&#8230;]<\/a><\/p>\n","protected":false},"author":2,"featured_media":17075,"comment_status":"open","ping_status":"open","sticky":false,"template":"","format":"standard","meta":{"footnotes":""},"categories":[2],"tags":[],"class_list":["post-17074","post","type-post","status-publish","format-standard","has-post-thumbnail","hentry","category-gundem"],"_links":{"self":[{"href":"https:\/\/akdenizhaber.com.tr\/index.php\/wp-json\/wp\/v2\/posts\/17074","targetHints":{"allow":["GET"]}}],"collection":[{"href":"https:\/\/akdenizhaber.com.tr\/index.php\/wp-json\/wp\/v2\/posts"}],"about":[{"href":"https:\/\/akdenizhaber.com.tr\/index.php\/wp-json\/wp\/v2\/types\/post"}],"author":[{"embeddable":true,"href":"https:\/\/akdenizhaber.com.tr\/index.php\/wp-json\/wp\/v2\/users\/2"}],"replies":[{"embeddable":true,"href":"https:\/\/akdenizhaber.com.tr\/index.php\/wp-json\/wp\/v2\/comments?post=17074"}],"version-history":[{"count":0,"href":"https:\/\/akdenizhaber.com.tr\/index.php\/wp-json\/wp\/v2\/posts\/17074\/revisions"}],"wp:featuredmedia":[{"embeddable":true,"href":"https:\/\/akdenizhaber.com.tr\/index.php\/wp-json\/wp\/v2\/media\/17075"}],"wp:attachment":[{"href":"https:\/\/akdenizhaber.com.tr\/index.php\/wp-json\/wp\/v2\/media?parent=17074"}],"wp:term":[{"taxonomy":"category","embeddable":true,"href":"https:\/\/akdenizhaber.com.tr\/index.php\/wp-json\/wp\/v2\/categories?post=17074"},{"taxonomy":"post_tag","embeddable":true,"href":"https:\/\/akdenizhaber.com.tr\/index.php\/wp-json\/wp\/v2\/tags?post=17074"}],"curies":[{"name":"wp","href":"https:\/\/api.w.org\/{rel}","templated":true}]}}