{"id":17071,"date":"2023-10-26T14:32:16","date_gmt":"2023-10-26T11:32:16","guid":{"rendered":"https:\/\/akdenizhaber.com.tr\/?p=17071"},"modified":"2023-10-26T14:32:17","modified_gmt":"2023-10-26T11:32:17","slug":"vali-sahin-ogrencilere-bayrak-hediye-etti","status":"publish","type":"post","link":"https:\/\/akdenizhaber.com.tr\/index.php\/2023\/10\/26\/vali-sahin-ogrencilere-bayrak-hediye-etti\/","title":{"rendered":"Vali \u015eahin, \u00d6\u011frencilere Bayrak Hediye Etti"},"content":{"rendered":"\n<p><\/p>\n\n\n\n<p><br>Vali Hulusi \u015eahin, Cumhuriyetimizin 100. Y\u0131l D\u00f6n\u00fcm\u00fc Kutlama Etkinlikleri kapsam\u0131nda Z. Marsel-Z. Denizhan \u00d6ner \u0130lkokulu\/Ortaokulu\u2019nda \u00f6\u011frencilere bayrak hediye etti.<br>Antalya\u2019da Cumhuriyetimizin kurulu\u015funun 100\u2019\u00fcnc\u00fc y\u0131l d\u00f6n\u00fcm\u00fc etkinlikleri kapsam\u0131nda 275 bin \u00f6\u011frenciye T\u00fcrk Bayra\u011f\u0131 da\u011f\u0131t\u0131lmas\u0131 projesi, Vali Hulusi \u015eahin\u2019in Z. Marsel-Z. Denizhan \u00d6ner \u0130lkokulu\/Ortaokulu\u2019nda kat\u0131ld\u0131\u011f\u0131 programla ba\u015flad\u0131. Vali \u015eahin\u2019in \u00f6\u011frencilere bayrak hediye etti\u011fi programa, Konyaalt\u0131 Kaymakam\u0131 Rahmi K\u00f6se, \u0130l Milli E\u011fitim M\u00fcd\u00fcr\u00fc Salih Kaygusuz, \u00f6\u011fretmenler ve \u00f6\u011frenciler kat\u0131ld\u0131.<br>Bu Bayrak Ve Temsil Etti\u011fi De\u011ferler Art\u0131k Gen\u00e7lerimize Emanet<br>Cumhuriyet Bayram\u0131 co\u015fkusunu hep birlikte payla\u015fmak i\u00e7in 275 bin \u00f6\u011frenciye bayrak da\u011f\u0131t\u0131laca\u011f\u0131n\u0131 s\u00f6yleyen Vali \u015eahin; \u201cBizler Antalya\u2019daki 275 bin \u00f6\u011frencimizin hepsi i\u00e7in birer tane bayrak haz\u0131rlad\u0131k. Bu bayrak ve temsil etti\u011fi de\u011ferler art\u0131k gen\u00e7lerimize emanet. Siz gen\u00e7lerimiz sayesinde Cumhuriyet ilelebet payidar kalacak, T\u00fcrkiye cumhuriyeti ve devleti var olacak.\u201d dedi.<br>Vali \u015eahin konu\u015fmas\u0131n\u0131n ard\u0131ndan \u00f6\u011frencilere T\u00fcrk Bayra\u011f\u0131 hediye etti.<\/p>\n\n\n\n<p>Antalya Valili\u011fi \/ B\u00fclten<\/p>\n","protected":false},"excerpt":{"rendered":"<p>Vali Hulusi \u015eahin, Cumhuriyetimizin 100. Y\u0131l D\u00f6n\u00fcm\u00fc Kutlama Etkinlikleri kapsam\u0131nda Z. Marsel-Z. Denizhan \u00d6ner \u0130lkokulu\/Ortaokulu\u2019nda \u00f6\u011frencilere bayrak hediye etti.Antalya\u2019da Cumhuriyetimizin kurulu\u015funun 100\u2019\u00fcnc\u00fc y\u0131l d\u00f6n\u00fcm\u00fc etkinlikleri <a href=\"https:\/\/akdenizhaber.com.tr\/index.php\/2023\/10\/26\/vali-sahin-ogrencilere-bayrak-hediye-etti\/\" class=\"read-more-link\">[more&#8230;]<\/a><\/p>\n","protected":false},"author":2,"featured_media":17072,"comment_status":"open","ping_status":"open","sticky":false,"template":"","format":"standard","meta":{"footnotes":""},"categories":[2],"tags":[],"class_list":["post-17071","post","type-post","status-publish","format-standard","has-post-thumbnail","hentry","category-gundem"],"_links":{"self":[{"href":"https:\/\/akdenizhaber.com.tr\/index.php\/wp-json\/wp\/v2\/posts\/17071","targetHints":{"allow":["GET"]}}],"collection":[{"href":"https:\/\/akdenizhaber.com.tr\/index.php\/wp-json\/wp\/v2\/posts"}],"about":[{"href":"https:\/\/akdenizhaber.com.tr\/index.php\/wp-json\/wp\/v2\/types\/post"}],"author":[{"embeddable":true,"href":"https:\/\/akdenizhaber.com.tr\/index.php\/wp-json\/wp\/v2\/users\/2"}],"replies":[{"embeddable":true,"href":"https:\/\/akdenizhaber.com.tr\/index.php\/wp-json\/wp\/v2\/comments?post=17071"}],"version-history":[{"count":0,"href":"https:\/\/akdenizhaber.com.tr\/index.php\/wp-json\/wp\/v2\/posts\/17071\/revisions"}],"wp:featuredmedia":[{"embeddable":true,"href":"https:\/\/akdenizhaber.com.tr\/index.php\/wp-json\/wp\/v2\/media\/17072"}],"wp:attachment":[{"href":"https:\/\/akdenizhaber.com.tr\/index.php\/wp-json\/wp\/v2\/media?parent=17071"}],"wp:term":[{"taxonomy":"category","embeddable":true,"href":"https:\/\/akdenizhaber.com.tr\/index.php\/wp-json\/wp\/v2\/categories?post=17071"},{"taxonomy":"post_tag","embeddable":true,"href":"https:\/\/akdenizhaber.com.tr\/index.php\/wp-json\/wp\/v2\/tags?post=17071"}],"curies":[{"name":"wp","href":"https:\/\/api.w.org\/{rel}","templated":true}]}}