{"id":17068,"date":"2023-10-26T14:31:54","date_gmt":"2023-10-26T11:31:54","guid":{"rendered":"https:\/\/akdenizhaber.com.tr\/?p=17068"},"modified":"2023-10-26T14:31:55","modified_gmt":"2023-10-26T11:31:55","slug":"tutuncuden-yol-arkadaslarina-tesekkur","status":"publish","type":"post","link":"https:\/\/akdenizhaber.com.tr\/index.php\/2023\/10\/26\/tutuncuden-yol-arkadaslarina-tesekkur\/","title":{"rendered":"T\u00fct\u00fcnc\u00fc\u2019den Yol Arkada\u015flar\u0131na Te\u015fekk\u00fcr"},"content":{"rendered":"\n<p><\/p>\n\n\n\n<p>Akdeniz Belediyeler Birli\u011fi\u2019nin 2023 y\u0131l\u0131 son meclis toplant\u0131s\u0131nda konu\u015fan Kepez Belediyesi ve AKBB Ba\u015fkan\u0131 Hakan T\u00fct\u00fcnc\u00fc, &nbsp;10 y\u0131ll\u0131k zaman zarf\u0131nda 40 olan \u00fcye say\u0131s\u0131n\u0131 iki kat\u0131ndan fazla art\u0131ran Akdeniz Belediyeler Birli\u011fi\u2019nin, yerel y\u00f6netimler anlam\u0131nda \u00f6nemli bir g\u00fc\u00e7 oldu\u011funu s\u00f6yledi.<\/p>\n\n\n\n<p>Akdeniz Belediyeler Birli\u011fi Ola\u011fan Meclis Toplant\u0131s\u0131, Ba\u015fkan Hakan T\u00fct\u00fcnc\u00fc ba\u015fkanl\u0131\u011f\u0131nda ger\u00e7ekle\u015ftirildi. Meclis Toplant\u0131s\u0131nda; 2024 Y\u0131l\u0131 ve izleyen 2 y\u0131la ait b\u00fct\u00e7e, norm kadro kar\u015f\u0131l\u0131\u011f\u0131 s\u00f6zle\u015fmeli personel \u00e7al\u0131\u015ft\u0131r\u0131lmas\u0131na y\u00f6nelik g\u00fcndem maddeleri g\u00f6r\u00fc\u015f\u00fcld\u00fc. Akdeniz Belediyeler Birli\u011fi\u2019nin 2023 y\u0131l\u0131 son meclis toplant\u0131s\u0131nda konu\u015fan Kepez Belediyesi ve AKBB Ba\u015fkan\u0131 Hakan T\u00fct\u00fcnc\u00fc, birlik meclisinin 2023 y\u0131l\u0131 son toplant\u0131s\u0131n\u0131n \u00e7ok \u00f6zel bir yan\u0131 ve y\u00f6n\u00fcn\u00fcn oldu\u011funu s\u00f6yledi. &nbsp;Ba\u015fkan T\u00fct\u00fcnc\u00fc, \u201c10 y\u0131ll\u0131k g\u00fczel bir yolculu\u011fun art\u0131k son toplant\u0131s\u0131na geldik. D\u00f6nemin toplant\u0131s\u0131\u2026 Bu yolculu\u011fu bir k\u0131sm\u0131n\u0131zla 10 y\u0131l\u0131n tamam\u0131n\u0131, bir k\u0131sm\u0131n\u0131zla da son 5 y\u0131l\u0131n\u0131 birlikte beraberce y\u00fcr\u00fctt\u00fck. Son derece \u00f6nemli g\u00fczel bir \u00e7al\u0131\u015fmaya imza att\u0131k. 10 y\u0131ll\u0131k zaman zarf\u0131nda Belediyeler Birli\u011finin 40 olan \u00fcye say\u0131s\u0131n\u0131 iki kat\u0131ndan fazla artt\u0131rd\u0131k. Akdeniz Belediyeler Birli\u011fi, yerel y\u00f6netimler anlam\u0131nda \u00f6nemli bir g\u00fc\u00e7 oldu. Son derece faal bir 10 y\u0131l ge\u00e7ti. Bir yandan e\u011fitimler, bir yandan ziyaretler, bir yandan fuarlar, &nbsp;proje yar\u0131\u015fmalar\u0131 belediyelerimizin Ankara&#8217;da takip edilmesi laz\u0131m gelen i\u015flerinin takibi konusunda, belediyelerimizin ihtiya\u00e7lar\u0131 konusunda, desteklerin verilmesi konusunda ger\u00e7ekten \u00f6nemli \u00e7al\u0131\u015fmalar\u0131 birlikte beraberce tamamlam\u0131\u015f olduk. 10 y\u0131l \u00f6nce birlikte yola \u00e7\u0131kt\u0131\u011f\u0131m\u0131z arkada\u015flar\u0131m\u0131zdan aram\u0131zdan ayr\u0131lanlar oldu,&nbsp; kendilerine rabbimden rahmet diliyorum. Bakide kalan belediye ba\u015fkanlar\u0131m\u0131za ve meclis \u00fcyelerimize de selametler diliyorum.\u201d dedi.<\/p>\n\n\n\n<p>T\u00dcT\u00dcNC\u00dc\u2019DEN YOL ARKADA\u015eLARINA TE\u015eEKK\u00dcR<\/p>\n\n\n\n<p>\u201cMillete hizmet etmek, millete hizmet yolunda y\u00fcr\u00fcmek, geceyi g\u00fcnd\u00fcze katarak \u00e7al\u0131\u015fmak bunlar me\u015fakkatli i\u015fler. \u201cdiyerek s\u00f6zlerini s\u00fcrd\u00fcren Ba\u015fkan T\u00fct\u00fcnc\u00fc, \u201cAma g\u00fcn\u00fcn sonunda ortaya \u00e7\u0131kan ba\u015far\u0131larla birlikte bu yolculuk son derece onurlu, \u015ferefli, haysiyetli bir yolculuk. Biz vaktimizi, gen\u00e7li\u011fimizi Cenab-\u0131 Allah\u2019\u0131n bize vermi\u015f oldu\u011fu enerjiyi millete, memlekete hizmet yolunda harcayarak, art\u0131 de\u011ferler \u00fcreterek ge\u00e7irdi\u011fimiz s\u00fcrece hem d\u00fcnyevi hem de uhrevi bir\u00e7ok m\u00fckafatlarla takdir edilece\u011fimize inan\u0131yoruz. B\u00fct\u00fcn arkada\u015flar\u0131m\u0131z\u0131n bu 10 y\u0131ll\u0131k zaman zarf\u0131nda ortaya koyduklar\u0131 performans\u0131 tebrik ediyorum, kutluyorum. G\u00fczel bir 10 y\u0131l\u0131 hep birlikte hep beraber ge\u00e7irdik. Allah hepimizin yolunu a\u00e7\u0131k etsin.&nbsp; Yakla\u015fan se\u00e7imler sebebiyle her birinize yol a\u00e7\u0131kl\u0131\u011f\u0131 diliyorum.\u201d diye konu\u015ftu.<\/p>\n\n\n\n<p>Kepez Belediyesi \/ B\u00fclten<\/p>\n","protected":false},"excerpt":{"rendered":"<p>Akdeniz Belediyeler Birli\u011fi\u2019nin 2023 y\u0131l\u0131 son meclis toplant\u0131s\u0131nda konu\u015fan Kepez Belediyesi ve AKBB Ba\u015fkan\u0131 Hakan T\u00fct\u00fcnc\u00fc, &nbsp;10 y\u0131ll\u0131k zaman zarf\u0131nda 40 olan \u00fcye say\u0131s\u0131n\u0131 iki <a href=\"https:\/\/akdenizhaber.com.tr\/index.php\/2023\/10\/26\/tutuncuden-yol-arkadaslarina-tesekkur\/\" class=\"read-more-link\">[more&#8230;]<\/a><\/p>\n","protected":false},"author":2,"featured_media":17069,"comment_status":"open","ping_status":"open","sticky":false,"template":"","format":"standard","meta":{"footnotes":""},"categories":[2],"tags":[],"class_list":["post-17068","post","type-post","status-publish","format-standard","has-post-thumbnail","hentry","category-gundem"],"_links":{"self":[{"href":"https:\/\/akdenizhaber.com.tr\/index.php\/wp-json\/wp\/v2\/posts\/17068","targetHints":{"allow":["GET"]}}],"collection":[{"href":"https:\/\/akdenizhaber.com.tr\/index.php\/wp-json\/wp\/v2\/posts"}],"about":[{"href":"https:\/\/akdenizhaber.com.tr\/index.php\/wp-json\/wp\/v2\/types\/post"}],"author":[{"embeddable":true,"href":"https:\/\/akdenizhaber.com.tr\/index.php\/wp-json\/wp\/v2\/users\/2"}],"replies":[{"embeddable":true,"href":"https:\/\/akdenizhaber.com.tr\/index.php\/wp-json\/wp\/v2\/comments?post=17068"}],"version-history":[{"count":0,"href":"https:\/\/akdenizhaber.com.tr\/index.php\/wp-json\/wp\/v2\/posts\/17068\/revisions"}],"wp:featuredmedia":[{"embeddable":true,"href":"https:\/\/akdenizhaber.com.tr\/index.php\/wp-json\/wp\/v2\/media\/17069"}],"wp:attachment":[{"href":"https:\/\/akdenizhaber.com.tr\/index.php\/wp-json\/wp\/v2\/media?parent=17068"}],"wp:term":[{"taxonomy":"category","embeddable":true,"href":"https:\/\/akdenizhaber.com.tr\/index.php\/wp-json\/wp\/v2\/categories?post=17068"},{"taxonomy":"post_tag","embeddable":true,"href":"https:\/\/akdenizhaber.com.tr\/index.php\/wp-json\/wp\/v2\/tags?post=17068"}],"curies":[{"name":"wp","href":"https:\/\/api.w.org\/{rel}","templated":true}]}}