{"id":17065,"date":"2023-10-26T14:31:22","date_gmt":"2023-10-26T11:31:22","guid":{"rendered":"https:\/\/akdenizhaber.com.tr\/?p=17065"},"modified":"2023-10-26T14:31:23","modified_gmt":"2023-10-26T11:31:23","slug":"baskan-uysal-turizmcilerle-bir-araya-geldi","status":"publish","type":"post","link":"https:\/\/akdenizhaber.com.tr\/index.php\/2023\/10\/26\/baskan-uysal-turizmcilerle-bir-araya-geldi\/","title":{"rendered":"Ba\u015fkan Uysal turizmcilerle bir araya geldi"},"content":{"rendered":"\n<p><\/p>\n\n\n\n<p>Muratpa\u015fa Belediye Ba\u015fkan\u0131 \u00dcmit Uysal, Akdeniz Turistik Otelciler ve \u0130\u015fletmeciler Birli\u011fi\u2019nin (AKTOB) d\u00fczenledi\u011fi geleneksel ekim ay\u0131 yeme\u011fine kat\u0131ld\u0131.<\/p>\n\n\n\n<p>Bu y\u0131l cumhuriyetin kurulu\u015f y\u0131ld\u00f6n\u00fcm\u00fc temas\u0131yla ger\u00e7ekle\u015fen yemekte konu\u015fan Ba\u015fkan Uysal, turizmcilere \u201cSizler olmaz\u0131 oldurmu\u015f, \u015fartlara meydan okumu\u015f, b\u00fct\u00fcn istikrars\u0131zl\u0131klar\u0131n ortas\u0131nda b\u00fcy\u00fck istikrar \u00fcretebilmi\u015f bir sekt\u00f6r\u00fcn liderlerisiniz. T\u00fcrkiye\u2019mizin, \u015fehrimizin y\u00fcz ak\u0131s\u0131n\u0131z\u201d diye seslendi. Bu y\u0131l Cumhuriyet Bayram\u0131\u2019n\u0131 26 Ekim\u2019de ba\u015flayacak 8. Uluslararas\u0131 Kalei\u00e7i Old Town Festivali\u2019yle kutlayacaklar\u0131n\u0131 s\u00f6yleyen Ba\u015fkan Uysal bu festivalle Kalei\u00e7i\u2019nin tenha sokaklar\u0131n\u0131 canland\u0131rd\u0131klar\u0131n\u0131, ruhsats\u0131z bir\u00e7ok i\u015fletmeyi ruhsatland\u0131rarak ekonomiye kazand\u0131rd\u0131klar\u0131n\u0131 belirtti. Ba\u015fkan Uysal \u201cBu festivalin ilkinde 11 kenti biletlerini alarak zor ikna ederken bu y\u0131l 150 civar\u0131nda kent talepte bulundu ancak biz 40\u2019\u0131n\u0131 kabul edebildik. Aradaki 8 y\u0131lda b\u00f6yle bir tablo olu\u015ftu\u201d dedi.<\/p>\n\n\n\n<p>Muratpa\u015fa Belediyesi \/ B\u00fclten<\/p>\n","protected":false},"excerpt":{"rendered":"<p>Muratpa\u015fa Belediye Ba\u015fkan\u0131 \u00dcmit Uysal, Akdeniz Turistik Otelciler ve \u0130\u015fletmeciler Birli\u011fi\u2019nin (AKTOB) d\u00fczenledi\u011fi geleneksel ekim ay\u0131 yeme\u011fine kat\u0131ld\u0131. Bu y\u0131l cumhuriyetin kurulu\u015f y\u0131ld\u00f6n\u00fcm\u00fc temas\u0131yla ger\u00e7ekle\u015fen <a href=\"https:\/\/akdenizhaber.com.tr\/index.php\/2023\/10\/26\/baskan-uysal-turizmcilerle-bir-araya-geldi\/\" class=\"read-more-link\">[more&#8230;]<\/a><\/p>\n","protected":false},"author":2,"featured_media":17066,"comment_status":"open","ping_status":"open","sticky":false,"template":"","format":"standard","meta":{"footnotes":""},"categories":[2],"tags":[],"class_list":["post-17065","post","type-post","status-publish","format-standard","has-post-thumbnail","hentry","category-gundem"],"_links":{"self":[{"href":"https:\/\/akdenizhaber.com.tr\/index.php\/wp-json\/wp\/v2\/posts\/17065","targetHints":{"allow":["GET"]}}],"collection":[{"href":"https:\/\/akdenizhaber.com.tr\/index.php\/wp-json\/wp\/v2\/posts"}],"about":[{"href":"https:\/\/akdenizhaber.com.tr\/index.php\/wp-json\/wp\/v2\/types\/post"}],"author":[{"embeddable":true,"href":"https:\/\/akdenizhaber.com.tr\/index.php\/wp-json\/wp\/v2\/users\/2"}],"replies":[{"embeddable":true,"href":"https:\/\/akdenizhaber.com.tr\/index.php\/wp-json\/wp\/v2\/comments?post=17065"}],"version-history":[{"count":0,"href":"https:\/\/akdenizhaber.com.tr\/index.php\/wp-json\/wp\/v2\/posts\/17065\/revisions"}],"wp:featuredmedia":[{"embeddable":true,"href":"https:\/\/akdenizhaber.com.tr\/index.php\/wp-json\/wp\/v2\/media\/17066"}],"wp:attachment":[{"href":"https:\/\/akdenizhaber.com.tr\/index.php\/wp-json\/wp\/v2\/media?parent=17065"}],"wp:term":[{"taxonomy":"category","embeddable":true,"href":"https:\/\/akdenizhaber.com.tr\/index.php\/wp-json\/wp\/v2\/categories?post=17065"},{"taxonomy":"post_tag","embeddable":true,"href":"https:\/\/akdenizhaber.com.tr\/index.php\/wp-json\/wp\/v2\/tags?post=17065"}],"curies":[{"name":"wp","href":"https:\/\/api.w.org\/{rel}","templated":true}]}}