{"id":17062,"date":"2023-10-26T14:30:49","date_gmt":"2023-10-26T11:30:49","guid":{"rendered":"https:\/\/akdenizhaber.com.tr\/?p=17062"},"modified":"2023-10-26T14:30:49","modified_gmt":"2023-10-26T11:30:49","slug":"konyaaltinda-cumhuriyet-bir-baska-kutlanacak","status":"publish","type":"post","link":"https:\/\/akdenizhaber.com.tr\/index.php\/2023\/10\/26\/konyaaltinda-cumhuriyet-bir-baska-kutlanacak\/","title":{"rendered":"Konyaalt\u0131\u2019nda Cumhuriyet bir ba\u015fka kutlanacak"},"content":{"rendered":"\n<p><\/p>\n\n\n\n<p>Konyaalt\u0131 Belediyesi, Cumhuriyet\u2019in 100. y\u0131l\u0131n\u0131 co\u015fkuyla kutluyor. Kutlamalar kapsam\u0131nda 29 Ekim\u2019de \u00c7ok Sesli \u00c7ocuk Korosu konserinin ard\u0131ndan 1923 ki\u015fi zeybek oynayarak Ata\u2019y\u0131 selamlayacak. Ard\u0131ndan sahneye \u00e7\u0131kacak olan Leman Sam sevilen \u015fark\u0131lar\u0131n\u0131 vatanda\u015flarla beraber seslendirecek.<\/p>\n\n\n\n<p>100 y\u0131l \u00f6nce Gazi Mustafa Kemal Atat\u00fcrk \u00f6nderli\u011finde ilan edilen Cumhuriyet&#8217;in 100. y\u0131l\u0131 t\u00fcm yurtta oldu\u011fu gibi Konyaalt\u0131\u2019nda da b\u00fcy\u00fck bir co\u015fkuyla kutlan\u0131yor. Bayraklarla donat\u0131lan il\u00e7ede kutlamalar, 29 Ekim Pazar g\u00fcn\u00fc Konyaalt\u0131 Belediye Hizmet Binas\u0131 \u00f6n\u00fcnde ger\u00e7ekle\u015ftirilecek. Pazar g\u00fcn\u00fc saat 17.30\u2019da ba\u015flayacak etkinlikler kapsam\u0131nda ilk olarak Konyaalt\u0131 Belediyesi Oda Orkestras\u0131\u2019na ba\u011fl\u0131 \u00c7ok Sesli \u00c7ocuk Korosu seslendirece\u011fi \u015fark\u0131lar ve mar\u015flarla Cumhuriyet co\u015fkusunu ya\u015fatacak.<\/p>\n\n\n\n<p>1923 ZEYBEK ATA\u2019YI SELAMLIYOR<\/p>\n\n\n\n<p>Ard\u0131ndan saat 19.23\u2019te 1923 ki\u015fi ayn\u0131 anda zeybek oynayarak Ata\u2019y\u0131 selamlayacak. Provalar\u0131 t\u00fcm h\u0131z\u0131yla s\u00fcrd\u00fcren Zeybekler, Ata\u2019ya olan sevgi ve \u00f6zlemlerini Ata\u2019n\u0131n en sevdi\u011fi dans olan Zeybek ile g\u00f6sterecek.<\/p>\n\n\n\n<p>LEMAN SAM KONSER\u0130<\/p>\n\n\n\n<p>Belediye \u00f6n\u00fcndeki co\u015fku son olarak sevilen sanat\u00e7\u0131 Leman Sam\u2019\u0131n verece\u011fi konserle ta\u00e7lanacak. 20,30\u2019da ba\u015flayacak konserde Sam, ak\u0131llara kaz\u0131nan sevilen par\u00e7alar\u0131n\u0131 alan\u0131 dolduran binlerce vatanda\u015f i\u00e7in seslendirecek.<\/p>\n\n\n\n<p>BU CO\u015eKUYA ORTAK OLUN<\/p>\n\n\n\n<p>Cumhuriyet\u2019in 100. y\u0131l\u0131n\u0131 b\u00fcy\u00fck bir co\u015fkuyla kutlayacaklar\u0131n\u0131 dile getiren Konyaalt\u0131 Belediye Ba\u015fkan\u0131 Semih Esen, \u201c\u00c7ocuk koromuzun konseriyle ba\u015flayacak etkinliklerimiz 1923 zeybe\u011fimizin Ata\u2019m\u0131z\u0131 selamlamas\u0131yla devam edecek. Ard\u0131ndan sevilen sanat\u00e7\u0131m\u0131z Leman Sam konseriyle Cumhuriyet co\u015fkusu ya\u015fayaca\u011f\u0131z. Etkinli\u011fimize t\u00fcm vatanda\u015flar\u0131m\u0131z\u0131 bekliyoruz. Gelin Cumhuriyet co\u015fkusunu hep birlikte ya\u015fayal\u0131m\u201d dedi.<\/p>\n\n\n\n<p>Konyaalt\u0131 Belediyesi \/ B\u00fclten<\/p>\n","protected":false},"excerpt":{"rendered":"<p>Konyaalt\u0131 Belediyesi, Cumhuriyet\u2019in 100. y\u0131l\u0131n\u0131 co\u015fkuyla kutluyor. Kutlamalar kapsam\u0131nda 29 Ekim\u2019de \u00c7ok Sesli \u00c7ocuk Korosu konserinin ard\u0131ndan 1923 ki\u015fi zeybek oynayarak Ata\u2019y\u0131 selamlayacak. Ard\u0131ndan sahneye <a href=\"https:\/\/akdenizhaber.com.tr\/index.php\/2023\/10\/26\/konyaaltinda-cumhuriyet-bir-baska-kutlanacak\/\" class=\"read-more-link\">[more&#8230;]<\/a><\/p>\n","protected":false},"author":2,"featured_media":17063,"comment_status":"open","ping_status":"open","sticky":false,"template":"","format":"standard","meta":{"footnotes":""},"categories":[2],"tags":[],"class_list":["post-17062","post","type-post","status-publish","format-standard","has-post-thumbnail","hentry","category-gundem"],"_links":{"self":[{"href":"https:\/\/akdenizhaber.com.tr\/index.php\/wp-json\/wp\/v2\/posts\/17062","targetHints":{"allow":["GET"]}}],"collection":[{"href":"https:\/\/akdenizhaber.com.tr\/index.php\/wp-json\/wp\/v2\/posts"}],"about":[{"href":"https:\/\/akdenizhaber.com.tr\/index.php\/wp-json\/wp\/v2\/types\/post"}],"author":[{"embeddable":true,"href":"https:\/\/akdenizhaber.com.tr\/index.php\/wp-json\/wp\/v2\/users\/2"}],"replies":[{"embeddable":true,"href":"https:\/\/akdenizhaber.com.tr\/index.php\/wp-json\/wp\/v2\/comments?post=17062"}],"version-history":[{"count":0,"href":"https:\/\/akdenizhaber.com.tr\/index.php\/wp-json\/wp\/v2\/posts\/17062\/revisions"}],"wp:featuredmedia":[{"embeddable":true,"href":"https:\/\/akdenizhaber.com.tr\/index.php\/wp-json\/wp\/v2\/media\/17063"}],"wp:attachment":[{"href":"https:\/\/akdenizhaber.com.tr\/index.php\/wp-json\/wp\/v2\/media?parent=17062"}],"wp:term":[{"taxonomy":"category","embeddable":true,"href":"https:\/\/akdenizhaber.com.tr\/index.php\/wp-json\/wp\/v2\/categories?post=17062"},{"taxonomy":"post_tag","embeddable":true,"href":"https:\/\/akdenizhaber.com.tr\/index.php\/wp-json\/wp\/v2\/tags?post=17062"}],"curies":[{"name":"wp","href":"https:\/\/api.w.org\/{rel}","templated":true}]}}