{"id":17056,"date":"2023-10-26T14:29:50","date_gmt":"2023-10-26T11:29:50","guid":{"rendered":"https:\/\/akdenizhaber.com.tr\/?p=17056"},"modified":"2023-10-26T14:29:51","modified_gmt":"2023-10-26T11:29:51","slug":"100uncu-yil-heyecani-kenti-sardi","status":"publish","type":"post","link":"https:\/\/akdenizhaber.com.tr\/index.php\/2023\/10\/26\/100uncu-yil-heyecani-kenti-sardi\/","title":{"rendered":"100\u2019\u00fcnc\u00fc y\u0131l heyecan\u0131 kenti sard\u0131"},"content":{"rendered":"\n<p><\/p>\n\n\n\n<p>Antalya\u2019da Muratpa\u015fa Belediyesi, cumhuriyetin kurulu\u015funun 100\u2019\u00fcnc\u00fc y\u0131l\u0131 kutlamalar\u0131na say\u0131l\u0131 g\u00fcnler kala kentin ana caddelerini k\u0131rm\u0131z\u0131 beyazl\u0131 bayraklar ve dev Atat\u00fcrk posterleriyle donatt\u0131. 100\u2019\u00fcnc\u00fc y\u0131l co\u015fkusunu ya\u015famaya ba\u015flayan Antalya\u2019da, vatanda\u015flar ba\u015ftan sona s\u00fcslenen Tekelio\u011flu Caddesi\u2019nde hat\u0131ra foto\u011fraflar\u0131 \u00e7ekti.<\/p>\n\n\n\n<p>Muratpa\u015fa Belediyesi, T\u00fcrkiye Cumhuriyeti\u2019nin kurulu\u015funun 100\u2019\u00fcnc\u00fc y\u0131l\u0131n\u0131 bu y\u0131l 8\u2019incisi d\u00fczenlenecek Kalei\u00e7i Old Town Festivali\u2019yle birlikte kutlayacak. 26-29 Ekim tarihlerinde d\u00fczenlenecek festivalde, Antalya\u2019n\u0131n tarihi kent merkezi Kalei\u00e7i\u2019nin 33 ayn\u0131 noktas\u0131nda s\u00f6yle\u015filer, imza g\u00fcnleri, sanat \u00e7al\u0131\u015ftaylar\u0131, performans g\u00f6sterileri ve konserlerle 103 etkinlik ger\u00e7ekle\u015ftirilecek.<br>Bu y\u0131l 26 \u00fclkeden 40 \u015fehrin kat\u0131l\u0131m\u0131yla d\u00fczenlenecek festivalin merakla beklenen korteji 27 Ekim Cuma saat 18.00\u2019de Karaalio\u011flu Park\u0131\u2019ndan ba\u015flayacak. Kalei\u00e7i\u2019nin sokaklar\u0131nda devam edecek kortej, Kalei\u00e7i\u2019nin en iyi korunmu\u015f yap\u0131lar\u0131ndan olan ve ayn\u0131 zamanda Antalya\u2019n\u0131n simgelerinden Hadrian Kap\u0131s\u0131\u2019nda Ya\u015fl\u0131 Amca konseriyle sona erecek. Festivalde, Sertab Erener ise 28 Ekim Cumartesi, Muratpa\u015fa Atat\u00fcrk Kent Meydan\u0131\u2019nda sahne alacak. Konserin ba\u015flama saati ise 20.00.<br>Muratpa\u015fa Belediyesi, kutlama ve festival haz\u0131rl\u0131klar\u0131yla birlikte il\u00e7ede okullar ve esnafa 50 bin T\u00fcrk bayra\u011f\u0131 da\u011f\u0131tt\u0131. Bununla birlikte kentin ana ula\u015f\u0131m akslar\u0131 ve caddeleri de dev T\u00fcrk bayraklar\u0131 ve Atat\u00fcrk posterleriyle donat\u0131ld\u0131. Belediyenin ba\u015fkan sona k\u0131rm\u0131z\u0131 beyazl\u0131 bayraklarla donatt\u0131\u011f\u0131 caddelerden bir de Tekelio\u011flu Caddesi oldu. S\u00fcslemelerle Antalyal\u0131lar 100\u2019\u00fcnc\u00fc y\u0131l co\u015fkusunu ya\u015famaya ba\u015flarken vatanda\u015flar bayraklarla ba\u015ftan sona s\u00fcslenen caddede hat\u0131ra foto\u011fraflar\u0131 \u00e7ekti.<\/p>\n\n\n\n<p>Muratpa\u015fa Belediyesi \/ B\u00fclten<\/p>\n","protected":false},"excerpt":{"rendered":"<p>Antalya\u2019da Muratpa\u015fa Belediyesi, cumhuriyetin kurulu\u015funun 100\u2019\u00fcnc\u00fc y\u0131l\u0131 kutlamalar\u0131na say\u0131l\u0131 g\u00fcnler kala kentin ana caddelerini k\u0131rm\u0131z\u0131 beyazl\u0131 bayraklar ve dev Atat\u00fcrk posterleriyle donatt\u0131. 100\u2019\u00fcnc\u00fc y\u0131l co\u015fkusunu <a href=\"https:\/\/akdenizhaber.com.tr\/index.php\/2023\/10\/26\/100uncu-yil-heyecani-kenti-sardi\/\" class=\"read-more-link\">[more&#8230;]<\/a><\/p>\n","protected":false},"author":2,"featured_media":17057,"comment_status":"open","ping_status":"open","sticky":false,"template":"","format":"standard","meta":{"footnotes":""},"categories":[2],"tags":[],"class_list":["post-17056","post","type-post","status-publish","format-standard","has-post-thumbnail","hentry","category-gundem"],"_links":{"self":[{"href":"https:\/\/akdenizhaber.com.tr\/index.php\/wp-json\/wp\/v2\/posts\/17056","targetHints":{"allow":["GET"]}}],"collection":[{"href":"https:\/\/akdenizhaber.com.tr\/index.php\/wp-json\/wp\/v2\/posts"}],"about":[{"href":"https:\/\/akdenizhaber.com.tr\/index.php\/wp-json\/wp\/v2\/types\/post"}],"author":[{"embeddable":true,"href":"https:\/\/akdenizhaber.com.tr\/index.php\/wp-json\/wp\/v2\/users\/2"}],"replies":[{"embeddable":true,"href":"https:\/\/akdenizhaber.com.tr\/index.php\/wp-json\/wp\/v2\/comments?post=17056"}],"version-history":[{"count":0,"href":"https:\/\/akdenizhaber.com.tr\/index.php\/wp-json\/wp\/v2\/posts\/17056\/revisions"}],"wp:featuredmedia":[{"embeddable":true,"href":"https:\/\/akdenizhaber.com.tr\/index.php\/wp-json\/wp\/v2\/media\/17057"}],"wp:attachment":[{"href":"https:\/\/akdenizhaber.com.tr\/index.php\/wp-json\/wp\/v2\/media?parent=17056"}],"wp:term":[{"taxonomy":"category","embeddable":true,"href":"https:\/\/akdenizhaber.com.tr\/index.php\/wp-json\/wp\/v2\/categories?post=17056"},{"taxonomy":"post_tag","embeddable":true,"href":"https:\/\/akdenizhaber.com.tr\/index.php\/wp-json\/wp\/v2\/tags?post=17056"}],"curies":[{"name":"wp","href":"https:\/\/api.w.org\/{rel}","templated":true}]}}