{"id":17034,"date":"2023-10-25T14:00:23","date_gmt":"2023-10-25T11:00:23","guid":{"rendered":"https:\/\/akdenizhaber.com.tr\/?p=17034"},"modified":"2023-10-25T14:00:24","modified_gmt":"2023-10-25T11:00:24","slug":"alevi-kultur-derneginden-kaymakama-ziyaret","status":"publish","type":"post","link":"https:\/\/akdenizhaber.com.tr\/index.php\/2023\/10\/25\/alevi-kultur-derneginden-kaymakama-ziyaret\/","title":{"rendered":"Alevi K\u00fclt\u00fcr Derne\u011finden Kaymakama Ziyaret"},"content":{"rendered":"\n<p><\/p>\n\n\n\n<p>Alevi K\u00fclt\u00fcr Dernekleri Manavgat \u015eube ve Cemevi Ba\u015fkan\u0131 Sinan Akta\u015f ile y\u00f6netim kurulu \u00fcyeleri ge\u00e7ti\u011fimiz g\u00fcn Kaymakam Adil Karata\u015f\u2019\u0131 makam\u0131nda ziyaret etti.<\/p>\n\n\n\n<p>Ziyaretin amac\u0131n\u0131n yeni kaymakama g\u00f6revinde ba\u015far\u0131lar dilemek oldu\u011funu ifade eden Alevi K\u00fclt\u00fcr Derne\u011fi Ba\u015fkan\u0131 Sinan Akta\u015f;<\/p>\n\n\n\n<p>\u201cAlevi K\u00fclt\u00fcr Derne\u011fi ve Manavgat Cemevi Y\u00f6netim Kurulu Olarak Manavgat Kaymakam\u0131m\u0131z Adil Karata\u015f\u2019\u0131&nbsp; makam\u0131nda, Hay\u0131rl\u0131 Olsun Ziyaretinde Bulunarak kar\u015f\u0131l\u0131kl\u0131 fikir al\u0131\u015fveri\u015finde bulunduk, Say\u0131n Kaymakam\u0131m\u0131za Misafirperverli\u011finden Dolay\u0131 \u015eahs\u0131m, Y\u00f6netim Kurulumuz Ve de Kurumumuz Ad\u0131na \u00c7ok Te\u015fekk\u00fcr ediyor, \u00e7al\u0131\u015fmalar\u0131nda ba\u015far\u0131lar diliyoruz\u201d dedi.<\/p>\n\n\n\n<p>(Haber Merkezi)<\/p>\n","protected":false},"excerpt":{"rendered":"<p>Alevi K\u00fclt\u00fcr Dernekleri Manavgat \u015eube ve Cemevi Ba\u015fkan\u0131 Sinan Akta\u015f ile y\u00f6netim kurulu \u00fcyeleri ge\u00e7ti\u011fimiz g\u00fcn Kaymakam Adil Karata\u015f\u2019\u0131 makam\u0131nda ziyaret etti. Ziyaretin amac\u0131n\u0131n yeni <a href=\"https:\/\/akdenizhaber.com.tr\/index.php\/2023\/10\/25\/alevi-kultur-derneginden-kaymakama-ziyaret\/\" class=\"read-more-link\">[more&#8230;]<\/a><\/p>\n","protected":false},"author":2,"featured_media":17035,"comment_status":"open","ping_status":"open","sticky":false,"template":"","format":"standard","meta":{"footnotes":""},"categories":[2],"tags":[],"class_list":["post-17034","post","type-post","status-publish","format-standard","has-post-thumbnail","hentry","category-gundem"],"_links":{"self":[{"href":"https:\/\/akdenizhaber.com.tr\/index.php\/wp-json\/wp\/v2\/posts\/17034","targetHints":{"allow":["GET"]}}],"collection":[{"href":"https:\/\/akdenizhaber.com.tr\/index.php\/wp-json\/wp\/v2\/posts"}],"about":[{"href":"https:\/\/akdenizhaber.com.tr\/index.php\/wp-json\/wp\/v2\/types\/post"}],"author":[{"embeddable":true,"href":"https:\/\/akdenizhaber.com.tr\/index.php\/wp-json\/wp\/v2\/users\/2"}],"replies":[{"embeddable":true,"href":"https:\/\/akdenizhaber.com.tr\/index.php\/wp-json\/wp\/v2\/comments?post=17034"}],"version-history":[{"count":0,"href":"https:\/\/akdenizhaber.com.tr\/index.php\/wp-json\/wp\/v2\/posts\/17034\/revisions"}],"wp:featuredmedia":[{"embeddable":true,"href":"https:\/\/akdenizhaber.com.tr\/index.php\/wp-json\/wp\/v2\/media\/17035"}],"wp:attachment":[{"href":"https:\/\/akdenizhaber.com.tr\/index.php\/wp-json\/wp\/v2\/media?parent=17034"}],"wp:term":[{"taxonomy":"category","embeddable":true,"href":"https:\/\/akdenizhaber.com.tr\/index.php\/wp-json\/wp\/v2\/categories?post=17034"},{"taxonomy":"post_tag","embeddable":true,"href":"https:\/\/akdenizhaber.com.tr\/index.php\/wp-json\/wp\/v2\/tags?post=17034"}],"curies":[{"name":"wp","href":"https:\/\/api.w.org\/{rel}","templated":true}]}}