{"id":17031,"date":"2023-10-25T13:59:57","date_gmt":"2023-10-25T10:59:57","guid":{"rendered":"https:\/\/akdenizhaber.com.tr\/?p=17031"},"modified":"2023-10-25T13:59:57","modified_gmt":"2023-10-25T10:59:57","slug":"tas-heykel-sempozyumunda-sona-gelindi","status":"publish","type":"post","link":"https:\/\/akdenizhaber.com.tr\/index.php\/2023\/10\/25\/tas-heykel-sempozyumunda-sona-gelindi\/","title":{"rendered":"Ta\u015f Heykel Sempozyumu\u2019nda Sona Gelindi"},"content":{"rendered":"\n<p><\/p>\n\n\n\n<p>Manavgat Belediye Ba\u015fkan\u0131 \u015e\u00fckr\u00fc S\u00f6zen, 2 Ekim de ba\u015flayan ve Akdeniz \u00dcniversitesi G\u00fczel Sanatlar Fak\u00fcltesi i\u015fbirli\u011fiyle d\u00fczenlenen&nbsp; \u201c100. Y\u0131lda Cumhuriyet\u201d temal\u0131 4.Uluslaras\u0131 Ta\u015f Heykel Sempozyumu\u2019nda heykel \u00e7al\u0131\u015fmas\u0131 yapan sanat\u00e7\u0131lar\u0131 ziyaret etti.<\/p>\n\n\n\n<p>Yukar\u0131 Pazarc\u0131 Mahallesi Zeynel \u015eenol K\u00f6pr\u00fcs\u00fc \u0131rmak kenar\u0131 k\u0131y\u0131s\u0131nda yap\u0131m\u0131na devam edilen \u00e7al\u0131\u015fmalar hakk\u0131nda bilgi alan Ba\u015fkan \u015e\u00fckr\u00fc S\u00f6zen, ziyaretinde Akdeniz \u00dcniversitesi G\u00fczel Sanatlar Fak\u00fcltesi Heykel B\u00f6l\u00fcm Ba\u015fkan\u0131 Do\u00e7. Dr. Hanife Neris Y\u00fcksel ve sanat\u00e7\u0131larla bir araya geldi. Makedonya, Arnavutluk, \u0130ran, Belarus, M\u0131s\u0131r, Bulgaristan ve T\u00fcrkiye\u2019den 11 sanat\u00e7\u0131n\u0131n yapt\u0131\u011f\u0131 eserlerde, g\u00f6r\u00fcnt\u00fcler heykel \u015feklini almaya ba\u015flad\u0131.<\/p>\n\n\n\n<p>Manavgat Belediye Ba\u015fkan\u0131 \u015e\u00fckr\u00fc S\u00f6zen, Manavgat\u2019\u0131n sanat\u0131na katk\u0131 yapt\u0131klar\u0131 i\u00e7in heykeltra\u015flara te\u015fekk\u00fcr etti.<\/p>\n\n\n\n<p>Ba\u015fkan \u015e\u00fckr\u00fc S\u00f6zen, \u201cTa\u015f heykel sempozyumu nedeniyle kentimize gelerek sanat \u00e7al\u0131\u015fmas\u0131 yapan heykeltra\u015flar\u0131m\u0131z\u0131 ziyaret ettik. Ortaya \u00e7\u0131kan eserler, Manavgat\u2019\u0131m\u0131z\u0131n sanat hayat\u0131na b\u00fcy\u00fck katk\u0131 sunacak. Cumhuriyet\u2019imizin 100. Y\u0131l\u0131 nedeniyle yapt\u0131\u011f\u0131m\u0131z sempozyumunda 11 eser meydana gelecek. Bug\u00fcne kadar ise toplamda 36 eser kazand\u0131rd\u0131k kentimize. Sanat\u00e7\u0131lar\u0131m\u0131z\u0131n eserlerini tamamlamas\u0131yla ortaya \u00e7\u0131kan heykeller, Manavgat\u2019\u0131m\u0131z\u0131n muhtelif b\u00f6lgelerinde sergiye sunulacak. Sanat\u00e7\u0131lar\u0131m\u0131za verdi\u011fi emek ve katk\u0131lardan dolay\u0131 te\u015fekk\u00fcr ediyorum\u201d dedi. 4. Uluslararas\u0131 Ta\u015f Heykel Sempozyumu\u2019nda ortaya \u00e7\u0131kan eserlerin a\u00e7\u0131l\u0131\u015f\u0131 ise 28 Ekim Cumartesi g\u00fcn\u00fc saat 17.00 \u2018da Yukar\u0131 Pazarc\u0131 Mahallesi Irmak kenar\u0131nda ger\u00e7ekle\u015ftirilecek.<\/p>\n\n\n\n<p>Manavgat Belediyesi \/ B\u00fclten<\/p>\n","protected":false},"excerpt":{"rendered":"<p>Manavgat Belediye Ba\u015fkan\u0131 \u015e\u00fckr\u00fc S\u00f6zen, 2 Ekim de ba\u015flayan ve Akdeniz \u00dcniversitesi G\u00fczel Sanatlar Fak\u00fcltesi i\u015fbirli\u011fiyle d\u00fczenlenen&nbsp; \u201c100. Y\u0131lda Cumhuriyet\u201d temal\u0131 4.Uluslaras\u0131 Ta\u015f Heykel Sempozyumu\u2019nda <a href=\"https:\/\/akdenizhaber.com.tr\/index.php\/2023\/10\/25\/tas-heykel-sempozyumunda-sona-gelindi\/\" class=\"read-more-link\">[more&#8230;]<\/a><\/p>\n","protected":false},"author":2,"featured_media":17032,"comment_status":"open","ping_status":"open","sticky":false,"template":"","format":"standard","meta":{"footnotes":""},"categories":[2],"tags":[],"class_list":["post-17031","post","type-post","status-publish","format-standard","has-post-thumbnail","hentry","category-gundem"],"_links":{"self":[{"href":"https:\/\/akdenizhaber.com.tr\/index.php\/wp-json\/wp\/v2\/posts\/17031","targetHints":{"allow":["GET"]}}],"collection":[{"href":"https:\/\/akdenizhaber.com.tr\/index.php\/wp-json\/wp\/v2\/posts"}],"about":[{"href":"https:\/\/akdenizhaber.com.tr\/index.php\/wp-json\/wp\/v2\/types\/post"}],"author":[{"embeddable":true,"href":"https:\/\/akdenizhaber.com.tr\/index.php\/wp-json\/wp\/v2\/users\/2"}],"replies":[{"embeddable":true,"href":"https:\/\/akdenizhaber.com.tr\/index.php\/wp-json\/wp\/v2\/comments?post=17031"}],"version-history":[{"count":0,"href":"https:\/\/akdenizhaber.com.tr\/index.php\/wp-json\/wp\/v2\/posts\/17031\/revisions"}],"wp:featuredmedia":[{"embeddable":true,"href":"https:\/\/akdenizhaber.com.tr\/index.php\/wp-json\/wp\/v2\/media\/17032"}],"wp:attachment":[{"href":"https:\/\/akdenizhaber.com.tr\/index.php\/wp-json\/wp\/v2\/media?parent=17031"}],"wp:term":[{"taxonomy":"category","embeddable":true,"href":"https:\/\/akdenizhaber.com.tr\/index.php\/wp-json\/wp\/v2\/categories?post=17031"},{"taxonomy":"post_tag","embeddable":true,"href":"https:\/\/akdenizhaber.com.tr\/index.php\/wp-json\/wp\/v2\/tags?post=17031"}],"curies":[{"name":"wp","href":"https:\/\/api.w.org\/{rel}","templated":true}]}}