{"id":17028,"date":"2023-10-25T13:59:20","date_gmt":"2023-10-25T10:59:20","guid":{"rendered":"https:\/\/akdenizhaber.com.tr\/?p=17028"},"modified":"2023-10-25T13:59:21","modified_gmt":"2023-10-25T10:59:21","slug":"cumhuriyetin-100-yilinda-ataturku-anlama-konferansi","status":"publish","type":"post","link":"https:\/\/akdenizhaber.com.tr\/index.php\/2023\/10\/25\/cumhuriyetin-100-yilinda-ataturku-anlama-konferansi\/","title":{"rendered":"Cumhuriyet\u2019in 100. Y\u0131l\u0131nda Atat\u00fcrk\u2019\u00fc Anlama Konferans\u0131"},"content":{"rendered":"\n<p><\/p>\n\n\n\n<p>Akdeniz \u00dcniversitesi Atat\u00fcrk \u0130lkeleri ve \u0130nk\u0131lap Tarihi Ara\u015ft\u0131rma ve Uygulama Merkezi taraf\u0131ndan Cumhuriyet\u2019in 100. Y\u0131l\u0131nda Atat\u00fcrk\u2019\u00fc Anlaman\u0131n Neresindeyiz Konferans\u0131 d\u00fczenlendi.<\/p>\n\n\n\n<p>Akdeniz \u00dcniversitesi Atat\u00fcrk \u0130lkeleri ve \u0130nk\u0131lap Tarihi Ara\u015ft\u0131rma ve Uygulama Merkezi taraf\u0131ndan Atat\u00fcrk Konferans Salonu\u2019nda d\u00fczenlenen programa Rekt\u00f6r Yard\u0131mc\u0131s\u0131 Prof. Dr. Cengiz Toker, Atat\u00fcrk \u0130lkeleri ve \u0130nk\u0131lap Tarihi Ara\u015ft\u0131rma ve Uygulama Merkezi M\u00fcd\u00fcr\u00fc Do\u00e7. Dr. Leyla Dervi\u015f, Dokuz Eyl\u00fcl \u00dcniversitesi Atat\u00fcrk \u0130lkeleri ve \u0130nk\u0131lap Tarihi Enstit\u00fc M\u00fcd\u00fcr\u00fc Prof. Dr. Kemal Ar\u0131, akademisyenler ve vatanda\u015flar kat\u0131ld\u0131.<\/p>\n\n\n\n<p>BULUNDU\u011eUMUZ KONUMLARIMIZI CUMHUR\u0130YETE BOR\u00c7LUYUZ<\/p>\n\n\n\n<p>Akdeniz \u00dcniversitesi olarak Cumhuriyetin de\u011ferlerine sahip \u00e7\u0131kt\u0131klar\u0131n\u0131 s\u00f6yleyen Akdeniz \u00dcniversitesi Rekt\u00f6r Yard\u0131mc\u0131s\u0131 Prof. Dr. Cengiz Toker, \u201cAtat\u00fcrk \u0130lkeleri ve \u0130nk\u0131lap Tarihi Ara\u015ft\u0131rma ve Uygulama Merkezimizde yapt\u0131klar\u0131 \u00e7al\u0131\u015fmalarla ge\u00e7mi\u015fte ya\u015fanan tarihimize gelecek ku\u015faklara aktarmak i\u00e7in g\u00fczel \u00e7al\u0131\u015fmalara imza at\u0131yor eme\u011fi ge\u00e7enlere te\u015fekk\u00fcr ediyorum.\u201d dedi. Prof. Dr. Cengiz Toker, \u201cCumhuriyetin ge\u00e7mi\u015ften ald\u0131\u011f\u0131m\u0131z g\u00fc\u00e7 ile gelecek nesillerin hayat\u0131n\u0131 \u015fekillendirece\u011fini ve bu gen\u00e7li\u011fin \u00fclkemizin bir gelece\u011fi oldu\u011funu d\u00fc\u015f\u00fcn\u00fcyorum. 100 y\u0131ld\u0131r ya\u015fad\u0131\u011f\u0131m\u0131z T\u00fcrkiye Cumhuriyeti\u2019nde her birimiz cumhuriyete \u00e7ok \u015fey bor\u00e7luyuz. Demokrasi ve cumhuriyet olmasayd\u0131 Anadolu\u2019nun bir k\u00f6y\u00fcnden \u00e7\u0131kan bir ki\u015fi y\u00f6netici ya da akademisyen olamayacakt\u0131. Bizler bug\u00fcn bulundu\u011fumuz konumlar\u0131m\u0131z\u0131 cumhuriyete bor\u00e7luyuz. Bu borcumuzu da vatan\u0131n\u0131 en \u00e7ok seven g\u00f6revini en iyi yapand\u0131r d\u00fcsturuyla ger\u00e7ekle\u015ftirmeliyiz diye d\u00fc\u015f\u00fcn\u00fcyorum. Bu d\u00fc\u015f\u00fcncelerle Cumhuriyetimizin kazan\u0131lmas\u0131nda can\u0131n\u0131 ortaya koyan ba\u015fta Gazi Mustafa Kemal Atat\u00fcrk olmak \u00fczere gazilerimiz ve \u015fehitlerimizi \u015f\u00fckranla an\u0131yorum.\u201d \u015feklinde konu\u015ftu.<\/p>\n\n\n\n<p>29 EK\u0130M 1923T\u00dcRK\u0130YE CUMHUR\u0130YET\u0130&#8217;N\u0130N DO\u011eDU\u011eU B\u00dcY\u00dcK B\u0130R G\u00dcND\u00dcR<\/p>\n\n\n\n<p>Atat\u00fcrk \u0130lkeleri ve \u0130nk\u0131lap Tarihi Ara\u015ft\u0131rma ve Uygulama Merkezi M\u00fcd\u00fcr\u00fc Do\u00e7. Dr. Leyla Dervi\u015f, \u201c29 Ekim 1923, milletimizin ba\u011f\u0131ms\u0131zl\u0131k ve \u00f6zg\u00fcrl\u00fck m\u00fccadelesinin zaferle ta\u00e7land\u0131\u011f\u0131, T\u00fcrkiye Cumhuriyeti&#8217;nin do\u011fdu\u011fu b\u00fcy\u00fck bir g\u00fcnd\u00fcr. \u00c7ok mutluyuz, \u00e7ok k\u0131van\u00e7l\u0131y\u0131z. Cumhuriyetimizin kurucusu, b\u00fcy\u00fck \u00f6nderimiz Gazi Mustafa Kemal Atat\u00fcrk&#8217;\u00fcn \u00f6nderli\u011finde, milletimiz tarihinin en b\u00fcy\u00fck d\u00f6n\u00fc\u015f\u00fcm\u00fcn\u00fc ger\u00e7ekle\u015ftirdi. Cumhuriyet, \u00e7a\u011fda\u015fl\u0131k, bilim, e\u011fitim ve ilerleme i\u00e7in a\u00e7\u0131lan yoldu. O yolda emek veren herkes, bug\u00fcnk\u00fc g\u00fc\u00e7l\u00fc ve modern T\u00fcrkiye&#8217;nin temellerini atm\u0131\u015ft\u0131r. Bu i\u015f hi\u00e7bir zaman burada bir c\u00fcmleyle anlat\u0131ld\u0131\u011f\u0131 kadar kolay olmad\u0131. Bir imparatorluktan Cumhuriyet\u2019e do\u011fru giden yolu \u00e7ok iyi bilmek, anlamak, kavramak ve her zaman hat\u0131rlamak, her daim canl\u0131 tutmak zorunday\u0131z. \u00c7\u00fcnk\u00fc bu s\u00fcre\u00e7 y\u00fcce devletimizin gelece\u011fi a\u00e7\u0131s\u0131ndan \u00e7ok \u00f6nemli bir k\u0131lavuzdur.\u201d ifadelerini kulland\u0131.<\/p>\n\n\n\n<p>B\u0130RL\u0130\u011e\u0130M\u0130Z VE DAYANI\u015eMAMIZ B\u0130Z\u0130 DAHA DA G\u00dc\u00c7L\u00dc KILIYOR<\/p>\n\n\n\n<p>Prof. Dr. Leyla Dervi\u015f, \u201cCumhuriyetimiz, s\u0131n\u0131rlar\u0131 d\u0131\u015f\u0131nda olan devasa bir T\u00fcrk D\u00fcnyas\u0131 i\u00e7in her zaman bir \u00f6rnek, bir rol model olmu\u015ftur. Desteklerini ve dualar\u0131n\u0131 hi\u00e7 eksik etmemi\u015flerdir. Bug\u00fcn de bu anlaml\u0131 etkinli\u011fimizde yan\u0131m\u0131zda olmak i\u00e7in, K\u0131rg\u0131zistan Cumhuriyeti\u2019nden k\u0131ymetli tarih\u00e7i hocalar\u0131m\u0131z gelmi\u015ftir. Hocalar\u0131m\u0131za ve ba\u015fta Abdrasul\u0130sakov hocam\u0131za te\u015fekk\u00fcr ediyorum. Biz bir milletiz. Farkl\u0131l\u0131klar\u0131m\u0131z bizi zenginle\u015ftirirken, birli\u011fimiz ve dayan\u0131\u015fmam\u0131z bizi daha da g\u00fc\u00e7l\u00fc k\u0131lar. 100 y\u0131l boyunca kazand\u0131\u011f\u0131m\u0131z deneyim ve birlik duygusu, bize her zorlu\u011fun \u00fcstesinden gelebilece\u011fimizi hat\u0131rlat\u0131r.\u201d dedi.<\/p>\n\n\n\n<p>Konu\u015fmalar\u0131n ard\u0131ndan Dokuz Eyl\u00fcl \u00dcniversitesi Atat\u00fcrk \u0130lkeleri ve \u0130nk\u0131lap Tarihi Enstit\u00fc M\u00fcd\u00fcr\u00fc Prof. Dr. Kemal Ar\u0131 \u201cAtat\u00fcrk\u2019\u00fc Anlaman\u0131n Neresindeyiz\u201d adl\u0131 konferans konu\u015fmas\u0131n\u0131 ger\u00e7ekle\u015ftirdi. Konferans sonunda Prof. Dr. Kemal Ar\u0131\u2019ya te\u015fekk\u00fcr edilerek \u00e7i\u00e7ek takdimi ger\u00e7ekle\u015ftirildi.<\/p>\n\n\n\n<p>Akdeniz \u00dcniversitesi \/ Rekt\u00f6rl\u00fc\u011f\u00fc<\/p>\n","protected":false},"excerpt":{"rendered":"<p>Akdeniz \u00dcniversitesi Atat\u00fcrk \u0130lkeleri ve \u0130nk\u0131lap Tarihi Ara\u015ft\u0131rma ve Uygulama Merkezi taraf\u0131ndan Cumhuriyet\u2019in 100. Y\u0131l\u0131nda Atat\u00fcrk\u2019\u00fc Anlaman\u0131n Neresindeyiz Konferans\u0131 d\u00fczenlendi. Akdeniz \u00dcniversitesi Atat\u00fcrk \u0130lkeleri ve <a href=\"https:\/\/akdenizhaber.com.tr\/index.php\/2023\/10\/25\/cumhuriyetin-100-yilinda-ataturku-anlama-konferansi\/\" class=\"read-more-link\">[more&#8230;]<\/a><\/p>\n","protected":false},"author":2,"featured_media":17029,"comment_status":"open","ping_status":"open","sticky":false,"template":"","format":"standard","meta":{"footnotes":""},"categories":[2],"tags":[],"class_list":["post-17028","post","type-post","status-publish","format-standard","has-post-thumbnail","hentry","category-gundem"],"_links":{"self":[{"href":"https:\/\/akdenizhaber.com.tr\/index.php\/wp-json\/wp\/v2\/posts\/17028","targetHints":{"allow":["GET"]}}],"collection":[{"href":"https:\/\/akdenizhaber.com.tr\/index.php\/wp-json\/wp\/v2\/posts"}],"about":[{"href":"https:\/\/akdenizhaber.com.tr\/index.php\/wp-json\/wp\/v2\/types\/post"}],"author":[{"embeddable":true,"href":"https:\/\/akdenizhaber.com.tr\/index.php\/wp-json\/wp\/v2\/users\/2"}],"replies":[{"embeddable":true,"href":"https:\/\/akdenizhaber.com.tr\/index.php\/wp-json\/wp\/v2\/comments?post=17028"}],"version-history":[{"count":0,"href":"https:\/\/akdenizhaber.com.tr\/index.php\/wp-json\/wp\/v2\/posts\/17028\/revisions"}],"wp:featuredmedia":[{"embeddable":true,"href":"https:\/\/akdenizhaber.com.tr\/index.php\/wp-json\/wp\/v2\/media\/17029"}],"wp:attachment":[{"href":"https:\/\/akdenizhaber.com.tr\/index.php\/wp-json\/wp\/v2\/media?parent=17028"}],"wp:term":[{"taxonomy":"category","embeddable":true,"href":"https:\/\/akdenizhaber.com.tr\/index.php\/wp-json\/wp\/v2\/categories?post=17028"},{"taxonomy":"post_tag","embeddable":true,"href":"https:\/\/akdenizhaber.com.tr\/index.php\/wp-json\/wp\/v2\/tags?post=17028"}],"curies":[{"name":"wp","href":"https:\/\/api.w.org\/{rel}","templated":true}]}}